{"id":144610,"date":"2024-10-17T10:20:26","date_gmt":"2024-10-17T13:20:26","guid":{"rendered":"https:\/\/senoticias.com.br\/se\/?p=144610"},"modified":"2024-10-17T17:25:14","modified_gmt":"2024-10-17T20:25:14","slug":"policia-federal-e-gaeco-sp-fazem-operacao-em-sergipe-e-mais-cinco-estados-do-brasil-contra-crimes-violentos","status":"publish","type":"post","link":"https:\/\/senoticias.com.br\/se\/policia-federal-e-gaeco-sp-fazem-operacao-em-sergipe-e-mais-cinco-estados-do-brasil-contra-crimes-violentos\/","title":{"rendered":"Pol\u00edcia Federal e GAECO\/SP fazem opera\u00e7\u00e3o em Sergipe e mais cinco estados do Brasil contra crimes violentos"},"content":{"rendered":"<p>A Pol\u00edcia Federal de Campinas (SP) e o Grupo de Atua\u00e7\u00e3o Especial de Combate ao Crime Organizado do Minist\u00e9rio P\u00fablico do Estado de S\u00e3o Paulo (GAECO\/SP) realizaram, na manh\u00e3 desta quinta-feira (17), uma opera\u00e7\u00e3o em seis estados contra uma quadrilha envolvida em crimes violentos, roubo de cargas, tr\u00e1fico de drogas e lavagem de dinheiro.<\/p>\n<div id=\"attachment_144611\" style=\"width: 529px\" class=\"wp-caption aligncenter\"><a href=\"https:\/\/senoticias.com.br\/se\/wp-content\/uploads\/2024\/10\/Gold-prime-se-noticias.jpg\"><img loading=\"lazy\" decoding=\"async\" aria-describedby=\"caption-attachment-144611\" class=\"size-full wp-image-144611\" src=\"https:\/\/senoticias.com.br\/se\/wp-content\/uploads\/2024\/10\/Gold-prime-se-noticias.jpg\" alt=\"\" width=\"519\" height=\"408\" srcset=\"https:\/\/senoticias.com.br\/se\/wp-content\/uploads\/2024\/10\/Gold-prime-se-noticias.jpg 519w, https:\/\/senoticias.com.br\/se\/wp-content\/uploads\/2024\/10\/Gold-prime-se-noticias-300x236.jpg 300w, https:\/\/senoticias.com.br\/se\/wp-content\/uploads\/2024\/10\/Gold-prime-se-noticias-45x35.jpg 45w\" sizes=\"(max-width: 519px) 100vw, 519px\" \/><\/a><p id=\"caption-attachment-144611\" class=\"wp-caption-text\"><br \/>Entre os itens apreendidos, destacam-se celulares aparentemente banhados a ouro, que ser\u00e3o submetidos \u00e0 per\u00edcia &#8211; Foto: ascom\/PF<\/p><\/div>\n<p>O grupo atua em v\u00e1rias regi\u00f5es do pa\u00eds, especialmente no eixo Sudeste-Nordeste, de acordo com a investiga\u00e7\u00e3o. No total, s\u00e3o cumpridos 19 mandados de pris\u00e3o tempor\u00e1ria e 21 de busca e apreens\u00e3o em S\u00e3o Paulo, Minas Gerais, Sergipe, Bahia, Pernambuco e Alagoas, todos expedidos pela 6\u00aa Vara Criminal da Comarca de Campinas.<\/p>\n<p><strong>Balan\u00e7o em Sergipe<\/strong><\/p>\n<p>Em Sergipe, de onde s\u00e3o os l\u00edderes do grupo criminoso, foram cumpridos 4 mandados de pris\u00e3o tempor\u00e1ria (2 em Aracaju, 1 em S\u00e3o Crist\u00f3v\u00e3o e 1 em Itabaiana), envolvendo 2 homens e 2 mulheres. Tamb\u00e9m foram executados 4 mandados de busca e apreens\u00e3o, resultando na apreens\u00e3o de documentos, celulares, computadores, objetos de valor e ve\u00edculos. Entre os itens apreendidos, destacam-se celulares aparentemente banhados a ouro, que ser\u00e3o submetidos \u00e0 per\u00edcia.<\/p>\n<p>Al\u00e9m dos mandados, a Justi\u00e7a determinou o bloqueio de R$ 380 milh\u00f5es em bens e valores ligados aos investigados.<\/p>\n<p>Fonte: ascom\/Pol\u00edcia Federal<\/p>\n<p><strong><em>Acompanhe tamb\u00e9m o SE Not\u00edcias no\u00a0<a href=\"https:\/\/www.instagram.com\/senoticias\/\" target=\"_blank\" rel=\"noreferrer noopener\">Instagram<\/a><\/em><\/strong>,\u00a0<strong><em>\u00a0<a href=\"https:\/\/www.facebook.com\/senoticias1\" target=\"_blank\" rel=\"noreferrer noopener\">Facebook<\/a>\u00a0e\u00a0no<\/em>\u00a0<em><a href=\"https:\/\/twitter.com\/Senoticias\">X<\/a><\/em><\/strong><\/p>\n","protected":false},"excerpt":{"rendered":"<p>A Pol\u00edcia Federal de Campinas (SP) e o Grupo de Atua\u00e7\u00e3o Especial de Combate ao Crime Organizado do Minist\u00e9rio P\u00fablico do Estado de S\u00e3o Paulo (GAECO\/SP) realizaram, na manh\u00e3 desta quinta-feira (17), uma opera\u00e7\u00e3o em seis estados contra uma quadrilha envolvida em crimes violentos, roubo de cargas, tr\u00e1fico de drogas e lavagem de dinheiro. O [&hellip;]<\/p>\n","protected":false},"author":6557,"featured_media":144611,"comment_status":"closed","ping_status":"closed","sticky":false,"template":"","format":"standard","meta":{"footnotes":""},"categories":[15,7],"tags":[10391,42436,1947],"class_list":{"0":"post-144610","1":"post","2":"type-post","3":"status-publish","4":"format-standard","5":"has-post-thumbnail","7":"category-destaques","8":"category-policia","9":"tag-crimes-violentos","10":"tag-operacao-ladinos","11":"tag-policia-federal"},"_links":{"self":[{"href":"https:\/\/senoticias.com.br\/se\/wp-json\/wp\/v2\/posts\/144610"}],"collection":[{"href":"https:\/\/senoticias.com.br\/se\/wp-json\/wp\/v2\/posts"}],"about":[{"href":"https:\/\/senoticias.com.br\/se\/wp-json\/wp\/v2\/types\/post"}],"author":[{"embeddable":true,"href":"https:\/\/senoticias.com.br\/se\/wp-json\/wp\/v2\/users\/6557"}],"replies":[{"embeddable":true,"href":"https:\/\/senoticias.com.br\/se\/wp-json\/wp\/v2\/comments?post=144610"}],"version-history":[{"count":0,"href":"https:\/\/senoticias.com.br\/se\/wp-json\/wp\/v2\/posts\/144610\/revisions"}],"wp:featuredmedia":[{"embeddable":true,"href":"https:\/\/senoticias.com.br\/se\/wp-json\/wp\/v2\/media\/144611"}],"wp:attachment":[{"href":"https:\/\/senoticias.com.br\/se\/wp-json\/wp\/v2\/media?parent=144610"}],"wp:term":[{"taxonomy":"category","embeddable":true,"href":"https:\/\/senoticias.com.br\/se\/wp-json\/wp\/v2\/categories?post=144610"},{"taxonomy":"post_tag","embeddable":true,"href":"https:\/\/senoticias.com.br\/se\/wp-json\/wp\/v2\/tags?post=144610"}],"curies":[{"name":"wp","href":"https:\/\/api.w.org\/{rel}","templated":true}]}}