{"id":144603,"date":"2024-10-16T16:23:23","date_gmt":"2024-10-16T19:23:23","guid":{"rendered":"https:\/\/senoticias.com.br\/se\/?p=144603"},"modified":"2024-10-16T16:26:12","modified_gmt":"2024-10-16T19:26:12","slug":"delegado-da-pf-e-encontrado-morto-em-centro-empresarial-de-rio-branco","status":"publish","type":"post","link":"https:\/\/senoticias.com.br\/se\/delegado-da-pf-e-encontrado-morto-em-centro-empresarial-de-rio-branco\/","title":{"rendered":"Delegado da PF \u00e9 encontrado morto em centro empresarial de Rio Branco"},"content":{"rendered":"<p>&nbsp;<\/p>\n<p>O delegado da Pol\u00edcia Federal (PF-AC) Fares Antoine Feghali, de 35 anos, foi encontrado morto na tarde desta ter\u00e7a-feira (15) em uma sala do Centro Empresarial, no Centro de Rio Branco. A informa\u00e7\u00e3o foi confirmada \u00e0 equipe da Rede Amaz\u00f4nica Acre pela pr\u00f3pria PF que estava no local isolando o espa\u00e7o.<\/p>\n<p>O Servi\u00e7o de Atendimento M\u00f3vel de Urg\u00eancia (Samu) foi acionado e atestou a morte do delegado. Ainda n\u00e3o foi divulgada a causa do \u00f3bito. O Instituto M\u00e9dico Legal (IML) foi acionado para fazer a per\u00edcia do local. A Pol\u00edcia Civil deve dar mais esclarecimentos em breve. A informa\u00e7\u00e3o \u00e9 do G1\/AC.<\/p>\n<div id=\"attachment_144604\" style=\"width: 600px\" class=\"wp-caption aligncenter\"><a href=\"https:\/\/senoticias.com.br\/se\/wp-content\/uploads\/2024\/10\/Delegado-encontrado-morto-se-noticias.jpg\"><img loading=\"lazy\" decoding=\"async\" aria-describedby=\"caption-attachment-144604\" class=\"size-full wp-image-144604\" src=\"https:\/\/senoticias.com.br\/se\/wp-content\/uploads\/2024\/10\/Delegado-encontrado-morto-se-noticias.jpg\" alt=\"\" width=\"590\" height=\"590\" srcset=\"https:\/\/senoticias.com.br\/se\/wp-content\/uploads\/2024\/10\/Delegado-encontrado-morto-se-noticias.jpg 590w, https:\/\/senoticias.com.br\/se\/wp-content\/uploads\/2024\/10\/Delegado-encontrado-morto-se-noticias-300x300.jpg 300w, https:\/\/senoticias.com.br\/se\/wp-content\/uploads\/2024\/10\/Delegado-encontrado-morto-se-noticias-150x150.jpg 150w\" sizes=\"(max-width: 590px) 100vw, 590px\" \/><\/a><p id=\"caption-attachment-144604\" class=\"wp-caption-text\">Fares Antoine Feghali tinha 35 anos e corpo foi encontrado dentro de uma sala comercial do Centro Empresarial de Rio Branco &#8211; Foto: arquivo \/ pessoal<\/p><\/div>\n<p>A Associa\u00e7\u00e3o Nacional dos Delegados de Pol\u00edcia Federal (ADPF) emitiu nota de pesar pela morte do delegado. &#8220;Neste momento de profunda tristeza, manifestamos aos familiares, amigos e colegas as mais sinceras condol\u00eancias&#8221;, disse um trecho da nota.<\/p>\n<p>O Minist\u00e9rio P\u00fablico (MP-AC) tamb\u00e9m se manifestou lamentando a morte de Feghali. O \u00f3rg\u00e3o diz que ele atuava como delegado desde 2016 e atuou em opera\u00e7\u00f5es de combate ao crime organizado. &#8220;Neste momento de grande tristeza, o MPAC, em nome dos Membros e Servidores, se solidariza com familiares e amigos, rogando a Deus que traga o conforto necess\u00e1rio&#8221;, falou.<\/p>\n<p>O governador Gladson Cameli e a mesa diretora da Assembleia Legislativa do Acre tamb\u00e9m emitiram notas de pesar lamentando o ocorrido.<\/p>\n<p>Graduado em Direito em 2012, Fares Feghali era delegado da PF-AC desde 2015, tinha especializa\u00e7\u00e3o em Advocacia Contratual e Responsabilidade Civil, Direito Internacional Aplicado e em Direito Penal e Processo Penal Aplicados.<\/p>\n<p>Um ano ap\u00f3s ter sido aprovado como delegado da PF, Feghali foi empossado como titular da fronteira do Acre em Epitaciol\u00e2ndia, no interior do estado. Ele foi ainda vice-diretor regional no Acre no per\u00edodo de 2017 a 2019.<\/p>\n<p>Em janeiro de 2021, foi designado para a fun\u00e7\u00e3o de chefe da Delegacia de Pol\u00edcia de Imigra\u00e7\u00e3o da PF-AC. Este ano, chegou a ser nomeado, interinamente, como superintendente regional da PF. Atualmente Feghali ocupava o cargo de delegado regional executivo do \u00f3rg\u00e3o no estado.<\/p>\n<p><strong><em>Acompanhe tamb\u00e9m o SE Not\u00edcias no\u00a0<a href=\"https:\/\/www.instagram.com\/senoticias\/\" target=\"_blank\" rel=\"noreferrer noopener\">Instagram<\/a><\/em><\/strong>,\u00a0<strong><em>\u00a0<a href=\"https:\/\/www.facebook.com\/senoticias1\" target=\"_blank\" rel=\"noreferrer noopener\">Facebook<\/a>\u00a0e\u00a0no<\/em>\u00a0<em><a href=\"https:\/\/twitter.com\/Senoticias\">X<\/a><\/em><\/strong><\/p>\n<p>Fonte: G1\/AC.<\/p>\n<p>&nbsp;<\/p>\n","protected":false},"excerpt":{"rendered":"<p>&nbsp; O delegado da Pol\u00edcia Federal (PF-AC) Fares Antoine Feghali, de 35 anos, foi encontrado morto na tarde desta ter\u00e7a-feira (15) em uma sala do Centro Empresarial, no Centro de Rio Branco. A informa\u00e7\u00e3o foi confirmada \u00e0 equipe da Rede Amaz\u00f4nica Acre pela pr\u00f3pria PF que estava no local isolando o espa\u00e7o. O Servi\u00e7o de [&hellip;]<\/p>\n","protected":false},"author":6557,"featured_media":144604,"comment_status":"closed","ping_status":"closed","sticky":false,"template":"","format":"standard","meta":{"footnotes":""},"categories":[15,7,1],"tags":[42429,42430],"class_list":{"0":"post-144603","1":"post","2":"type-post","3":"status-publish","4":"format-standard","5":"has-post-thumbnail","7":"category-destaques","8":"category-policia","9":"category-sem-categoria","10":"tag-delegado-da-pf-e-encontrado-morto","11":"tag-delegado-fares-antoine-feghali"},"_links":{"self":[{"href":"https:\/\/senoticias.com.br\/se\/wp-json\/wp\/v2\/posts\/144603"}],"collection":[{"href":"https:\/\/senoticias.com.br\/se\/wp-json\/wp\/v2\/posts"}],"about":[{"href":"https:\/\/senoticias.com.br\/se\/wp-json\/wp\/v2\/types\/post"}],"author":[{"embeddable":true,"href":"https:\/\/senoticias.com.br\/se\/wp-json\/wp\/v2\/users\/6557"}],"replies":[{"embeddable":true,"href":"https:\/\/senoticias.com.br\/se\/wp-json\/wp\/v2\/comments?post=144603"}],"version-history":[{"count":0,"href":"https:\/\/senoticias.com.br\/se\/wp-json\/wp\/v2\/posts\/144603\/revisions"}],"wp:featuredmedia":[{"embeddable":true,"href":"https:\/\/senoticias.com.br\/se\/wp-json\/wp\/v2\/media\/144604"}],"wp:attachment":[{"href":"https:\/\/senoticias.com.br\/se\/wp-json\/wp\/v2\/media?parent=144603"}],"wp:term":[{"taxonomy":"category","embeddable":true,"href":"https:\/\/senoticias.com.br\/se\/wp-json\/wp\/v2\/categories?post=144603"},{"taxonomy":"post_tag","embeddable":true,"href":"https:\/\/senoticias.com.br\/se\/wp-json\/wp\/v2\/tags?post=144603"}],"curies":[{"name":"wp","href":"https:\/\/api.w.org\/{rel}","templated":true}]}}