{"id":144600,"date":"2024-10-16T13:16:17","date_gmt":"2024-10-16T16:16:17","guid":{"rendered":"https:\/\/senoticias.com.br\/se\/?p=144600"},"modified":"2024-10-16T13:16:17","modified_gmt":"2024-10-16T16:16:17","slug":"publico-da-vila-da-crianca-contara-com-programacao-ludica-e-artistica-nesta-quarta-feira-16","status":"publish","type":"post","link":"https:\/\/senoticias.com.br\/se\/publico-da-vila-da-crianca-contara-com-programacao-ludica-e-artistica-nesta-quarta-feira-16\/","title":{"rendered":"P\u00fablico da Vila da Crian\u00e7a contar\u00e1 com programa\u00e7\u00e3o l\u00fadica e art\u00edstica nesta quarta-feira, 16"},"content":{"rendered":"<p class=\"p2\"><span class=\"s2\"><br \/>\n<span class=\"Apple-converted-space\">\u00a0 <\/span>Crian\u00e7as, fam\u00edlias sergipanas e turistas poder\u00e3o, mais uma vez, se reunir nesta quarta-feira, 16, na Vila da Crian\u00e7a, para aproveitar os espa\u00e7os recreativos e culturais do evento realizado pelo Governo do Estado, na Pra\u00e7a de Eventos da Orla da Atalaia, em Aracaju. A programa\u00e7\u00e3o, iniciada no \u00faltimo dia 7, segue at\u00e9 o dia\u00a0\u00a026 de outubro, sempre das 17h \u00e0s 22h.\u00a0<\/span><\/p>\n<div id=\"attachment_144602\" style=\"width: 609px\" class=\"wp-caption aligncenter\"><a href=\"https:\/\/senoticias.com.br\/se\/wp-content\/uploads\/2024\/10\/IMG_0290-e1729095332612.jpeg\"><img loading=\"lazy\" decoding=\"async\" aria-describedby=\"caption-attachment-144602\" class=\"size-full wp-image-144602\" src=\"https:\/\/senoticias.com.br\/se\/wp-content\/uploads\/2024\/10\/IMG_0290-e1729095332612.jpeg\" alt=\"\" width=\"599\" height=\"332\" \/><\/a><p id=\"caption-attachment-144602\" class=\"wp-caption-text\">Foto: Igor Matias<\/p><\/div>\n<p class=\"p2\"><span class=\"s2\">No Teatro da Vila, espa\u00e7o com capacidade para 80 pessoas e acesso gratuito, a quarta-feira contar\u00e1 com os espet\u00e1culos \u2018As Cabe\u00e7orras do Cotejo\u2019, do Grupo de Teatro Mamulengo de Cheiroso, \u00e0s 17h30, baseada em uma brincadeira t\u00edpica da cidade de Est\u00e2ncia, com bonecos gigantes e m\u00fasica ao vivo; \u2018Variedelas\u2019, da Cia Gentileza de Artes Integradas, \u00e0s 19h, com acrobacia, malabares, equil\u00edbrio e humor apresentadas pelas mulheres do grupo; e \u2018Balaio de Cantos, Contos e Encantos\u2019, do Coletivo C\u00eanico, \u00e0s 20h30, com foco em manifesta\u00e7\u00f5es populares de grupos folcl\u00f3ricos.<\/span><\/p>\n<p class=\"p2\"><span class=\"s2\">Outra atra\u00e7\u00e3o muito procurada pelo p\u00fablico, o Cinema da Vila exibir\u00e1 nesta quarta-feira os filmes &#8216;As aventuras de Seu Euclides: Parafusos&#8217;, \u00e0s 17h30; &#8216;Tia Ruth, uma hist\u00f3ria de amor&#8217;, com duas sess\u00f5es, a primeira \u00e0s 18h e a segunda \u00e0s 18h30; &#8216;Perlimps&#8217;, \u00e0s 19h; e &#8216;Al\u00e9m da Lenda&#8217;, \u00e0s 20h30. Com entrada gratuita, as sess\u00f5es ocorrem em uma sala climatizada para 100 espectadores.<\/span><\/p>\n<p class=\"p2\"><span class=\"s2\">Vila da Crian\u00e7a<\/span><\/p>\n<p class=\"p2\"><span class=\"s2\">Al\u00e9m da programa\u00e7\u00e3o art\u00edstica, a Vila da Crian\u00e7a conta com Arena Gamer, Aqu\u00e1rio de Recrea\u00e7\u00e3o, parque de divers\u00f5es com op\u00e7\u00f5es de brinquedos acess\u00edveis, casas tem\u00e1ticas e Minicidade.\u00a0<\/span><\/p>\n<p class=\"p2\"><span class=\"s2\">O espa\u00e7o tem ainda pra\u00e7a de alimenta\u00e7\u00e3o, espa\u00e7os para economia criativa e solid\u00e1ria, frald\u00e1rio, sala de amamenta\u00e7\u00e3o, al\u00e9m dos servi\u00e7os de apoio e seguran\u00e7a.<\/span><\/p>\n<p class=\"p2\"><span class=\"s2\">A Vila da Crian\u00e7a \u00e9 uma realiza\u00e7\u00e3o do Governo do Estado, por meio da Secretaria de Estado da Assist\u00eancia Social e Cidadania (Seasic) e da Funda\u00e7\u00e3o de Cultura e Arte Aperip\u00ea (Funcap), com patroc\u00ednio do Banese e apoio da Companhia de Saneamento de Sergipe (Deso), Netiz e Energisa.<\/span><\/p>\n<p class=\"p2\"><span class=\"s2\">Programa\u00e7\u00e3o do Teatro da Vila da Crian\u00e7a<\/span><\/p>\n<p class=\"p2\"><span class=\"s2\">Dia 16\/10 (quarta-feira)<\/span><\/p>\n<p class=\"p2\"><span class=\"s2\">17h30 &#8211; \u2018As Cabe\u00e7orras do Cotejo\u2019 &#8211; Grupo de Teatro Mamulengo de Cheiroso<\/span><\/p>\n<p class=\"p2\"><span class=\"s2\">19h &#8211; \u2018Variedelas\u2019 &#8211; Cia de Gentileza<\/span><\/p>\n<p class=\"p2\"><span class=\"s2\">20h30 &#8211; \u2018Balaio de Cantos, Contos e Encantos\u2019 &#8211; Coletivo C\u00eanico<\/span><\/p>\n<p class=\"p2\"><span class=\"s2\">Programa\u00e7\u00e3o do Cinema da Vila da Crian\u00e7a<\/span><\/p>\n<p class=\"p2\"><span class=\"s2\">Dia 16\/10 (quarta-feira)<\/span><\/p>\n<p class=\"p2\"><span class=\"s2\">17h30 &#8211; \u2018As aventuras de Seu Euclides: Parafusos\u2019<\/span><\/p>\n<p class=\"p2\"><span class=\"s2\">18h &#8211; \u2018Tia Ruth, uma hist\u00f3ria de amor\u2019<\/span><\/p>\n<p class=\"p2\"><span class=\"s2\">18h30 &#8211; \u2018Tia Ruth, uma hist\u00f3ria de amor\u2019\u00a0<\/span><\/p>\n<p class=\"p2\"><span class=\"s2\">19h &#8211; \u2018Perlimps\u2019<\/span><\/p>\n<p class=\"p2\"><span class=\"s2\">20h30 &#8211; \u2018Al\u00e9m da Lenda\u2019<\/span><\/p>\n<p><strong><em>Acompanhe tamb\u00e9m o SE Not\u00edcias no\u00a0<a href=\"https:\/\/www.instagram.com\/senoticias\/\" target=\"_blank\" rel=\"noreferrer noopener\">Instagram<\/a><\/em><\/strong>,\u00a0<strong><em>\u00a0<a href=\"https:\/\/www.facebook.com\/senoticias1\" target=\"_blank\" rel=\"noreferrer noopener\">Facebook<\/a>\u00a0e\u00a0no<\/em>\u00a0<em><a href=\"https:\/\/twitter.com\/Senoticias\">X<\/a><\/em><\/strong><\/p>\n<p>Fonte: Governo de Sert<\/p>\n","protected":false},"excerpt":{"rendered":"<p>\u00a0 Crian\u00e7as, fam\u00edlias sergipanas e turistas poder\u00e3o, mais uma vez, se reunir nesta quarta-feira, 16, na Vila da Crian\u00e7a, para aproveitar os espa\u00e7os recreativos e culturais do evento realizado pelo Governo do Estado, na Pra\u00e7a de Eventos da Orla da Atalaia, em Aracaju. A programa\u00e7\u00e3o, iniciada no \u00faltimo dia 7, segue at\u00e9 o dia\u00a0\u00a026 de [&hellip;]<\/p>\n","protected":false},"author":6557,"featured_media":0,"comment_status":"closed","ping_status":"closed","sticky":false,"template":"","format":"standard","meta":{"footnotes":""},"categories":[15,21],"tags":[42428,42370],"class_list":{"0":"post-144600","1":"post","2":"type-post","3":"status-publish","4":"format-standard","6":"category-destaques","7":"category-entretenimento","8":"tag-programacao-ludica","9":"tag-vila-da-crianca"},"_links":{"self":[{"href":"https:\/\/senoticias.com.br\/se\/wp-json\/wp\/v2\/posts\/144600"}],"collection":[{"href":"https:\/\/senoticias.com.br\/se\/wp-json\/wp\/v2\/posts"}],"about":[{"href":"https:\/\/senoticias.com.br\/se\/wp-json\/wp\/v2\/types\/post"}],"author":[{"embeddable":true,"href":"https:\/\/senoticias.com.br\/se\/wp-json\/wp\/v2\/users\/6557"}],"replies":[{"embeddable":true,"href":"https:\/\/senoticias.com.br\/se\/wp-json\/wp\/v2\/comments?post=144600"}],"version-history":[{"count":0,"href":"https:\/\/senoticias.com.br\/se\/wp-json\/wp\/v2\/posts\/144600\/revisions"}],"wp:attachment":[{"href":"https:\/\/senoticias.com.br\/se\/wp-json\/wp\/v2\/media?parent=144600"}],"wp:term":[{"taxonomy":"category","embeddable":true,"href":"https:\/\/senoticias.com.br\/se\/wp-json\/wp\/v2\/categories?post=144600"},{"taxonomy":"post_tag","embeddable":true,"href":"https:\/\/senoticias.com.br\/se\/wp-json\/wp\/v2\/tags?post=144600"}],"curies":[{"name":"wp","href":"https:\/\/api.w.org\/{rel}","templated":true}]}}