{"id":144598,"date":"2024-10-16T13:09:33","date_gmt":"2024-10-16T16:09:33","guid":{"rendered":"https:\/\/senoticias.com.br\/se\/?p=144598"},"modified":"2024-10-16T13:09:33","modified_gmt":"2024-10-16T16:09:33","slug":"policia-civil-prende-falso-tecnico-de-refrigeracao-investigado-por-aplicar-golpes-em-clientes-em-aracaju","status":"publish","type":"post","link":"https:\/\/senoticias.com.br\/se\/policia-civil-prende-falso-tecnico-de-refrigeracao-investigado-por-aplicar-golpes-em-clientes-em-aracaju\/","title":{"rendered":"Pol\u00edcia Civil prende falso t\u00e9cnico de refrigera\u00e7\u00e3o investigado por aplicar golpes em clientes em Aracaju"},"content":{"rendered":"<p class=\"p2\"><span class=\"s1\"> Equipes do Departamento de Crimes Contra o Patrim\u00f4nio (Depatri) cumpriram um mandado de pris\u00e3o preventiva contra um homem investigado por se passar por t\u00e9cnico de refrigera\u00e7\u00e3o para aplicar golpes em diversas v\u00edtimas. A a\u00e7\u00e3o policial ocorreu nessa ter\u00e7a-feira, 15, e foi divulgada nesta quarta-feira, 16.<\/span><\/p>\n<p><a href=\"https:\/\/senoticias.com.br\/se\/wp-content\/uploads\/2024\/10\/IMG_0289-e1729094911119.jpeg\"><img loading=\"lazy\" decoding=\"async\" class=\"alignnone size-full wp-image-144599\" src=\"https:\/\/senoticias.com.br\/se\/wp-content\/uploads\/2024\/10\/IMG_0289-e1729094911119.jpeg\" alt=\"\" width=\"599\" height=\"336\" \/><\/a><\/p>\n<p class=\"p2\"><span class=\"s1\">A investiga\u00e7\u00e3o teve in\u00edcio ap\u00f3s uma das v\u00edtimas relatar que sua geladeira apresentou defeito e, ao procurar por empresas de manuten\u00e7\u00e3o no Google, foi direcionada para uma p\u00e1gina de uma empresa renomada. Ao fazer contato via WhatsApp, a v\u00edtima foi atendida por uma suposta funcion\u00e1ria que encaminhou o contato de um t\u00e9cnico.<\/span><\/p>\n<p class=\"p2\"><span class=\"s1\">A visita foi agendada para o dia seguinte e, no dia marcado, o homem chegou \u00e0 resid\u00eancia da v\u00edtima vestido com um jaleco azul, t\u00edpico de um t\u00e9cnico de refrigera\u00e7\u00e3o, e portando uma maleta de ferramentas. Ap\u00f3s avaliar o eletrodom\u00e9stico, ele afirmou que o problema era relacionado ao g\u00e1s da geladeira.<\/span><\/p>\n<p class=\"p2\"><span class=\"s1\">No entanto, no dia seguinte, o problema na geladeira persistiu, e o suposto t\u00e9cnico n\u00e3o atendeu mais \u00e0s tentativas de contato da v\u00edtima, tampouco devolveu o valor cobrado.<\/span><\/p>\n<p class=\"p2\"><span class=\"s1\">Durante as investiga\u00e7\u00f5es, o Depatri constatou que o homem possu\u00eda diversos boletins de ocorr\u00eancia registrados por aplicar golpes semelhantes. Ele j\u00e1 havia sido condenado duas vezes por estelionato e respondia a mais um processo por estelionato, al\u00e9m de um caso de estupro de vulner\u00e1vel.<\/span><\/p>\n<p class=\"p2\"><span class=\"s1\">Diante da reincid\u00eancia e da habitualidade na pr\u00e1tica de crimes, a autoridade policial solicitou a pris\u00e3o preventiva do investigado, que foi deferida e cumprida pela equipe do Depatri.<\/span><\/p>\n<p class=\"p2\"><span class=\"s1\">A Pol\u00edcia Civil solicita que eventuais v\u00edtimas que ainda n\u00e3o tenham registrado o boletim de ocorr\u00eancia procurem o Depatri. Informa\u00e7\u00f5es e den\u00fancias sobre crimes e suspeitos de a\u00e7\u00f5es criminosas sejam repassadas \u00e0 pol\u00edcia por meio do Disque-Den\u00fancia, no telefone 181. O sigilo do denunciante \u00e9 garantido.<\/span><\/p>\n<p><strong><em>Acompanhe tamb\u00e9m o SE Not\u00edcias no\u00a0<a href=\"https:\/\/www.instagram.com\/senoticias\/\" target=\"_blank\" rel=\"noreferrer noopener\">Instagram<\/a><\/em><\/strong>,\u00a0<strong><em>\u00a0<a href=\"https:\/\/www.facebook.com\/senoticias1\" target=\"_blank\" rel=\"noreferrer noopener\">Facebook<\/a>\u00a0e\u00a0no<\/em>\u00a0<em><a href=\"https:\/\/twitter.com\/Senoticias\">X<\/a><\/em><\/strong><!--more--><\/p>\n","protected":false},"excerpt":{"rendered":"<p>Equipes do Departamento de Crimes Contra o Patrim\u00f4nio (Depatri) cumpriram um mandado de pris\u00e3o preventiva contra um homem investigado por se passar por t\u00e9cnico de refrigera\u00e7\u00e3o para aplicar golpes em diversas v\u00edtimas. A a\u00e7\u00e3o policial ocorreu nessa ter\u00e7a-feira, 15, e foi divulgada nesta quarta-feira, 16. A investiga\u00e7\u00e3o teve in\u00edcio ap\u00f3s uma das v\u00edtimas relatar que [&hellip;]<\/p>\n","protected":false},"author":6557,"featured_media":0,"comment_status":"closed","ping_status":"closed","sticky":false,"template":"","format":"standard","meta":{"footnotes":""},"categories":[15,7],"tags":[42427,78],"class_list":{"0":"post-144598","1":"post","2":"type-post","3":"status-publish","4":"format-standard","6":"category-destaques","7":"category-policia","8":"tag-falso-tecnico","9":"tag-policia-civil"},"_links":{"self":[{"href":"https:\/\/senoticias.com.br\/se\/wp-json\/wp\/v2\/posts\/144598"}],"collection":[{"href":"https:\/\/senoticias.com.br\/se\/wp-json\/wp\/v2\/posts"}],"about":[{"href":"https:\/\/senoticias.com.br\/se\/wp-json\/wp\/v2\/types\/post"}],"author":[{"embeddable":true,"href":"https:\/\/senoticias.com.br\/se\/wp-json\/wp\/v2\/users\/6557"}],"replies":[{"embeddable":true,"href":"https:\/\/senoticias.com.br\/se\/wp-json\/wp\/v2\/comments?post=144598"}],"version-history":[{"count":0,"href":"https:\/\/senoticias.com.br\/se\/wp-json\/wp\/v2\/posts\/144598\/revisions"}],"wp:attachment":[{"href":"https:\/\/senoticias.com.br\/se\/wp-json\/wp\/v2\/media?parent=144598"}],"wp:term":[{"taxonomy":"category","embeddable":true,"href":"https:\/\/senoticias.com.br\/se\/wp-json\/wp\/v2\/categories?post=144598"},{"taxonomy":"post_tag","embeddable":true,"href":"https:\/\/senoticias.com.br\/se\/wp-json\/wp\/v2\/tags?post=144598"}],"curies":[{"name":"wp","href":"https:\/\/api.w.org\/{rel}","templated":true}]}}