{"id":144540,"date":"2024-10-14T11:44:50","date_gmt":"2024-10-14T14:44:50","guid":{"rendered":"https:\/\/senoticias.com.br\/se\/?p=144540"},"modified":"2024-10-14T12:29:37","modified_gmt":"2024-10-14T15:29:37","slug":"yandra-moura-declara-neutralidade-em-disputa-ao-2-turno-de-aracaju","status":"publish","type":"post","link":"https:\/\/senoticias.com.br\/se\/yandra-moura-declara-neutralidade-em-disputa-ao-2-turno-de-aracaju\/","title":{"rendered":"Yandra Moura declara neutralidade em disputa ao 2\u00b0 turno de Aracaju"},"content":{"rendered":"<p>&nbsp;<\/p>\n<p>Durante coletiva com a imprensa nesta segunda-feira (14), a deputada federal Yandra Moura (Uni\u00e3o) anunciou sua posi\u00e7\u00e3o de neutralidade para o segundo turno das elei\u00e7\u00f5es municipais em Aracaju. Candidata a prefeita no primeiro turno, Yandra destacou seu respeito pela democracia e pela escolha popular, mas reafirmou seu compromisso em continuar trabalhando por Aracaju e fiscalizando o pr\u00f3ximo governo.<\/p>\n<p>\u201cConstru\u00edmos um plano de governo com as digitais das aracajuanas e dos aracajuanos, ouvindo a popula\u00e7\u00e3o. Tenho certeza de que era o melhor para nossa cidade, mas a maioria optou por outros caminhos, e eu respeito essa decis\u00e3o\u201d, declarou Yandra.<\/p>\n<p>A deputada fez quest\u00e3o de agradecer \u00e0 sua equipe de campanha, aos 162 candidatos a vereador de sua coliga\u00e7\u00e3o, e ao ex-governador Belivaldo Chagas, que foi seu vice na chapa. Ela tamb\u00e9m reconheceu o apoio de lideran\u00e7as comunit\u00e1rias e de deputados federais e estaduais que estiveram ao seu lado.<\/p>\n<p>Sobre o segundo turno, Yandra falou sobre as duas candidaturas restantes, afirmando que nenhuma delas representa a renova\u00e7\u00e3o que acredita ser necess\u00e1ria para a cidade. \u201cDe um lado, temos uma vereadora que n\u00e3o passa seguran\u00e7a de que far\u00e1 o que precisa ser feito. Do outro, uma candidatura que representa 16 anos de uma gest\u00e3o que teve avan\u00e7os, mas n\u00e3o resolveu os problemas mais graves da cidade, como sa\u00fade e transporte p\u00fablico\u201d, disse.<\/p>\n<p>&nbsp;<\/p>\n<div id=\"attachment_144547\" style=\"width: 603px\" class=\"wp-caption aligncenter\"><a href=\"https:\/\/senoticias.com.br\/se\/wp-content\/uploads\/2024\/10\/Yandra-se-Noticias.jpg\"><img loading=\"lazy\" decoding=\"async\" aria-describedby=\"caption-attachment-144547\" class=\"size-full wp-image-144547\" src=\"https:\/\/senoticias.com.br\/se\/wp-content\/uploads\/2024\/10\/Yandra-se-Noticias.jpg\" alt=\"\" width=\"593\" height=\"345\" srcset=\"https:\/\/senoticias.com.br\/se\/wp-content\/uploads\/2024\/10\/Yandra-se-Noticias.jpg 593w, https:\/\/senoticias.com.br\/se\/wp-content\/uploads\/2024\/10\/Yandra-se-Noticias-300x175.jpg 300w\" sizes=\"(max-width: 593px) 100vw, 593px\" \/><\/a><p id=\"caption-attachment-144547\" class=\"wp-caption-text\">Yandra se queixou das agress\u00f5es dos advers\u00e1rios \u00e0 fam\u00edlia dela &#8211; Foto: ascom\/divulga\u00e7\u00e3o<\/p><\/div>\n<p>Yandra tamb\u00e9m relatou ataques pessoais e viol\u00eancia de g\u00eanero que sofreu durante a campanha, reafirmando que n\u00e3o tem condi\u00e7\u00f5es de apoiar os candidatos que, segundo ela, a atacaram covardemente.<\/p>\n<p>Por fim, Yandra anunciou sua neutralidade, ressaltando que essa decis\u00e3o foi tomada em respeito ao governador F\u00e1bio Mitidieri e aos seus eleitores. \u201cEm respeito ao governador F\u00e1bio e \u00e0s dezenas de milhares de pessoas que confiaram em mim, eu anuncio minha posi\u00e7\u00e3o de neutralidade. Mas estar neutra n\u00e3o \u00e9 estar alheia. Vou continuar acompanhando de perto os desdobramentos eleitorais da nossa cidade e me posicionando sempre que for necess\u00e1rio\u201d, concluiu.<\/p>\n<p><strong><em>Acompanhe tamb\u00e9m o SE Not\u00edcias no\u00a0<a href=\"https:\/\/www.instagram.com\/senoticias\/\" target=\"_blank\" rel=\"noreferrer noopener\">Instagram<\/a><\/em><\/strong>,\u00a0<strong><em>\u00a0<a href=\"https:\/\/www.facebook.com\/senoticias1\" target=\"_blank\" rel=\"noreferrer noopener\">Facebook<\/a>\u00a0e\u00a0no<\/em>\u00a0<em><a href=\"https:\/\/twitter.com\/Senoticias\">X<\/a><\/em><\/strong><\/p>\n<p><em>Da Assessoria de Imprensa<\/em><\/p>\n","protected":false},"excerpt":{"rendered":"<p>&nbsp; Durante coletiva com a imprensa nesta segunda-feira (14), a deputada federal Yandra Moura (Uni\u00e3o) anunciou sua posi\u00e7\u00e3o de neutralidade para o segundo turno das elei\u00e7\u00f5es municipais em Aracaju. Candidata a prefeita no primeiro turno, Yandra destacou seu respeito pela democracia e pela escolha popular, mas reafirmou seu compromisso em continuar trabalhando por Aracaju e [&hellip;]<\/p>\n","protected":false},"author":6557,"featured_media":144547,"comment_status":"closed","ping_status":"closed","sticky":false,"template":"","format":"standard","meta":{"footnotes":""},"categories":[15,6],"tags":[42403,42404,37852],"class_list":{"0":"post-144540","1":"post","2":"type-post","3":"status-publish","4":"format-standard","5":"has-post-thumbnail","7":"category-destaques","8":"category-politica","9":"tag-2-turno-de-aracaju","10":"tag-neutralidade","11":"tag-yandra-moura"},"_links":{"self":[{"href":"https:\/\/senoticias.com.br\/se\/wp-json\/wp\/v2\/posts\/144540"}],"collection":[{"href":"https:\/\/senoticias.com.br\/se\/wp-json\/wp\/v2\/posts"}],"about":[{"href":"https:\/\/senoticias.com.br\/se\/wp-json\/wp\/v2\/types\/post"}],"author":[{"embeddable":true,"href":"https:\/\/senoticias.com.br\/se\/wp-json\/wp\/v2\/users\/6557"}],"replies":[{"embeddable":true,"href":"https:\/\/senoticias.com.br\/se\/wp-json\/wp\/v2\/comments?post=144540"}],"version-history":[{"count":0,"href":"https:\/\/senoticias.com.br\/se\/wp-json\/wp\/v2\/posts\/144540\/revisions"}],"wp:featuredmedia":[{"embeddable":true,"href":"https:\/\/senoticias.com.br\/se\/wp-json\/wp\/v2\/media\/144547"}],"wp:attachment":[{"href":"https:\/\/senoticias.com.br\/se\/wp-json\/wp\/v2\/media?parent=144540"}],"wp:term":[{"taxonomy":"category","embeddable":true,"href":"https:\/\/senoticias.com.br\/se\/wp-json\/wp\/v2\/categories?post=144540"},{"taxonomy":"post_tag","embeddable":true,"href":"https:\/\/senoticias.com.br\/se\/wp-json\/wp\/v2\/tags?post=144540"}],"curies":[{"name":"wp","href":"https:\/\/api.w.org\/{rel}","templated":true}]}}