{"id":144529,"date":"2024-10-13T12:46:30","date_gmt":"2024-10-13T15:46:30","guid":{"rendered":"https:\/\/senoticias.com.br\/se\/?p=144529"},"modified":"2024-10-13T12:46:30","modified_gmt":"2024-10-13T15:46:30","slug":"em-japaratuba-andre-moura-comemora-a-eleicao-de-decio-de-lara-e-o-crescimento-do-uniao-brasil","status":"publish","type":"post","link":"https:\/\/senoticias.com.br\/se\/em-japaratuba-andre-moura-comemora-a-eleicao-de-decio-de-lara-e-o-crescimento-do-uniao-brasil\/","title":{"rendered":"Em Japaratuba, Andr\u00e9 Moura comemora a elei\u00e7\u00e3o de D\u00e9cio de Lara e o crescimento do Uni\u00e3o Brasil"},"content":{"rendered":"<p>Nesse s\u00e1bado, 12 de outubro, o presidente do Uni\u00e3o Brasil em Sergipe, Andr\u00e9 Moura, marcou presen\u00e7a na festa de comemora\u00e7\u00e3o pela vit\u00f3ria de D\u00e9cio de Lara, prefeito eleito de Japaratuba, e de seu vice-prefeito, H\u00e9lio Sobral. O evento, celebrou o resultado das urnas e reuniu lideran\u00e7as pol\u00edticas, apoiadores e a popula\u00e7\u00e3o do munic\u00edpio.<\/p>\n<p>D\u00e9cio de Lara foi eleito com 6.030 votos, confirmando a lideran\u00e7a do agrupamento na cidade e garantindo a administra\u00e7\u00e3o de Japaratuba a partir de janeiro de 2025.<\/p>\n<div id=\"attachment_144530\" style=\"width: 562px\" class=\"wp-caption aligncenter\"><a href=\"https:\/\/senoticias.com.br\/se\/wp-content\/uploads\/2024\/10\/Lara-Moura-SE-Noticias.jpg\"><img loading=\"lazy\" decoding=\"async\" aria-describedby=\"caption-attachment-144530\" class=\"size-full wp-image-144530\" src=\"https:\/\/senoticias.com.br\/se\/wp-content\/uploads\/2024\/10\/Lara-Moura-SE-Noticias.jpg\" alt=\"\" width=\"552\" height=\"462\" srcset=\"https:\/\/senoticias.com.br\/se\/wp-content\/uploads\/2024\/10\/Lara-Moura-SE-Noticias.jpg 552w, https:\/\/senoticias.com.br\/se\/wp-content\/uploads\/2024\/10\/Lara-Moura-SE-Noticias-300x251.jpg 300w\" sizes=\"(max-width: 552px) 100vw, 552px\" \/><\/a><p id=\"caption-attachment-144530\" class=\"wp-caption-text\"><br \/>Andr\u00e9 Moura comemora a elei\u00e7\u00e3o de D\u00e9cio de Lara &#8211; Foto: ascom\/reprodu\u00e7\u00e3o<\/p><\/div>\n<p>Em seu discurso, Andr\u00e9 destacou a import\u00e2ncia da vit\u00f3ria para o munic\u00edpio e refor\u00e7ou seu compromisso em apoiar a nova administra\u00e7\u00e3o em projetos voltados ao desenvolvimento de Japaratuba. \u201cEssa vit\u00f3ria representa a confian\u00e7a das pessoas em uma gest\u00e3o que promete dar continuidade ao trabalho de Lara, que realizou a melhor administra\u00e7\u00e3o da hist\u00f3ria de Japaratuba.\u201d<\/p>\n<p>Andr\u00e9 disse ainda que, \u201ccom o salto de nove para 23 prefeituras, o Uni\u00e3o Brasil mostrou que seu compromisso com o bem-estar e o desenvolvimento de Sergipe foi reconhecido pela popula\u00e7\u00e3o sergipana. A confian\u00e7a dos eleitores em nossos candidatos, como D\u00e9cio de Lara em Japaratuba, refor\u00e7a nosso trabalho por mais progresso e qualidade de vida para os sergipanos\u201d, comemorou Andr\u00e9 Moura.<\/p>\n<p>D\u00e9cio de Lara tamb\u00e9m agradeceu ao povo e o apoio de Andr\u00e9 e Lara Moura, \u00a0al\u00e9m de reafirmar seu compromisso com a cidade: \u201cEstamos prontos para dar continuidade ao trabalho da nossa prefeita, Lara, e vamos avan\u00e7ar ainda mais, mantendo Japaratuba um lugar melhor para todos. Agrade\u00e7o tamb\u00e9m a todos que confiaram em mim e em nosso agrupamento\u201d, disse o prefeito eleito.<\/p>\n<p>&nbsp;<\/p>\n<p><strong><em>Acompanhe tamb\u00e9m o SE Not\u00edcias no\u00a0<a href=\"https:\/\/www.instagram.com\/senoticias\/\" target=\"_blank\" rel=\"noreferrer noopener\">Instagram<\/a><\/em><\/strong>,\u00a0<strong><em>\u00a0<a href=\"https:\/\/www.facebook.com\/senoticias1\" target=\"_blank\" rel=\"noreferrer noopener\">Facebook<\/a>\u00a0e\u00a0no<\/em>\u00a0<em><a href=\"https:\/\/twitter.com\/Senoticias\">X<\/a><\/em><\/strong><\/p>\n<p>&nbsp;<\/p>\n<p>Fonte: ascom\/divulga\u00e7\u00e3o<\/p>\n","protected":false},"excerpt":{"rendered":"<p>Nesse s\u00e1bado, 12 de outubro, o presidente do Uni\u00e3o Brasil em Sergipe, Andr\u00e9 Moura, marcou presen\u00e7a na festa de comemora\u00e7\u00e3o pela vit\u00f3ria de D\u00e9cio de Lara, prefeito eleito de Japaratuba, e de seu vice-prefeito, H\u00e9lio Sobral. O evento, celebrou o resultado das urnas e reuniu lideran\u00e7as pol\u00edticas, apoiadores e a popula\u00e7\u00e3o do munic\u00edpio. D\u00e9cio de [&hellip;]<\/p>\n","protected":false},"author":6557,"featured_media":144530,"comment_status":"closed","ping_status":"closed","sticky":false,"template":"","format":"standard","meta":{"footnotes":""},"categories":[15,38],"tags":[42396,42397,42398],"class_list":{"0":"post-144529","1":"post","2":"type-post","3":"status-publish","4":"format-standard","5":"has-post-thumbnail","7":"category-destaques","8":"category-municipios","9":"tag-decio-de-lara","10":"tag-decio-neto","11":"tag-uniao-brasil-em-sergipe"},"_links":{"self":[{"href":"https:\/\/senoticias.com.br\/se\/wp-json\/wp\/v2\/posts\/144529"}],"collection":[{"href":"https:\/\/senoticias.com.br\/se\/wp-json\/wp\/v2\/posts"}],"about":[{"href":"https:\/\/senoticias.com.br\/se\/wp-json\/wp\/v2\/types\/post"}],"author":[{"embeddable":true,"href":"https:\/\/senoticias.com.br\/se\/wp-json\/wp\/v2\/users\/6557"}],"replies":[{"embeddable":true,"href":"https:\/\/senoticias.com.br\/se\/wp-json\/wp\/v2\/comments?post=144529"}],"version-history":[{"count":0,"href":"https:\/\/senoticias.com.br\/se\/wp-json\/wp\/v2\/posts\/144529\/revisions"}],"wp:featuredmedia":[{"embeddable":true,"href":"https:\/\/senoticias.com.br\/se\/wp-json\/wp\/v2\/media\/144530"}],"wp:attachment":[{"href":"https:\/\/senoticias.com.br\/se\/wp-json\/wp\/v2\/media?parent=144529"}],"wp:term":[{"taxonomy":"category","embeddable":true,"href":"https:\/\/senoticias.com.br\/se\/wp-json\/wp\/v2\/categories?post=144529"},{"taxonomy":"post_tag","embeddable":true,"href":"https:\/\/senoticias.com.br\/se\/wp-json\/wp\/v2\/tags?post=144529"}],"curies":[{"name":"wp","href":"https:\/\/api.w.org\/{rel}","templated":true}]}}