{"id":144506,"date":"2024-10-11T15:39:33","date_gmt":"2024-10-11T18:39:33","guid":{"rendered":"https:\/\/senoticias.com.br\/se\/?p=144506"},"modified":"2024-10-11T18:30:03","modified_gmt":"2024-10-11T21:30:03","slug":"policia-civil-realiza-acao-integrada-de-combate-a-furto-em-bairros-de-aracaju","status":"publish","type":"post","link":"https:\/\/senoticias.com.br\/se\/policia-civil-realiza-acao-integrada-de-combate-a-furto-em-bairros-de-aracaju\/","title":{"rendered":"Pol\u00edcia Civil realiza a\u00e7\u00e3o integrada de combate a furto em bairros de Aracaju"},"content":{"rendered":"<p class=\"p1\"><span class=\"s1\">A Pol\u00edcia Civil, em parceria com a Energisa e Pol\u00edcia Cient\u00edfica, realizou nas \u00faltimas\u00a0quarta e quinta-feira, 9 e 10,\u00a0uma a\u00e7\u00e3o integrada de combate ao furto de energia el\u00e9trica em Aracaju. Foram realizadas inspe\u00e7\u00f5es em estabelecimentos comerciais e residenciais e duas pessoas foram conduzidas \u00e0 delegacia.\u00a0<\/span><\/p>\n<div class=\"mceTemp\">\n<div id=\"attachment_144520\" style=\"width: 583px\" class=\"wp-caption aligncenter\"><a href=\"https:\/\/senoticias.com.br\/se\/wp-content\/uploads\/2024\/10\/Furto-de-Energia-SE-Noticias.jpeg\"><img loading=\"lazy\" decoding=\"async\" aria-describedby=\"caption-attachment-144520\" class=\"size-full wp-image-144520\" src=\"https:\/\/senoticias.com.br\/se\/wp-content\/uploads\/2024\/10\/Furto-de-Energia-SE-Noticias.jpeg\" alt=\"\" width=\"573\" height=\"284\" srcset=\"https:\/\/senoticias.com.br\/se\/wp-content\/uploads\/2024\/10\/Furto-de-Energia-SE-Noticias.jpeg 573w, https:\/\/senoticias.com.br\/se\/wp-content\/uploads\/2024\/10\/Furto-de-Energia-SE-Noticias-300x149.jpeg 300w\" sizes=\"(max-width: 573px) 100vw, 573px\" \/><\/a><p id=\"caption-attachment-144520\" class=\"wp-caption-text\">Foram identificadas 6.863 irregularidades no ano de 2024 &#8211; Foto: SSP\/SE<\/p><\/div>\n<p class=\"p1\"><span class=\"s1\">Em todo ano de 2024, foram identificadas 6.863 irregularidades em quase 46 mil unidades inspecionadas. As a\u00e7\u00f5es de combate ao furto de energia, nos 63 munic\u00edpios de atua\u00e7\u00e3o,\u00a0resultaram na recupera\u00e7\u00e3o de aproximadamente 19GWh, que \u00e9 suficiente para abastecer a cidade de Itabaiana durante um per\u00edodo de dois\u00a0 meses.\u00a0<\/span><\/p>\n<p class=\"p1\"><span class=\"s1\">O furto de energia \u00e9 crime. Al\u00e9m de impactar a qualidade do fornecimento de energia causando a queima de equipamentos, curto-circuito, falta de energia, al\u00e9m de trazer riscos de choques el\u00e9tricos e acidentes fatais. O furto tamb\u00e9m pode impactar na tarifa de energia el\u00e9trica que \u00e9 definido pela Aneel. \u00a0<\/span><\/p>\n<p class=\"p1\"><span class=\"s1\">Essas irregularidades podem ser denunciadas de forma an\u00f4nima pelo telefone 0800 079 0196, ou pelo aplicativo Energisa On: www.gisa.energisa.com.br<\/span><\/p>\n<p class=\"p1\"><span class=\"s1\">As den\u00fancias tamb\u00e9m podem ser realizadas diretamente para o Disque-Den\u00fancia, da Pol\u00edcia Civil, por meio do telefone 181.<\/span><\/p>\n<p><strong><em>Acompanhe tamb\u00e9m o SE Not\u00edcias no\u00a0<a href=\"https:\/\/www.instagram.com\/senoticias\/\" target=\"_blank\" rel=\"noreferrer noopener\">Instagram<\/a><\/em><\/strong>,\u00a0<strong><em>\u00a0<a href=\"https:\/\/www.facebook.com\/senoticias1\" target=\"_blank\" rel=\"noreferrer noopener\">Facebook<\/a>\u00a0e\u00a0no<\/em>\u00a0<em><a href=\"https:\/\/twitter.com\/Senoticias\">X<\/a><\/em><\/strong><\/p>\n<p>&nbsp;<\/p>\n<p>Fonte: Ascom\/SSP\/SE<\/p>\n","protected":false},"excerpt":{"rendered":"<p>A Pol\u00edcia Civil, em parceria com a Energisa e Pol\u00edcia Cient\u00edfica, realizou nas \u00faltimas\u00a0quarta e quinta-feira, 9 e 10,\u00a0uma a\u00e7\u00e3o integrada de combate ao furto de energia el\u00e9trica em Aracaju. Foram realizadas inspe\u00e7\u00f5es em estabelecimentos comerciais e residenciais e duas pessoas foram conduzidas \u00e0 delegacia.\u00a0 Em todo ano de 2024, foram identificadas 6.863 irregularidades em [&hellip;]<\/p>\n","protected":false},"author":6557,"featured_media":144520,"comment_status":"closed","ping_status":"closed","sticky":false,"template":"","format":"standard","meta":{"footnotes":""},"categories":[15,7],"tags":[42391,78],"class_list":{"0":"post-144506","1":"post","2":"type-post","3":"status-publish","4":"format-standard","5":"has-post-thumbnail","7":"category-destaques","8":"category-policia","9":"tag-combate-a-furto","10":"tag-policia-civil"},"_links":{"self":[{"href":"https:\/\/senoticias.com.br\/se\/wp-json\/wp\/v2\/posts\/144506"}],"collection":[{"href":"https:\/\/senoticias.com.br\/se\/wp-json\/wp\/v2\/posts"}],"about":[{"href":"https:\/\/senoticias.com.br\/se\/wp-json\/wp\/v2\/types\/post"}],"author":[{"embeddable":true,"href":"https:\/\/senoticias.com.br\/se\/wp-json\/wp\/v2\/users\/6557"}],"replies":[{"embeddable":true,"href":"https:\/\/senoticias.com.br\/se\/wp-json\/wp\/v2\/comments?post=144506"}],"version-history":[{"count":0,"href":"https:\/\/senoticias.com.br\/se\/wp-json\/wp\/v2\/posts\/144506\/revisions"}],"wp:featuredmedia":[{"embeddable":true,"href":"https:\/\/senoticias.com.br\/se\/wp-json\/wp\/v2\/media\/144520"}],"wp:attachment":[{"href":"https:\/\/senoticias.com.br\/se\/wp-json\/wp\/v2\/media?parent=144506"}],"wp:term":[{"taxonomy":"category","embeddable":true,"href":"https:\/\/senoticias.com.br\/se\/wp-json\/wp\/v2\/categories?post=144506"},{"taxonomy":"post_tag","embeddable":true,"href":"https:\/\/senoticias.com.br\/se\/wp-json\/wp\/v2\/tags?post=144506"}],"curies":[{"name":"wp","href":"https:\/\/api.w.org\/{rel}","templated":true}]}}