{"id":144503,"date":"2024-10-11T11:24:31","date_gmt":"2024-10-11T14:24:31","guid":{"rendered":"https:\/\/senoticias.com.br\/se\/?p=144503"},"modified":"2024-10-11T11:24:56","modified_gmt":"2024-10-11T14:24:56","slug":"policia-prende-homem-e-desativa-abatedouro-clandestino-de-gado-no-no-interior-de-sergipe","status":"publish","type":"post","link":"https:\/\/senoticias.com.br\/se\/policia-prende-homem-e-desativa-abatedouro-clandestino-de-gado-no-no-interior-de-sergipe\/","title":{"rendered":"Pol\u00edcia prende homem e desativa abatedouro clandestino de gado no interior de Sergipe"},"content":{"rendered":"<p>&nbsp;<\/p>\n<p>Em a\u00e7\u00e3o conjunta entre policiais civis da Delegacia de Repress\u00e3o a Crimes Rurais e Abigeato (Dercra) e fiscais da Empresa de Desenvolvimento Agropecu\u00e1rio de Sergipe (Emdagro), um abatedouro clandestino de gado foi desativado em Propri\u00e1. Um homem foi preso em flagrante por crime contra rela\u00e7\u00e3o de consumo, j\u00e1 que a carne estava em condi\u00e7\u00f5es impr\u00f3prias para consumo humano. A a\u00e7\u00e3o policial ocorreu nessa quinta-feira, 10, e foi divulgada nesta sexta-feira, 11.<\/p>\n<div id=\"attachment_144504\" style=\"width: 586px\" class=\"wp-caption aligncenter\"><a href=\"https:\/\/senoticias.com.br\/se\/wp-content\/uploads\/2024\/10\/Abatedouro-clandstino-SE-Noticias.jpeg\"><img loading=\"lazy\" decoding=\"async\" aria-describedby=\"caption-attachment-144504\" class=\"size-full wp-image-144504\" src=\"https:\/\/senoticias.com.br\/se\/wp-content\/uploads\/2024\/10\/Abatedouro-clandstino-SE-Noticias.jpeg\" alt=\"\" width=\"576\" height=\"324\" srcset=\"https:\/\/senoticias.com.br\/se\/wp-content\/uploads\/2024\/10\/Abatedouro-clandstino-SE-Noticias.jpeg 576w, https:\/\/senoticias.com.br\/se\/wp-content\/uploads\/2024\/10\/Abatedouro-clandstino-SE-Noticias-300x169.jpeg 300w\" sizes=\"(max-width: 576px) 100vw, 576px\" \/><\/a><p id=\"caption-attachment-144504\" class=\"wp-caption-text\">Um homem foi preso em flagrante por crime contra rela\u00e7\u00f5es de consumo em decorr\u00eancia da venda de carne em condi\u00e7\u00e3o impr\u00f3pria &#8211; Foto: SSP\/SE<\/p><\/div>\n<p>De acordo com a delegada Aliete Melo Mendon\u00e7a, a atividade irregular funcionava em uma propriedade na regi\u00e3o do Lagamar, \u00e1rea rural entre os munic\u00edpios de Telha e Propri\u00e1. \u201cNo local, os policiais flagraram o abate clandestino, encontrando tr\u00eas vacas j\u00e1 abatidas, estendidas no ch\u00e3o de cimento, ao ar livre, sem nenhuma condi\u00e7\u00e3o de higiene\u201d, detalhou.<\/p>\n<p>O respons\u00e1vel pelo local de funcionamento clandestino \u00e9 conhecido na regi\u00e3o e foi preso em flagrante pela pr\u00e1tica de crime contra as rela\u00e7\u00f5es de consumo, por vender mercadoria em condi\u00e7\u00f5es impr\u00f3prias para o consumo humano.<\/p>\n<p>\u201cNo ato de sua pris\u00e3o, ele confirmou que toda carne seria vendida no Mercado Municipal de Propri\u00e1 e que praticava o abate clandestino, no local da abordagem, h\u00e1 pouco mais de um ano, uma vez por semana. A carne foi direcionada ao Zool\u00f3gico de Aracaju\u201d, complementou a delegada Aliete Melo Mendon\u00e7a.<\/p>\n<p>A Dercra e a Emdagro refor\u00e7am que, no Estado de Sergipe, apenas quatro frigor\u00edficos s\u00e3o oficialmente autorizados a realizar abate de bovinos e qualquer abate realizado fora destes estabelecimentos \u00e9 irregular e os respons\u00e1veis podem responder criminalmente pela atividade clandestina, cabendo, inclusive, pris\u00e3o em flagrante.<\/p>\n<p>A delegada destacou ainda que o abate clandestino \u00e9 o destino de animais furtados e roubados. \u201cEssa pr\u00e1tica tamb\u00e9m contribui para a cadeia criminosa do furto e roubo de semoventes\u201d, alertou Aliete Melo Mendon\u00e7a.<\/p>\n<p>A Pol\u00edcia Civil solicita que informa\u00e7\u00f5es e den\u00fancias sobre crimes e suspeitos de a\u00e7\u00f5es criminosas sejam repassadas \u00e0 pol\u00edcia por meio do Disque-Den\u00fancia, no telefone 181. O sigilo do denunciante \u00e9 garantido.<\/p>\n<p><strong><em>Acompanhe tamb\u00e9m o SE Not\u00edcias no\u00a0<a href=\"https:\/\/www.instagram.com\/senoticias\/\" target=\"_blank\" rel=\"noreferrer noopener\">Instagram<\/a><\/em><\/strong>,\u00a0<strong><em>\u00a0<a href=\"https:\/\/www.facebook.com\/senoticias1\" target=\"_blank\" rel=\"noreferrer noopener\">Facebook<\/a>\u00a0e\u00a0no<\/em>\u00a0<em><a href=\"https:\/\/twitter.com\/Senoticias\">X<\/a><\/em><\/strong><\/p>\n<p>Fonte: SSP\/SE<\/p>\n","protected":false},"excerpt":{"rendered":"<p>&nbsp; Em a\u00e7\u00e3o conjunta entre policiais civis da Delegacia de Repress\u00e3o a Crimes Rurais e Abigeato (Dercra) e fiscais da Empresa de Desenvolvimento Agropecu\u00e1rio de Sergipe (Emdagro), um abatedouro clandestino de gado foi desativado em Propri\u00e1. Um homem foi preso em flagrante por crime contra rela\u00e7\u00e3o de consumo, j\u00e1 que a carne estava em condi\u00e7\u00f5es [&hellip;]<\/p>\n","protected":false},"author":6557,"featured_media":144504,"comment_status":"closed","ping_status":"closed","sticky":false,"template":"","format":"standard","meta":{"footnotes":""},"categories":[15,7],"tags":[13432,709],"class_list":{"0":"post-144503","1":"post","2":"type-post","3":"status-publish","4":"format-standard","5":"has-post-thumbnail","7":"category-destaques","8":"category-policia","9":"tag-abatedouro-clandestino","10":"tag-propria"},"_links":{"self":[{"href":"https:\/\/senoticias.com.br\/se\/wp-json\/wp\/v2\/posts\/144503"}],"collection":[{"href":"https:\/\/senoticias.com.br\/se\/wp-json\/wp\/v2\/posts"}],"about":[{"href":"https:\/\/senoticias.com.br\/se\/wp-json\/wp\/v2\/types\/post"}],"author":[{"embeddable":true,"href":"https:\/\/senoticias.com.br\/se\/wp-json\/wp\/v2\/users\/6557"}],"replies":[{"embeddable":true,"href":"https:\/\/senoticias.com.br\/se\/wp-json\/wp\/v2\/comments?post=144503"}],"version-history":[{"count":0,"href":"https:\/\/senoticias.com.br\/se\/wp-json\/wp\/v2\/posts\/144503\/revisions"}],"wp:featuredmedia":[{"embeddable":true,"href":"https:\/\/senoticias.com.br\/se\/wp-json\/wp\/v2\/media\/144504"}],"wp:attachment":[{"href":"https:\/\/senoticias.com.br\/se\/wp-json\/wp\/v2\/media?parent=144503"}],"wp:term":[{"taxonomy":"category","embeddable":true,"href":"https:\/\/senoticias.com.br\/se\/wp-json\/wp\/v2\/categories?post=144503"},{"taxonomy":"post_tag","embeddable":true,"href":"https:\/\/senoticias.com.br\/se\/wp-json\/wp\/v2\/tags?post=144503"}],"curies":[{"name":"wp","href":"https:\/\/api.w.org\/{rel}","templated":true}]}}