{"id":144484,"date":"2024-10-10T16:16:10","date_gmt":"2024-10-10T19:16:10","guid":{"rendered":"https:\/\/senoticias.com.br\/se\/?p=144484"},"modified":"2024-10-10T16:16:10","modified_gmt":"2024-10-10T19:16:10","slug":"instituto-de-identificacao-disponibiliza-atendimento-especial-de-emissao-da-cin-em-comemoracao-ao-dia-das-criancas","status":"publish","type":"post","link":"https:\/\/senoticias.com.br\/se\/instituto-de-identificacao-disponibiliza-atendimento-especial-de-emissao-da-cin-em-comemoracao-ao-dia-das-criancas\/","title":{"rendered":"Instituto de Identifica\u00e7\u00e3o disponibiliza atendimento especial de emiss\u00e3o da CIN em comemora\u00e7\u00e3o ao Dia das Crian\u00e7as"},"content":{"rendered":"<p class=\"p1\"><span class=\"s1\">Em comemora\u00e7\u00e3o ao Dia das Crian\u00e7as, o Instituto de Identifica\u00e7\u00e3o Papiloscopista Wendel da Silva Gonzaga (IIWSG) preparou uma a\u00e7\u00e3o especial de emiss\u00e3o da Carteira de Identidade Nacional (CIN) para os cidad\u00e3os que t\u00eam entre zero e 12 anos. A a\u00e7\u00e3o acontece nos dias 10 e 11 de outubro, das 7h \u00e0s 17h, na sede do IIWSG, que fica localizada na rua Porto da Folha, n\u00ba 345, no bairro Get\u00falio Vargas, na regi\u00e3o central de Aracaju. Ser\u00e3o atendidas 200 crian\u00e7as por dia, sendo 100 pela manh\u00e3 e as outras 100, pela tarde. O respons\u00e1vel legal tamb\u00e9m ter\u00e1 direito ao atendimento para emiss\u00e3o da CIN. Para o atendimento, \u00e9 preciso seguir os protocolos delimitados pelo Instituto de Identifica\u00e7\u00e3o.<\/span><\/p>\n<p><a href=\"https:\/\/senoticias.com.br\/se\/wp-content\/uploads\/2024\/10\/IMG_0269-e1728587657738.jpeg\"><img loading=\"lazy\" decoding=\"async\" class=\"size-full wp-image-144485 aligncenter\" src=\"https:\/\/senoticias.com.br\/se\/wp-content\/uploads\/2024\/10\/IMG_0269-e1728587657738.jpeg\" alt=\"\" width=\"580\" height=\"326\" \/><\/a><\/p>\n<p class=\"p1\"><span class=\"s1\">De acordo com o diretor do IIWSG, Jenilson Gomes, a iniciativa busca oferecer um servi\u00e7o mais acess\u00edvel \u00e0 popula\u00e7\u00e3o, garantindo a emiss\u00e3o de documentos de identifica\u00e7\u00e3o para as crian\u00e7as e seus respons\u00e1veis, facilitando o acesso aos direitos b\u00e1sicos e \u00e0 cidadania. \u201c\u00c9 uma programa\u00e7\u00e3o que \u00e9 uma iniciativa da nossa pr\u00f3pria equipe, que se juntou para fazer a semana da crian\u00e7a aqui na sede do Instituto de Identifica\u00e7\u00e3o\u201d, enfatizou.<\/span><\/p>\n<p class=\"p1\"><span class=\"s1\">Jenilson Gomes ressaltou que \u00e9 um trabalho que envolve um esfor\u00e7o das equipes do IIWSG para garantir o atendimento tanto \u00e0s crian\u00e7as, quanto ao respons\u00e1vel legal. \u201cEnt\u00e3o, nossas equipes est\u00e3o atuando para garantir que n\u00e3o somente a crian\u00e7a seja atendida, mas tamb\u00e9m a m\u00e3e ou o pai que o acompanha tamb\u00e9m possa ter o atendimento\u201d, evidenciou.<\/span><\/p>\n<p class=\"p1\"><span class=\"s2\">Procedimento<\/span><\/p>\n<p class=\"p1\"><span class=\"s1\">Para as crian\u00e7as menores de dois anos, n\u00e3o \u00e9 necess\u00e1rio o agendamento. J\u00e1 para as crian\u00e7as com mais de dois anos, \u00e9 necess\u00e1rio que o respons\u00e1vel legal entre em contato com o (79) 3194-2400. \u201cOs menores de dois anos o atendimento \u00e9 porta aberta, bastando apenas chegar na sede do Instituto de Identifica\u00e7\u00e3o\u201d, descreveu Jenilson Gomes. \u00a0<\/span><\/p>\n<p class=\"p1\"><span class=\"s1\">Dentre os atendimentos voltados \u00e0s crian\u00e7as, a prioridade \u00e9 para os cidad\u00e3os autistas ou com s\u00edndrome de down. \u201cO atendimento sempre ser\u00e1 priorit\u00e1rio para o Instituto de Identifica\u00e7\u00e3o\u201d, ressaltou Jenilson Gomes, diretor do IIWSG.\u00a0<\/span><\/p>\n<p class=\"p1\"><span class=\"s2\">Documentos obrigat\u00f3rios<\/span><\/p>\n<p class=\"p1\"><span class=\"s1\">Para emiss\u00e3o da Carteira de Identidade Nacional, no caso das crian\u00e7as, \u00e9 preciso comparecer \u00e0 sede do IIWSG com a Certid\u00e3o de Nascimento e o CPF atualizado, caso j\u00e1 possua. J\u00e1 no caso dos respons\u00e1veis legais, al\u00e9m do CPF, tamb\u00e9m \u00e9 preciso levar a Certid\u00e3o de Nascimento ou a Certid\u00e3o de Casamento, se j\u00e1 foi ou \u00e9 casado. Caso o cidad\u00e3o seja \u00a0divorciado, \u00e9 fundamental que essa informa\u00e7\u00e3o esteja averbada na certid\u00e3o de casamento, da mesma forma os casos de viuvez.<\/span><\/p>\n<p><strong><em>Acompanhe tamb\u00e9m o SE Not\u00edcias no\u00a0<a href=\"https:\/\/www.instagram.com\/senoticias\/\" target=\"_blank\" rel=\"noreferrer noopener\">Instagram<\/a><\/em><\/strong>,\u00a0<strong><em>\u00a0<a href=\"https:\/\/www.facebook.com\/senoticias1\" target=\"_blank\" rel=\"noreferrer noopener\">Facebook<\/a>\u00a0e\u00a0no<\/em>\u00a0<em><a href=\"https:\/\/twitter.com\/Senoticias\">X<\/a><\/em><\/strong><\/p>\n<p>Fonte: SSP SE<\/p>\n","protected":false},"excerpt":{"rendered":"<p>Em comemora\u00e7\u00e3o ao Dia das Crian\u00e7as, o Instituto de Identifica\u00e7\u00e3o Papiloscopista Wendel da Silva Gonzaga (IIWSG) preparou uma a\u00e7\u00e3o especial de emiss\u00e3o da Carteira de Identidade Nacional (CIN) para os cidad\u00e3os que t\u00eam entre zero e 12 anos. A a\u00e7\u00e3o acontece nos dias 10 e 11 de outubro, das 7h \u00e0s 17h, na sede do [&hellip;]<\/p>\n","protected":false},"author":6557,"featured_media":0,"comment_status":"closed","ping_status":"closed","sticky":false,"template":"","format":"standard","meta":{"footnotes":""},"categories":[15],"tags":[40335,6233],"class_list":{"0":"post-144484","1":"post","2":"type-post","3":"status-publish","4":"format-standard","6":"category-destaques","7":"tag-cin","8":"tag-dia-das-criancas"},"_links":{"self":[{"href":"https:\/\/senoticias.com.br\/se\/wp-json\/wp\/v2\/posts\/144484"}],"collection":[{"href":"https:\/\/senoticias.com.br\/se\/wp-json\/wp\/v2\/posts"}],"about":[{"href":"https:\/\/senoticias.com.br\/se\/wp-json\/wp\/v2\/types\/post"}],"author":[{"embeddable":true,"href":"https:\/\/senoticias.com.br\/se\/wp-json\/wp\/v2\/users\/6557"}],"replies":[{"embeddable":true,"href":"https:\/\/senoticias.com.br\/se\/wp-json\/wp\/v2\/comments?post=144484"}],"version-history":[{"count":0,"href":"https:\/\/senoticias.com.br\/se\/wp-json\/wp\/v2\/posts\/144484\/revisions"}],"wp:attachment":[{"href":"https:\/\/senoticias.com.br\/se\/wp-json\/wp\/v2\/media?parent=144484"}],"wp:term":[{"taxonomy":"category","embeddable":true,"href":"https:\/\/senoticias.com.br\/se\/wp-json\/wp\/v2\/categories?post=144484"},{"taxonomy":"post_tag","embeddable":true,"href":"https:\/\/senoticias.com.br\/se\/wp-json\/wp\/v2\/tags?post=144484"}],"curies":[{"name":"wp","href":"https:\/\/api.w.org\/{rel}","templated":true}]}}