{"id":144459,"date":"2024-10-09T16:59:12","date_gmt":"2024-10-09T19:59:12","guid":{"rendered":"https:\/\/senoticias.com.br\/se\/?p=144459"},"modified":"2024-10-09T17:01:32","modified_gmt":"2024-10-09T20:01:32","slug":"professores-da-rede-estadual-anunciam-paralisacao-de-tres-dias","status":"publish","type":"post","link":"https:\/\/senoticias.com.br\/se\/professores-da-rede-estadual-anunciam-paralisacao-de-tres-dias\/","title":{"rendered":"Professores da rede estadual anunciam paralisa\u00e7\u00e3o de tr\u00eas dias"},"content":{"rendered":"<p>Os professores da rede estadual anunciaram que v\u00e3o paralisar as atividades nos dias 15, 16 e 17 de outubro. A informa\u00e7\u00e3o foi divulgada pelo Sindicato dos Trabalhadores em Educa\u00e7\u00e3o B\u00e1sica do Estado de Sergipe (Sintese) nesta quarta-feira, 9.<\/p>\n<p>Segundo o Sintese, a decis\u00e3o foi tomada ap\u00f3s a Assembleia Geral da categoria, que aconteceu no Cotinguiba Esporte Clube. O sindicato alega que falta uma proposta efetiva do Governo de Sergipe sobre o descongelamento dos direitos do magist\u00e9rio, incluindo o pagamento do tri\u00eanio e a gratifica\u00e7\u00e3o em tempo integral dos professores.<\/p>\n<div id=\"attachment_144468\" style=\"width: 562px\" class=\"wp-caption aligncenter\"><a href=\"https:\/\/senoticias.com.br\/se\/wp-content\/uploads\/2024\/10\/Sintese-paralizacao-se-noticias.jpg\"><img loading=\"lazy\" decoding=\"async\" aria-describedby=\"caption-attachment-144468\" class=\"size-full wp-image-144468\" src=\"https:\/\/senoticias.com.br\/se\/wp-content\/uploads\/2024\/10\/Sintese-paralizacao-se-noticias.jpg\" alt=\"\" width=\"552\" height=\"260\" srcset=\"https:\/\/senoticias.com.br\/se\/wp-content\/uploads\/2024\/10\/Sintese-paralizacao-se-noticias.jpg 552w, https:\/\/senoticias.com.br\/se\/wp-content\/uploads\/2024\/10\/Sintese-paralizacao-se-noticias-300x141.jpg 300w\" sizes=\"(max-width: 552px) 100vw, 552px\" \/><\/a><p id=\"caption-attachment-144468\" class=\"wp-caption-text\">Os professores da rede estadual anunciaram uma paralisa\u00e7\u00e3o com indicativo de greve &#8211; Foto: Sintese<\/p><\/div>\n<p>Al\u00e9m da assembleia, o movimento sindical realizou a\u00e7\u00f5es na Avenida Beira Mar, em dire\u00e7\u00e3o ao Tribunal de Justi\u00e7a de Sergipe (TJSE) e a Assembleia Legislativa de Sergipe (Alese).<\/p>\n<p>Para os dias 15, 16 e 17, o Sintese tamb\u00e9m anunciou ato e uma marcha com percurso que vai do Parque da Sementeira at\u00e9 o Pal\u00e1cio de Despachos.<\/p>\n<p><strong>Governo de Sergipe<\/strong><\/p>\n<p>Em mat\u00e9ria publicada em seu site oficial, o Governo de Sergipe destacou que, desde o in\u00edcio de 2023, tem se aproximado da categoria profissional, mantendo um frequente canal de di\u00e1logo e debatendo pautas, uma delas a valoriza\u00e7\u00e3o da carreira do magist\u00e9rio.<\/p>\n<p>Segundo o Governo de Sergipe, a categoria da Educa\u00e7\u00e3o de Sergipe foi a primeira a ter reajuste salarial, resultado de negocia\u00e7\u00e3o e acordo entre Estado e Sintese. Al\u00e9m disso, segundo o Governo, outros pontos importantes e concretizados foram a perman\u00eancia do abono tempor\u00e1rio dos professores para o bi\u00eanio 2024\/2025 e a retomada da carreira do magist\u00e9rio ap\u00f3s reivindica\u00e7\u00f5es que duraram 16 anos.<\/p>\n<p><strong><em>Acompanhe tamb\u00e9m o SE Not\u00edcias no\u00a0<a href=\"https:\/\/www.instagram.com\/senoticias\/\" target=\"_blank\" rel=\"noreferrer noopener\">Instagram<\/a><\/em><\/strong>,\u00a0<strong><em>\u00a0<a href=\"https:\/\/www.facebook.com\/senoticias1\" target=\"_blank\" rel=\"noreferrer noopener\">Facebook<\/a>\u00a0e\u00a0no<\/em>\u00a0<em><a href=\"https:\/\/twitter.com\/Senoticias\">X<\/a><\/em><\/strong><\/p>\n<p>Fonte: Portal Infonet<\/p>\n<p>&nbsp;<\/p>\n","protected":false},"excerpt":{"rendered":"<p>Os professores da rede estadual anunciaram que v\u00e3o paralisar as atividades nos dias 15, 16 e 17 de outubro. A informa\u00e7\u00e3o foi divulgada pelo Sindicato dos Trabalhadores em Educa\u00e7\u00e3o B\u00e1sica do Estado de Sergipe (Sintese) nesta quarta-feira, 9. Segundo o Sintese, a decis\u00e3o foi tomada ap\u00f3s a Assembleia Geral da categoria, que aconteceu no Cotinguiba [&hellip;]<\/p>\n","protected":false},"author":6557,"featured_media":144468,"comment_status":"closed","ping_status":"closed","sticky":false,"template":"","format":"standard","meta":{"footnotes":""},"categories":[15,6,1],"tags":[35808,677],"class_list":{"0":"post-144459","1":"post","2":"type-post","3":"status-publish","4":"format-standard","5":"has-post-thumbnail","7":"category-destaques","8":"category-politica","9":"category-sem-categoria","10":"tag-paralizacao","11":"tag-sintese"},"_links":{"self":[{"href":"https:\/\/senoticias.com.br\/se\/wp-json\/wp\/v2\/posts\/144459"}],"collection":[{"href":"https:\/\/senoticias.com.br\/se\/wp-json\/wp\/v2\/posts"}],"about":[{"href":"https:\/\/senoticias.com.br\/se\/wp-json\/wp\/v2\/types\/post"}],"author":[{"embeddable":true,"href":"https:\/\/senoticias.com.br\/se\/wp-json\/wp\/v2\/users\/6557"}],"replies":[{"embeddable":true,"href":"https:\/\/senoticias.com.br\/se\/wp-json\/wp\/v2\/comments?post=144459"}],"version-history":[{"count":0,"href":"https:\/\/senoticias.com.br\/se\/wp-json\/wp\/v2\/posts\/144459\/revisions"}],"wp:featuredmedia":[{"embeddable":true,"href":"https:\/\/senoticias.com.br\/se\/wp-json\/wp\/v2\/media\/144468"}],"wp:attachment":[{"href":"https:\/\/senoticias.com.br\/se\/wp-json\/wp\/v2\/media?parent=144459"}],"wp:term":[{"taxonomy":"category","embeddable":true,"href":"https:\/\/senoticias.com.br\/se\/wp-json\/wp\/v2\/categories?post=144459"},{"taxonomy":"post_tag","embeddable":true,"href":"https:\/\/senoticias.com.br\/se\/wp-json\/wp\/v2\/tags?post=144459"}],"curies":[{"name":"wp","href":"https:\/\/api.w.org\/{rel}","templated":true}]}}