{"id":144451,"date":"2024-10-08T16:27:14","date_gmt":"2024-10-08T19:27:14","guid":{"rendered":"https:\/\/senoticias.com.br\/se\/?p=144451"},"modified":"2024-10-08T19:13:04","modified_gmt":"2024-10-08T22:13:04","slug":"edital-de-credenciamento-para-o-fasc-tem-inscricoes-ate-o-dia-11-deste-mes","status":"publish","type":"post","link":"https:\/\/senoticias.com.br\/se\/edital-de-credenciamento-para-o-fasc-tem-inscricoes-ate-o-dia-11-deste-mes\/","title":{"rendered":"Edital de Credenciamento para o Festival de Artes de S\u00e3o Crist\u00f3v\u00e3o tem inscri\u00e7\u00f5es at\u00e9 o dia 11 deste m\u00eas"},"content":{"rendered":"<p>A Prefeitura de S\u00e3o Crist\u00f3v\u00e3o, por meio da Funda\u00e7\u00e3o Municipal de Cultura e Turismo &#8220;Jo\u00e3o Bebe \u00c1gua&#8221; (Fumctur), refor\u00e7a o prazo final para as inscri\u00e7\u00f5es no credenciamento de profissionais da cultura que desejam participar da sele\u00e7\u00e3o de atra\u00e7\u00f5es do Festival de Artes de S\u00e3o Crist\u00f3v\u00e3o (FASC). Embora o credenciamento seja cont\u00ednuo, os interessados em integrar a programa\u00e7\u00e3o do FASC deste ano devem se inscrever at\u00e9 a pr\u00f3xima sexta-feira, dia 11 deste m\u00eas, para participar da sele\u00e7\u00e3o para o evento.<\/p>\n<div id=\"attachment_144452\" style=\"width: 610px\" class=\"wp-caption aligncenter\"><a href=\"https:\/\/senoticias.com.br\/se\/wp-content\/uploads\/2024\/10\/IMG_0266.jpeg\"><img loading=\"lazy\" decoding=\"async\" aria-describedby=\"caption-attachment-144452\" class=\"size-full wp-image-144452\" src=\"https:\/\/senoticias.com.br\/se\/wp-content\/uploads\/2024\/10\/IMG_0266.jpeg\" alt=\"\" width=\"600\" height=\"400\" srcset=\"https:\/\/senoticias.com.br\/se\/wp-content\/uploads\/2024\/10\/IMG_0266.jpeg 600w, https:\/\/senoticias.com.br\/se\/wp-content\/uploads\/2024\/10\/IMG_0266-300x200.jpeg 300w, https:\/\/senoticias.com.br\/se\/wp-content\/uploads\/2024\/10\/IMG_0266-90x60.jpeg 90w, https:\/\/senoticias.com.br\/se\/wp-content\/uploads\/2024\/10\/IMG_0266-180x120.jpeg 180w, https:\/\/senoticias.com.br\/se\/wp-content\/uploads\/2024\/10\/IMG_0266-95x64.jpeg 95w\" sizes=\"(max-width: 600px) 100vw, 600px\" \/><\/a><p id=\"caption-attachment-144452\" class=\"wp-caption-text\">Credenciamento para o FASC tem inscri\u00e7\u00f5es at\u00e9 o dia 11 deste m\u00eas &#8211; Foto: Victor Balde<\/p><\/div>\n<p>O edital, agora dispon\u00edvel no Mapa Cultural de S\u00e3o Crist\u00f3v\u00e3o, abrange uma ampla variedade de manifesta\u00e7\u00f5es culturais, incluindo M\u00fasica, Teatro, Audiovisual, Dan\u00e7as, Circo, Literatura, Cultura Popular afro-brasileira, Artes Visuais, Moda e Artesanato. Al\u00e9m das apresenta\u00e7\u00f5es art\u00edsticas, o credenciamento tamb\u00e9m inclui atividades de forma\u00e7\u00e3o e capacita\u00e7\u00e3o, promovendo a valoriza\u00e7\u00e3o e difus\u00e3o das artes no munic\u00edpio.<\/p>\n<p>&nbsp;<\/p>\n<p>Segundo Elma Santos, diretora de arte e cultura da Fumctur, \u201co credenciamento de profissionais da cultura \u00e9 permanente e as pessoas podem se inscrever a qualquer momento, por\u00e9m, estamos dando o prazo at\u00e9 o dia 11 deste m\u00eas para que consigamos, at\u00e9 aquela data, selecionar os artistas para participar do FASC. Ou seja, os profissionais interessados em participar do festival deste ano devem garantir sua inscri\u00e7\u00e3o at\u00e9 esta data para serem considerados no processo de curadoria\u201d, explicou.<\/p>\n<p>&nbsp;<\/p>\n<p>Os candidatos que atenderem aos requisitos descritos no edital, como ser maior de 18 anos e residir no estado de Sergipe h\u00e1 pelo menos um ano, poder\u00e3o se credenciar. Cada proponente pode realizar at\u00e9 quatro inscri\u00e7\u00f5es, desde que comprove atua\u00e7\u00e3o em cada \u00e1rea pretendida. As apresenta\u00e7\u00f5es art\u00edsticas ter\u00e3o uma dura\u00e7\u00e3o m\u00ednima de 30 minutos e m\u00e1xima de 120 minutos, variando conforme a modalidade.<\/p>\n<p>&nbsp;<\/p>\n<p>As inscri\u00e7\u00f5es s\u00e3o gratuitas e devem ser realizadas atrav\u00e9s do site <a href=\"http:\/\/www.mapacultural.saocristovao.se.gov.br\">www.mapacultural.saocristovao.se.gov.br<\/a>.<\/p>\n<p>&nbsp;<\/p>\n<p><strong><em>Acompanhe tamb\u00e9m o SE Not\u00edcias no\u00a0<a href=\"https:\/\/www.instagram.com\/senoticias\/\" target=\"_blank\" rel=\"noreferrer noopener\">Instagram<\/a><\/em><\/strong>,\u00a0<strong><em>\u00a0<a href=\"https:\/\/www.facebook.com\/senoticias1\" target=\"_blank\" rel=\"noreferrer noopener\">Facebook<\/a>\u00a0e\u00a0no<\/em>\u00a0<em><a href=\"https:\/\/twitter.com\/Senoticias\">X<\/a><\/em><\/strong><\/p>\n<p>Da Assessoria de Imprensa<\/p>\n<p>&nbsp;<\/p>\n","protected":false},"excerpt":{"rendered":"<p>A Prefeitura de S\u00e3o Crist\u00f3v\u00e3o, por meio da Funda\u00e7\u00e3o Municipal de Cultura e Turismo &#8220;Jo\u00e3o Bebe \u00c1gua&#8221; (Fumctur), refor\u00e7a o prazo final para as inscri\u00e7\u00f5es no credenciamento de profissionais da cultura que desejam participar da sele\u00e7\u00e3o de atra\u00e7\u00f5es do Festival de Artes de S\u00e3o Crist\u00f3v\u00e3o (FASC). Embora o credenciamento seja cont\u00ednuo, os interessados em integrar [&hellip;]<\/p>\n","protected":false},"author":6557,"featured_media":0,"comment_status":"closed","ping_status":"closed","sticky":false,"template":"","format":"standard","meta":{"footnotes":""},"categories":[15,21],"tags":[2699,6904,5842,42377],"class_list":{"0":"post-144451","1":"post","2":"type-post","3":"status-publish","4":"format-standard","6":"category-destaques","7":"category-entretenimento","8":"tag-edital","9":"tag-fasc","10":"tag-festival-de-artes-de-sao-cristovao","11":"tag-inscricoes-do-fasc"},"_links":{"self":[{"href":"https:\/\/senoticias.com.br\/se\/wp-json\/wp\/v2\/posts\/144451"}],"collection":[{"href":"https:\/\/senoticias.com.br\/se\/wp-json\/wp\/v2\/posts"}],"about":[{"href":"https:\/\/senoticias.com.br\/se\/wp-json\/wp\/v2\/types\/post"}],"author":[{"embeddable":true,"href":"https:\/\/senoticias.com.br\/se\/wp-json\/wp\/v2\/users\/6557"}],"replies":[{"embeddable":true,"href":"https:\/\/senoticias.com.br\/se\/wp-json\/wp\/v2\/comments?post=144451"}],"version-history":[{"count":0,"href":"https:\/\/senoticias.com.br\/se\/wp-json\/wp\/v2\/posts\/144451\/revisions"}],"wp:attachment":[{"href":"https:\/\/senoticias.com.br\/se\/wp-json\/wp\/v2\/media?parent=144451"}],"wp:term":[{"taxonomy":"category","embeddable":true,"href":"https:\/\/senoticias.com.br\/se\/wp-json\/wp\/v2\/categories?post=144451"},{"taxonomy":"post_tag","embeddable":true,"href":"https:\/\/senoticias.com.br\/se\/wp-json\/wp\/v2\/tags?post=144451"}],"curies":[{"name":"wp","href":"https:\/\/api.w.org\/{rel}","templated":true}]}}