{"id":144443,"date":"2024-10-08T13:40:56","date_gmt":"2024-10-08T16:40:56","guid":{"rendered":"https:\/\/senoticias.com.br\/se\/?p=144443"},"modified":"2024-10-08T15:23:09","modified_gmt":"2024-10-08T18:23:09","slug":"agradeco-ao-povo-da-barra-por-confiar-em-nosso-projeto-e-nos-garantir-mais-um-mandato-afirma-airton-martins","status":"publish","type":"post","link":"https:\/\/senoticias.com.br\/se\/agradeco-ao-povo-da-barra-por-confiar-em-nosso-projeto-e-nos-garantir-mais-um-mandato-afirma-airton-martins\/","title":{"rendered":"\u201cAgrade\u00e7o ao povo da Barra por confiar em nosso projeto e nos garantir mais um mandato\u201d, afirma Airton Martins"},"content":{"rendered":"<p>&nbsp;<\/p>\n<p dir=\"ltr\">Eleito prefeito da Barra dos Coqueiros no \u00faltimo domingo, 6, com 11.817 votos, Airton Martins (PSD) concedeu entrevistas para a TV Atalaia e R\u00e1dio Transam\u00e9rica, nesta ter\u00e7a-feira, 8. Ele falou sobre o resultado das elei\u00e7\u00f5es e refor\u00e7ou o compromisso de promover uma gest\u00e3o que retome o desenvolvimento do munic\u00edpio e esteja pr\u00f3xima das pessoas.<\/p>\n<p>&nbsp;<\/p>\n<p dir=\"ltr\">\u201cAgrade\u00e7o ao povo da Barra por confiar em nosso projeto e nos garantir mais um mandato, al\u00e9m da maioria dos vereadores que ir\u00e3o compor a C\u00e2mara Municipal. Estou preparado para assumir a prefeitura e administrar para todos, promovendo as obras necess\u00e1rias, mas, acima de tudo, cuidando das pessoas\u201d, afirmou.<\/p>\n<div id=\"attachment_144444\" style=\"width: 570px\" class=\"wp-caption aligncenter\"><a href=\"https:\/\/senoticias.com.br\/se\/wp-content\/uploads\/2024\/10\/Ayrton-Martins-se-noticias.jpeg\"><img loading=\"lazy\" decoding=\"async\" aria-describedby=\"caption-attachment-144444\" class=\"size-full wp-image-144444\" src=\"https:\/\/senoticias.com.br\/se\/wp-content\/uploads\/2024\/10\/Ayrton-Martins-se-noticias.jpeg\" alt=\"\" width=\"560\" height=\"567\" srcset=\"https:\/\/senoticias.com.br\/se\/wp-content\/uploads\/2024\/10\/Ayrton-Martins-se-noticias.jpeg 560w, https:\/\/senoticias.com.br\/se\/wp-content\/uploads\/2024\/10\/Ayrton-Martins-se-noticias-296x300.jpeg 296w\" sizes=\"(max-width: 560px) 100vw, 560px\" \/><\/a><p id=\"caption-attachment-144444\" class=\"wp-caption-text\">Airton destacou que a elei\u00e7\u00e3o ficou no passado e o momento agora \u00e9 de olhar para o futuro &#8211; Foto: ascom\/divulga\u00e7\u00e3o<\/p><\/div>\n<p dir=\"ltr\">Airton destacou que a elei\u00e7\u00e3o ficou no passado e o momento agora \u00e9 de olhar para o futuro. \u201cA elei\u00e7\u00e3o passou, ent\u00e3o vamos deixar a animosidade pol\u00edtica para tr\u00e1s. Agora \u00e9 o momento de unir a popula\u00e7\u00e3o e trabalhar por todos os cidad\u00e3os da Barra. Vamos cuidar da cidade, com um olhar especial para a popula\u00e7\u00e3o carente do munic\u00edpio\u201d, pontuou.<\/p>\n<p>&nbsp;<\/p>\n<p dir=\"ltr\">O prefeito eleito tamb\u00e9m indicou algumas prioridades de sua nova gest\u00e3o. \u201cA sa\u00fade ser\u00e1 a prioridade, seguida da educa\u00e7\u00e3o e da mobilidade urbana. Al\u00e9m de atender outras demandas da Barra. Pretendemos construir um novo pr\u00e9dio para o hospital da Barra, muito mais moderno e estruturado para melhor atender a popula\u00e7\u00e3o\u201d, salientou.<\/p>\n<p>&nbsp;<\/p>\n<p dir=\"ltr\">\u201cPrecisamos atuar de forma conjunta no investimento ao turismo, gera\u00e7\u00e3o de emprego e o desenvolvimento sustent\u00e1vel, mas prezando tamb\u00e9m pela preserva\u00e7\u00e3o ambiental. Temos v\u00e1rias \u00e1reas que n\u00e3o tem esgotamento sanit\u00e1rio, a exemplo da Atalaia Nova, que \u00e9 tamb\u00e9m um local tur\u00edstico. Precisamos cuidar disso imediatamente, pois saneamento \u00e9 uma quest\u00e3o de sa\u00fade\u201d, completou Airton Martins.<\/p>\n<p>&nbsp;<\/p>\n<p dir=\"ltr\">Outro ponto abordado foi o transporte p\u00fablico que, recentemente, concluiu a licita\u00e7\u00e3o. \u201cVamos buscar o Cons\u00f3rcio do transporte p\u00fablico para cobrar a amplia\u00e7\u00e3o do servi\u00e7o na Barra, pois o munic\u00edpio cresceu muito e ampliou a sua popula\u00e7\u00e3o e precisa ter garantida a qualidade do transporte\u201d, ressaltou.<\/p>\n<p dir=\"ltr\"><strong><em>Acompanhe tamb\u00e9m o SE Not\u00edcias no\u00a0<a href=\"https:\/\/www.instagram.com\/senoticias\/\" target=\"_blank\" rel=\"noreferrer noopener\">Instagram<\/a><\/em><\/strong>,\u00a0<strong><em>\u00a0<a href=\"https:\/\/www.facebook.com\/senoticias1\" target=\"_blank\" rel=\"noreferrer noopener\">Facebook<\/a>\u00a0e\u00a0no<\/em>\u00a0<em><a href=\"https:\/\/twitter.com\/Senoticias\">X<\/a><\/em><\/strong><\/p>\n<p dir=\"ltr\"><em>Da Assessoria de Imprensa<\/em><\/p>\n","protected":false},"excerpt":{"rendered":"<p>&nbsp; Eleito prefeito da Barra dos Coqueiros no \u00faltimo domingo, 6, com 11.817 votos, Airton Martins (PSD) concedeu entrevistas para a TV Atalaia e R\u00e1dio Transam\u00e9rica, nesta ter\u00e7a-feira, 8. Ele falou sobre o resultado das elei\u00e7\u00f5es e refor\u00e7ou o compromisso de promover uma gest\u00e3o que retome o desenvolvimento do munic\u00edpio e esteja pr\u00f3xima das pessoas. [&hellip;]<\/p>\n","protected":false},"author":6557,"featured_media":144444,"comment_status":"closed","ping_status":"closed","sticky":false,"template":"","format":"standard","meta":{"footnotes":""},"categories":[15,6],"tags":[174,3141],"class_list":{"0":"post-144443","1":"post","2":"type-post","3":"status-publish","4":"format-standard","5":"has-post-thumbnail","7":"category-destaques","8":"category-politica","9":"tag-airton-martins","10":"tag-barra-dos-coqueiros"},"_links":{"self":[{"href":"https:\/\/senoticias.com.br\/se\/wp-json\/wp\/v2\/posts\/144443"}],"collection":[{"href":"https:\/\/senoticias.com.br\/se\/wp-json\/wp\/v2\/posts"}],"about":[{"href":"https:\/\/senoticias.com.br\/se\/wp-json\/wp\/v2\/types\/post"}],"author":[{"embeddable":true,"href":"https:\/\/senoticias.com.br\/se\/wp-json\/wp\/v2\/users\/6557"}],"replies":[{"embeddable":true,"href":"https:\/\/senoticias.com.br\/se\/wp-json\/wp\/v2\/comments?post=144443"}],"version-history":[{"count":0,"href":"https:\/\/senoticias.com.br\/se\/wp-json\/wp\/v2\/posts\/144443\/revisions"}],"wp:featuredmedia":[{"embeddable":true,"href":"https:\/\/senoticias.com.br\/se\/wp-json\/wp\/v2\/media\/144444"}],"wp:attachment":[{"href":"https:\/\/senoticias.com.br\/se\/wp-json\/wp\/v2\/media?parent=144443"}],"wp:term":[{"taxonomy":"category","embeddable":true,"href":"https:\/\/senoticias.com.br\/se\/wp-json\/wp\/v2\/categories?post=144443"},{"taxonomy":"post_tag","embeddable":true,"href":"https:\/\/senoticias.com.br\/se\/wp-json\/wp\/v2\/tags?post=144443"}],"curies":[{"name":"wp","href":"https:\/\/api.w.org\/{rel}","templated":true}]}}