{"id":144425,"date":"2024-10-07T14:30:46","date_gmt":"2024-10-07T17:30:46","guid":{"rendered":"https:\/\/senoticias.com.br\/se\/?p=144425"},"modified":"2024-10-07T19:08:28","modified_gmt":"2024-10-07T22:08:28","slug":"derrota-de-danilo-na-barra-repercute-nacionalmente","status":"publish","type":"post","link":"https:\/\/senoticias.com.br\/se\/derrota-de-danilo-na-barra-repercute-nacionalmente\/","title":{"rendered":"Derrota de Danilo de Lula na Barra dos Coqueiros repercute nacionalmente"},"content":{"rendered":"<p class=\"p2\"><span class=\"s1\">A fragorosa derrota de Danilo Segundo (PT) na disputa pela prefeitura da Barra dos Coqueiros foi not\u00edcia nacional. A Rede CNN Brasil publicou reportagem, nesta segunda-feira (7) com o t\u00edtulo \u201cCom 3,26% dos votos, genro de Lula perde elei\u00e7\u00e3o para prefeito em Sergipe\u201d.<\/span><\/p>\n<div class=\"mceTemp\">\n<div id=\"attachment_144426\" style=\"width: 439px\" class=\"wp-caption aligncenter\"><a href=\"https:\/\/senoticias.com.br\/se\/wp-content\/uploads\/2024\/10\/IMG_0260.png\"><img loading=\"lazy\" decoding=\"async\" aria-describedby=\"caption-attachment-144426\" class=\"size-full wp-image-144426\" src=\"https:\/\/senoticias.com.br\/se\/wp-content\/uploads\/2024\/10\/IMG_0260.png\" alt=\"\" width=\"429\" height=\"535\" srcset=\"https:\/\/senoticias.com.br\/se\/wp-content\/uploads\/2024\/10\/IMG_0260.png 429w, https:\/\/senoticias.com.br\/se\/wp-content\/uploads\/2024\/10\/IMG_0260-241x300.png 241w\" sizes=\"(max-width: 429px) 100vw, 429px\" \/><\/a><p id=\"caption-attachment-144426\" class=\"wp-caption-text\"><br \/>A derrota de Danilo Segundo (PT) na disputa pela prefeitura da Barra dos Coqueiros foi not\u00edcia nacional\u00a0 &#8211; Foto: redes sociais<\/p><\/div>\n<p class=\"p2\"><span class=\"s1\">O candidato recebeu apenas 781 votos, o que representa 3,26% dos votos v\u00e1lidos, e ocupou a terceira posi\u00e7\u00e3o na disputa. O vitorioso foi o ex-prefeito da Barra, Airton Martins (49,30% dos votos). O atual gestor Alberto Macedo (MDB) Alberto Macedo foi votado por 47,44% dos eleitores.<\/span><\/p>\n<p class=\"p2\"><span class=\"s1\">Para tentar a vit\u00f3ria, o genro do presidente Lula chegou a gravar um v\u00eddeo pessoalmente com o sogro, mas n\u00e3o foi o suficiente para garantir a conquista do petista.<\/span><\/p>\n<p class=\"p2\"><span class=\"s1\">Nas redes sociais, Danilo Segundo se manifestou, nesta segunda-feira (7), sobre a derrota nas urnas e agradeceu pelos 781 votos. \u201cMuito obrigado a todos barracoqueirenses que acreditaram na mudan\u00e7a. Nossa caminhada por uma Barra dos Coqueiros para todos foi linda. Quem luta por uma cidade mais justa n\u00e3o descansa. Seguimos juntos! Agrade\u00e7o a cada voto de confian\u00e7a. A Barra continua merecendo mais\u201d, registrou o genro de Lula.<\/span><\/p>\n<p class=\"p2\"><em><span class=\"s1\">Fonte: Rede CNN Brasil\u00a0<\/span><\/em><\/p>\n<\/div>\n","protected":false},"excerpt":{"rendered":"<p>A fragorosa derrota de Danilo Segundo (PT) na disputa pela prefeitura da Barra dos Coqueiros foi not\u00edcia nacional. A Rede CNN Brasil publicou reportagem, nesta segunda-feira (7) com o t\u00edtulo \u201cCom 3,26% dos votos, genro de Lula perde elei\u00e7\u00e3o para prefeito em Sergipe\u201d. O candidato recebeu apenas 781 votos, o que representa 3,26% dos votos [&hellip;]<\/p>\n","protected":false},"author":6557,"featured_media":144426,"comment_status":"closed","ping_status":"closed","sticky":false,"template":"","format":"standard","meta":{"footnotes":""},"categories":[15,6],"tags":[42371,42374,38426],"class_list":{"0":"post-144425","1":"post","2":"type-post","3":"status-publish","4":"format-standard","5":"has-post-thumbnail","7":"category-destaques","8":"category-politica","9":"tag-danilo-da-barra","10":"tag-danilo-de-lula","11":"tag-eleicoes-2024"},"_links":{"self":[{"href":"https:\/\/senoticias.com.br\/se\/wp-json\/wp\/v2\/posts\/144425"}],"collection":[{"href":"https:\/\/senoticias.com.br\/se\/wp-json\/wp\/v2\/posts"}],"about":[{"href":"https:\/\/senoticias.com.br\/se\/wp-json\/wp\/v2\/types\/post"}],"author":[{"embeddable":true,"href":"https:\/\/senoticias.com.br\/se\/wp-json\/wp\/v2\/users\/6557"}],"replies":[{"embeddable":true,"href":"https:\/\/senoticias.com.br\/se\/wp-json\/wp\/v2\/comments?post=144425"}],"version-history":[{"count":0,"href":"https:\/\/senoticias.com.br\/se\/wp-json\/wp\/v2\/posts\/144425\/revisions"}],"wp:featuredmedia":[{"embeddable":true,"href":"https:\/\/senoticias.com.br\/se\/wp-json\/wp\/v2\/media\/144426"}],"wp:attachment":[{"href":"https:\/\/senoticias.com.br\/se\/wp-json\/wp\/v2\/media?parent=144425"}],"wp:term":[{"taxonomy":"category","embeddable":true,"href":"https:\/\/senoticias.com.br\/se\/wp-json\/wp\/v2\/categories?post=144425"},{"taxonomy":"post_tag","embeddable":true,"href":"https:\/\/senoticias.com.br\/se\/wp-json\/wp\/v2\/tags?post=144425"}],"curies":[{"name":"wp","href":"https:\/\/api.w.org\/{rel}","templated":true}]}}