{"id":144421,"date":"2024-10-07T14:15:46","date_gmt":"2024-10-07T17:15:46","guid":{"rendered":"https:\/\/senoticias.com.br\/se\/?p=144421"},"modified":"2024-10-07T14:15:46","modified_gmt":"2024-10-07T17:15:46","slug":"nat-divulga-70-vagas-de-emprego-nesta-segunda-feira","status":"publish","type":"post","link":"https:\/\/senoticias.com.br\/se\/nat-divulga-70-vagas-de-emprego-nesta-segunda-feira\/","title":{"rendered":"NAT divulga 70 vagas de emprego nesta segunda-feira"},"content":{"rendered":"<p class=\"p1\"><span class=\"s1\">Um total de 70 vagas de emprego est\u00e3o abertas, sob a intermedia\u00e7\u00e3o do N\u00facleo de Apoio ao Trabalho (NAT), setor vinculado \u00e0 Secretaria de Estado do Trabalho, Emprego e Empreendedorismo (Seteem), nesta segunda-feira, 7. Dentre as oportunidades, h\u00e1 diversas coloca\u00e7\u00f5es para atuar em restaurantes como dez vagas para gar\u00e7om, seis para cozinheiro, al\u00e9m de barman, ma\u00eetre e auxiliar de bar.<\/span><\/p>\n<p><a href=\"https:\/\/senoticias.com.br\/se\/wp-content\/uploads\/2024\/10\/IMG_0258-e1728321260578.jpeg\"><img loading=\"lazy\" decoding=\"async\" class=\"size-full wp-image-144422 aligncenter\" src=\"https:\/\/senoticias.com.br\/se\/wp-content\/uploads\/2024\/10\/IMG_0258-e1728321260578.jpeg\" alt=\"\" width=\"599\" height=\"332\" \/><\/a><\/p>\n<p class=\"p1\"><span class=\"s1\">Al\u00e9m destas, h\u00e1 12 vagas afirmativas para mulheres e cinco para Pessoa com Defici\u00eancia (PcD). Para concorrer a uma dessas coloca\u00e7\u00f5es para o mercado formal de trabalho, \u00e9 preciso ir at\u00e9 a sede do \u00f3rg\u00e3o, localizado na Rua Santa Luzia, 680, no bairro S\u00e3o Jos\u00e9, em Aracaju. O atendimento ao p\u00fablico ocorre de segunda a sexta-feira, das 7h \u00e0s 13h.<\/span><\/p>\n<p class=\"p1\"><span class=\"s1\">Os candidatos devem portar os principais documentos pessoais (RG, CPF, carteira de trabalho f\u00edsica ou digital, comprovante de resid\u00eancia atualizado), al\u00e9m de curr\u00edculo e certificados que comprovem experi\u00eancias profissionais anteriores.\u00a0No caso de pessoas com defici\u00eancia (PcDs), \u00e9 preciso apresentar o tamb\u00e9m o laudo m\u00e9dico.<\/span><\/p>\n<p class=\"p1\"><span class=\"s1\">S\u00e3o oportunidades para os n\u00edveis fundamental, m\u00e9dio e superior, com ou sem experi\u00eancia comprovada. Para mais informa\u00e7\u00f5es, entrar em contato via WhatsApp <a href=\"tel:79%2099198-0027\">79 99198-0027<\/a>. As vagas s\u00e3o sempre divulgadas no perfil da Seteem, no Instagram @<a href=\"http:\/\/trabalho.se\/\">trabalho.se<\/a>, e no perfil do NAT, no Instagram @nat_sergipe.<\/span><\/p>\n<p class=\"p1\"><span class=\"s1\">\u00a0<\/span><\/p>\n<p class=\"p1\"><span class=\"s1\">Confira todas as vagas dispon\u00edveis:<\/span><\/p>\n<p class=\"p1\"><span class=\"s1\">\u00a0<\/span><\/p>\n<p class=\"p1\"><span class=\"s1\">10 vagas para gar\u00e7om<\/span><\/p>\n<p class=\"p1\"><span class=\"s1\">Requisitos: m\u00e9dio completo, experi\u00eancia em atendimento, restaurante \u00e0 la carte e servi\u00e7o de vinhos comprovada em CTPS.<\/span><\/p>\n<p class=\"p1\"><span class=\"s1\">\u00a0<\/span><\/p>\n<p class=\"p1\"><span class=\"s1\">6 vagas para cozinheiro<\/span><\/p>\n<p class=\"p1\"><span class=\"s1\">Requisitos: fundamental completo e experi\u00eancia comprovada em CTPS.<\/span><\/p>\n<p class=\"p1\"><span class=\"s1\">\u00a0<\/span><\/p>\n<p class=\"p1\"><span class=\"s1\">1 vaga para ma\u00eetre<\/span><\/p>\n<p class=\"p1\"><span class=\"s1\">Requisitos: experi\u00eancia em atendimento em servi\u00e7o de sal\u00e3o, lideran\u00e7a e servi\u00e7os de vinhos.<\/span><\/p>\n<p class=\"p1\"><span class=\"s1\">\u00a0<\/span><\/p>\n<p class=\"p1\"><span class=\"s1\">2 vagas para barman<\/span><\/p>\n<p class=\"p1\"><span class=\"s1\">Requisitos: ensino m\u00e9dio completo, experi\u00eancia com coquet\u00e9is, vinhos, champanhes, habilidade com atendimento ao cliente e controle de estoque (comprova\u00e7\u00e3o em CTPS).<\/span><\/p>\n<p class=\"p1\"><span class=\"s1\">\u00a0<\/span><\/p>\n<p class=\"p1\"><span class=\"s1\">2 vagas para auxiliar de bar<\/span><\/p>\n<p class=\"p1\"><span class=\"s1\">Requisitos: ensino m\u00e9dio completo, experi\u00eancia com coquet\u00e9is, vinhos e habilidade com atendimento ao cliente (comprova\u00e7\u00e3o em CTPS).<\/span><\/p>\n<p class=\"p1\"><span class=\"s1\">\u00a0<\/span><\/p>\n<p class=\"p1\"><span class=\"s1\">2 vagas para cumim<\/span><\/p>\n<p class=\"p1\"><span class=\"s1\">Requisitos: ensino m\u00e9dio completo e experi\u00eancia na fun\u00e7\u00e3o (comprovada em CTPS).<\/span><\/p>\n<p class=\"p1\"><span class=\"s1\">\u00a0<\/span><\/p>\n<p class=\"p1\"><span class=\"s1\">1 vaga para motorista de caminh\u00e3o<\/span><\/p>\n<p class=\"p1\"><span class=\"s1\">Requisitos: ensino fundamental completo, habilita\u00e7\u00e3o categoria D, experi\u00eancia m\u00ednima de seis meses na fun\u00e7\u00e3o comprovada em CTPS e experi\u00eancia na rota S\u00e3o Paulo\/ Macei\u00f3 e demais estados do Nordeste, para dirigir caminh\u00e3o truck ba\u00fa.<\/span><\/p>\n<p class=\"p1\"><span class=\"s1\">\u00a0<\/span><\/p>\n<p class=\"p1\"><span class=\"s1\">1 vaga para t\u00e9cnico em edifica\u00e7\u00f5es<\/span><\/p>\n<p class=\"p1\"><span class=\"s1\">Requisitos: curso t\u00e9cnico em edifica\u00e7\u00f5es e seis meses de experi\u00eancia na fun\u00e7\u00e3o (comprovada em CTPS).<\/span><\/p>\n<p class=\"p1\"><span class=\"s1\">\u00a0<\/span><\/p>\n<p class=\"p1\"><span class=\"s1\">1 vaga para dedetizador<\/span><\/p>\n<p class=\"p1\"><span class=\"s1\">Requisitos: ensino fundamental incompleto e experi\u00eancia n\u00e3o comprovada na CTPS.<\/span><\/p>\n<p class=\"p1\"><span class=\"s1\">\u00a0<\/span><\/p>\n<p class=\"p1\"><span class=\"s1\">1 vaga para marceneiro<\/span><\/p>\n<p class=\"p1\"><span class=\"s1\">Requisitos: ensino m\u00e9dio completo, experi\u00eancia m\u00ednima de seis meses (comprovada em CTPS) e habilita\u00e7\u00e3o categoria A.<\/span><\/p>\n<p class=\"p1\"><span class=\"s1\">\u00a0<\/span><\/p>\n<p class=\"p1\"><span class=\"s1\">6 vagas para pedreiro<\/span><\/p>\n<p class=\"p1\"><span class=\"s1\">Requisitos: fundamental incompleto e experi\u00eancia comprovada em CTPS.<\/span><\/p>\n<p class=\"p1\"><span class=\"s1\">\u00a0<\/span><\/p>\n<p class=\"p1\"><span class=\"s1\">3 vagas para carpinteiro<\/span><\/p>\n<p class=\"p1\"><span class=\"s1\">Requisitos: fundamental incompleto e experi\u00eancia comprovada em CTPS.<\/span><\/p>\n<p class=\"p1\"><span class=\"s1\">\u00a0<\/span><\/p>\n<p class=\"p1\"><span class=\"s1\">1 vaga para auxiliar de servi\u00e7os gerais<\/span><\/p>\n<p class=\"p1\"><span class=\"s1\">Requisitos: m\u00e9dio completo e experi\u00eancia na fun\u00e7\u00e3o (comprovada em CTPS)<\/span><\/p>\n<p class=\"p1\"><span class=\"s1\">\u00a0<\/span><\/p>\n<p class=\"p1\"><span class=\"s1\">1 vaga para atendente em loja de pe\u00e7as odontol\u00f3gicas<\/span><\/p>\n<p class=\"p1\"><span class=\"s1\">Requisitos: m\u00e9dio completo e experi\u00eancia com atendimento ao p\u00fablico.<\/span><\/p>\n<p class=\"p1\"><span class=\"s1\">\u00a0<\/span><\/p>\n<p class=\"p1\"><span class=\"s1\">1 vaga para or\u00e7amentista<\/span><\/p>\n<p class=\"p1\"><span class=\"s1\">Requisitos: curso t\u00e9cnico em edifica\u00e7\u00f5es e seis meses de experi\u00eancia na fun\u00e7\u00e3o (comprovada em CTPS).<\/span><\/p>\n<p class=\"p1\"><span class=\"s1\">\u00a0<\/span><\/p>\n<p class=\"p1\"><span class=\"s1\">4 vagas para ajudante de produ\u00e7\u00e3o de constru\u00e7\u00e3o civil<\/span><\/p>\n<p class=\"p1\"><span class=\"s1\">Requisitos: experi\u00eancia na fun\u00e7\u00e3o comprovada em CTPS.<\/span><\/p>\n<p class=\"p1\"><span class=\"s1\">\u00a0<\/span><\/p>\n<p class=\"p1\"><span class=\"s1\">2 vagas para operador de m\u00e1quina de constru\u00e7\u00e3o civil<\/span><\/p>\n<p class=\"p1\"><span class=\"s1\">Requisitos: experi\u00eancia na fun\u00e7\u00e3o comprovada em CTPS.<\/span><\/p>\n<p class=\"p1\"><span class=\"s1\">\u00a0<\/span><\/p>\n<p class=\"p1\"><span class=\"s1\">1 vaga para comprador<\/span><\/p>\n<p class=\"p1\"><span class=\"s1\">Requisitos: ensino m\u00e9dio completo, experi\u00eancia de seis meses comprovada em CTPS, habilita\u00e7\u00e3o categoria &#8216;B&#8217;\u00a0e conhecimento do sistema &#8216;Datasul&#8217;.<\/span><\/p>\n<p class=\"p1\"><span class=\"s1\">\u00a0<\/span><\/p>\n<p class=\"p1\"><span class=\"s1\">1 vaga para cozinheiro<\/span><\/p>\n<p class=\"p1\"><span class=\"s1\">Requisitos: ensino m\u00e9dio completo, experi\u00eancia como cozinheiro comprovada em CTPS.<\/span><\/p>\n<p class=\"p1\"><span class=\"s1\">\u00a0<\/span><\/p>\n<p class=\"p1\"><span class=\"s1\">4 vagas para vendedor externo<\/span><\/p>\n<p class=\"p1\"><span class=\"s1\">Requisitos: superior cursando, experi\u00eancia com vendas, negocia\u00e7\u00e3o, atendimento ao p\u00fablico, pacote Office e ve\u00edculo pr\u00f3prio (comprovada em CTPS).<\/span><\/p>\n<p class=\"p1\"><span class=\"s1\">\u00a0<\/span><\/p>\n<p class=\"p1\"><span class=\"s1\">1 vaga para motorista<\/span><\/p>\n<p class=\"p1\"><span class=\"s1\">Requisitos: ensino fundamental completo, habilita\u00e7\u00e3o categoria B e experi\u00eancia na fun\u00e7\u00e3o comprovada em CTPS.<\/span><\/p>\n<p class=\"p1\"><span class=\"s1\">\u00a0<\/span><\/p>\n<p class=\"p1\"><span class=\"s1\">Vagas afirmativas para\u00a0 mulheres<\/span><\/p>\n<p class=\"p1\"><span class=\"s1\">\u00a0<\/span><\/p>\n<p class=\"p1\"><span class=\"s1\">10 vagas para auxiliar de cozinha<\/span><\/p>\n<p class=\"p1\"><span class=\"s1\">Requisitos: ensino m\u00e9dio completo, experi\u00eancia na fun\u00e7\u00e3o.<\/span><\/p>\n<p class=\"p1\"><span class=\"s1\">\u00a0<\/span><\/p>\n<p class=\"p1\"><span class=\"s1\">1 vaga para recepcionista<\/span><\/p>\n<p class=\"p1\"><span class=\"s1\">Requisitos: ensino m\u00e9dio completo e experi\u00eancia na fun\u00e7\u00e3o (comprovada em CTPS).<\/span><\/p>\n<p class=\"p1\"><span class=\"s1\">\u00a0<\/span><\/p>\n<p class=\"p1\"><span class=\"s1\">1 vaga para auziliar administrativo<\/span><\/p>\n<p class=\"p1\"><span class=\"s1\">Requisitos: m\u00e9dio completo e experi\u00eancia na fun\u00e7\u00e3o (comprovada em CTPS).<\/span><\/p>\n<p class=\"p1\"><span class=\"s1\">\u00a0<\/span><\/p>\n<p class=\"p1\"><span class=\"s1\">Vagas afirmativas para PcD<\/span><\/p>\n<p class=\"p1\"><span class=\"s1\">\u00a0<\/span><\/p>\n<p class=\"p1\"><span class=\"s1\">2 vagas para auxiliar administrativo<\/span><\/p>\n<p class=\"p1\"><span class=\"s1\">Sem requisitos.<\/span><\/p>\n<p class=\"p1\"><span class=\"s1\">\u00a0<\/span><\/p>\n<p class=\"p1\"><span class=\"s1\">2 vagas para servente de obras<\/span><\/p>\n<p class=\"p1\"><span class=\"s1\">Sem requisitos.<\/span><\/p>\n<p class=\"p1\"><span class=\"s1\">\u00a0<\/span><\/p>\n<p class=\"p1\"><span class=\"s1\">1 vaga para servi\u00e7os gerais<\/span><\/p>\n<p class=\"p1\"><span class=\"s1\">Requisitos: ensino fundamental completo.<\/span><\/p>\n<p><strong><em>Acompanhe tamb\u00e9m o SE Not\u00edcias no\u00a0<a href=\"https:\/\/www.instagram.com\/senoticias\/\" target=\"_blank\" rel=\"noreferrer noopener\">Instagram<\/a><\/em><\/strong>,\u00a0<strong><em>\u00a0<a href=\"https:\/\/www.facebook.com\/senoticias1\" target=\"_blank\" rel=\"noreferrer noopener\">Facebook<\/a>\u00a0e\u00a0no<\/em>\u00a0<em><a href=\"https:\/\/twitter.com\/Senoticias\">X<\/a><\/em><\/strong><\/p>\n<p>Fonte: SSP SE<\/p>\n","protected":false},"excerpt":{"rendered":"<p>Um total de 70 vagas de emprego est\u00e3o abertas, sob a intermedia\u00e7\u00e3o do N\u00facleo de Apoio ao Trabalho (NAT), setor vinculado \u00e0 Secretaria de Estado do Trabalho, Emprego e Empreendedorismo (Seteem), nesta segunda-feira, 7. Dentre as oportunidades, h\u00e1 diversas coloca\u00e7\u00f5es para atuar em restaurantes como dez vagas para gar\u00e7om, seis para cozinheiro, al\u00e9m de barman, [&hellip;]<\/p>\n","protected":false},"author":6557,"featured_media":0,"comment_status":"closed","ping_status":"closed","sticky":false,"template":"","format":"standard","meta":{"footnotes":""},"categories":[15],"tags":[3254,34467],"class_list":{"0":"post-144421","1":"post","2":"type-post","3":"status-publish","4":"format-standard","6":"category-destaques","7":"tag-nat","8":"tag-vagas-de-emprego"},"_links":{"self":[{"href":"https:\/\/senoticias.com.br\/se\/wp-json\/wp\/v2\/posts\/144421"}],"collection":[{"href":"https:\/\/senoticias.com.br\/se\/wp-json\/wp\/v2\/posts"}],"about":[{"href":"https:\/\/senoticias.com.br\/se\/wp-json\/wp\/v2\/types\/post"}],"author":[{"embeddable":true,"href":"https:\/\/senoticias.com.br\/se\/wp-json\/wp\/v2\/users\/6557"}],"replies":[{"embeddable":true,"href":"https:\/\/senoticias.com.br\/se\/wp-json\/wp\/v2\/comments?post=144421"}],"version-history":[{"count":0,"href":"https:\/\/senoticias.com.br\/se\/wp-json\/wp\/v2\/posts\/144421\/revisions"}],"wp:attachment":[{"href":"https:\/\/senoticias.com.br\/se\/wp-json\/wp\/v2\/media?parent=144421"}],"wp:term":[{"taxonomy":"category","embeddable":true,"href":"https:\/\/senoticias.com.br\/se\/wp-json\/wp\/v2\/categories?post=144421"},{"taxonomy":"post_tag","embeddable":true,"href":"https:\/\/senoticias.com.br\/se\/wp-json\/wp\/v2\/tags?post=144421"}],"curies":[{"name":"wp","href":"https:\/\/api.w.org\/{rel}","templated":true}]}}