{"id":144413,"date":"2024-10-07T06:25:43","date_gmt":"2024-10-07T09:25:43","guid":{"rendered":"https:\/\/senoticias.com.br\/se\/?p=144413"},"modified":"2024-10-07T07:41:07","modified_gmt":"2024-10-07T10:41:07","slug":"julio-de-marcos-santana-confirma-favoritismo-e-e-eleito-prefeito-de-sao-cristovao-com-5374-dos-votos-validos","status":"publish","type":"post","link":"https:\/\/senoticias.com.br\/se\/julio-de-marcos-santana-confirma-favoritismo-e-e-eleito-prefeito-de-sao-cristovao-com-5374-dos-votos-validos\/","title":{"rendered":"J\u00falio de Marcos Santana confirma favoritismo e \u00e9 eleito prefeito de S\u00e3o Crist\u00f3v\u00e3o com 53,74% dos votos v\u00e1lidos"},"content":{"rendered":"<p>J\u00falio de Marcos Santana, 48 anos, do Uni\u00e3o Brasil, foi eleito neste domingo, 6, prefeito de S\u00e3o Crist\u00f3v\u00e3o para os pr\u00f3ximos quatro anos. Ao fim da apura\u00e7\u00e3o, J\u00falio de Marcos Santana teve 25.872 votos, 53,74% dos votos v\u00e1lidos.<\/p>\n<p>J\u00falio de Marcos Santana (UNI\u00c3O): 25.872 votos, 53,74% dos votos v\u00e1lidos<br \/>\nDiego Prado (PSD): 20.802 votos, 43,21% dos votos v\u00e1lidos<br \/>\nDa\u00eda (PSOL): 915 votos, 1,90% dos votos v\u00e1lidos<br \/>\nEr\u00f3 Nunes Pipoca (AGIR): 554 votos, 1,15% dos votos v\u00e1lidos<\/p>\n<div id=\"attachment_144415\" style=\"width: 517px\" class=\"wp-caption aligncenter\"><a href=\"https:\/\/senoticias.com.br\/se\/wp-content\/uploads\/2024\/10\/Julio-prefeito-se-noticias.jpg\"><img loading=\"lazy\" decoding=\"async\" aria-describedby=\"caption-attachment-144415\" class=\"size-full wp-image-144415\" src=\"https:\/\/senoticias.com.br\/se\/wp-content\/uploads\/2024\/10\/Julio-prefeito-se-noticias.jpg\" alt=\"\" width=\"507\" height=\"662\" srcset=\"https:\/\/senoticias.com.br\/se\/wp-content\/uploads\/2024\/10\/Julio-prefeito-se-noticias.jpg 507w, https:\/\/senoticias.com.br\/se\/wp-content\/uploads\/2024\/10\/Julio-prefeito-se-noticias-230x300.jpg 230w\" sizes=\"(max-width: 507px) 100vw, 507px\" \/><\/a><p id=\"caption-attachment-144415\" class=\"wp-caption-text\">Ao fim da apura\u00e7\u00e3o, J\u00falio de Marcos Santana teve 25.872 votos &#8211; Foto: ascom\/divulga\u00e7\u00e3o<\/p><\/div>\n<p>Com a vit\u00f3ria, J\u00falio de Marcos Santana vai para o primeiro mandato de prefeito de S\u00e3o Crist\u00f3v\u00e3o. Ele ter\u00e1 ao seu lado como vice-prefeita a ex-vereadora Gedalva Umbaub\u00e1<\/p>\n<p>J\u00falio de Marcos Santana disputou a Prefeitura pela primeira vez, mas contou com o apoio do atual prefeito do munic\u00edpio por dois mandatos consecutivos, Marcos Santana (2017-2024), al\u00e9m do deputado estadual, Paulo J\u00fanior.<\/p>\n<p><strong>Fatores para o favoritismo de J\u00falio de Marcos Santana<\/strong><\/p>\n<p>Entre os fatores determinantes para a vit\u00f3ria de J\u00falio est\u00e3o suas a\u00e7\u00f5es \u00e0 frente da Secretaria de Infraestrutura nos \u00faltimos quatro anos. J\u00falio de Marcos Santana \u00e9 ex-secret\u00e1rio de Infraestrutura do munic\u00edpio de S\u00e3o Crist\u00f3v\u00e3o, e foi o respons\u00e1vel pelas transforma\u00e7\u00f5es urban\u00edsticas que o munic\u00edpio de S\u00e3o Crist\u00f3v\u00e3o vem ganhando nos \u00faltimos anos.<\/p>\n<p><strong>Aracaju ter\u00e1 segundo turno<\/strong><\/p>\n<p>Em Aracaju, Em\u00edlia Corr\u00eaa, PL, confirmou o seu favoritismo ao conquistar 126.365 votos, representando 41,62% do total. A briga pelo segundo lugar era grande entre Yandra Moura, Uni\u00e3o Brasil, e Luiz Roberto, PDT. Nesse p\u00e1reo deu o candidato apoiado por Edvaldo Nogueira e F\u00e1bio Mitidieri com 72.427 votos (23,86%). Em\u00edlia e Luiz voltar\u00e3o \u00e0s urnas no dia 27 de outubro.<\/p>\n<p><strong>Confira rela\u00e7\u00e3o de prefeitos eleitos<\/strong><\/p>\n<p>1. Amparo de S\u00e3o Francisco: Marcos Sandes, Republicanos \u2013 1.497 votos (54,46%)<br \/>\n2. Aquidab\u00e3: Ana Helena de Dr. M\u00e1rio, Uni\u00e3o Brasil \u2013 8.651 votos (61,06%)<br \/>\n3. Arau\u00e1: Dr. F\u00e1bio, PT \u2013 6.384 votos (86,21%)<br \/>\n4. Areia Branca: Talysson de Valmir, PL \u2013 7.827 votos (60,15%)<br \/>\n5. Barra dos Coqueiros: Airton Martins, PSD \u2013 11.817 votos (49,30%)<br \/>\n6. Boquim: Jackson do Mangue Grande, PSD \u2013 9.142 votos (52,43%)<br \/>\n7. Brejo Grande: Luiz Carlos, PSD \u2013 4.350 votos (63,03%)<br \/>\n8. Campo do Brito: Medici de Main \u2013 8.128 votos (64,84%)<br \/>\n9. Canhoba: Chrystophe Divino \u2013 3.019 votos (76,51%)<br \/>\n10. Canind\u00e9 de S\u00e3o Francisco: Machadinho, Uni\u00e3o Brasil \u2013 10.125 votos (52,83%)<br \/>\n11. Capela: Junior de Dr. Carlos Milton, MDB \u2013 11.381 votos (53,73%)<br \/>\n12. Carira: Diogo Machado, PSD \u2013 10.755 votos (82,60%)<br \/>\n13. Carm\u00f3polis: Edi Leite, PL \u2013 5.347 votos (53,18%)<br \/>\n14. Cedro de S\u00e3o Jo\u00e3o: Neudo Alves, Uni\u00e3o Brasil \u2013 3.258 votos (70,53%)<br \/>\n15. Cristin\u00e1polis: Sandro de Jesus, PT \u2013 6.941 votos (59,03%)<br \/>\n16. Cumbe: Eri, Uni\u00e3o Brasil \u2013 2.124 votos (52,72%)<br \/>\n17. Divina Pastora: Izabel de Nollet, Uni\u00e3o Brasil \u2013 1.859 votos (50,37%)<br \/>\n18. Est\u00e2ncia: Andr\u00e9 Gra\u00e7a, PSD \u2013 16.586 votos (43,41%)<br \/>\n19. Feira Nova: Jean de Gerino, PSD \u2013 3.727 votos (67,86%)<br \/>\n20. Frei Paulo: Rafael da Vidra\u00e7aria, PSD \u2013 6.859 votos (59,25%)<br \/>\n21. Gararu: Zete de Janj\u00e3o, PSD \u2013 5.178 votos (63,11%)<br \/>\n22. General Maynard: Marcones Melo, PSD \u2013 1.516 votos (51,27%)<br \/>\n23. Graccho Cardoso: Casinho \u2013 3.100 votos (53,74%)<br \/>\n24. Ilha das Flores: Robson Martins \u2013 4.324 votos (71,39%)<br \/>\n25. Indiaroba: Marcos Sertanejo \u2013 7.047 votos (63,61%)<br \/>\n26. Itabaiana: Valmir de Francisquinho \u2013 35.897 votos (58,61%)<br \/>\n27. Itabaianinha: Eraldo do Frigor\u00edfico \u2013 14.138 votos (52,65%)<br \/>\n28. Itabi: Gabi de Lica, PP \u2013 2.341 votos (56,38%)<br \/>\n29. Itaporanga D\u2019Ajuda: Ivan Sobral, Uni\u00e3o Brasil \u2013 12.501 votos (53,60%)<br \/>\n30. Japaratuba: Decio de Lara, Uni\u00e3o Brasil \u2013 6.030 votos (52,01%)<br \/>\n31. Japoat\u00e3: Careca da Samam, PDT \u2013 6.486 votos (69,32%)<br \/>\n32. Lagarto: S\u00e9rgio Reis, PSD \u2013 33.387 votos (51,21%)<br \/>\n33. Laranjeiras: Juca de Bala, MDB \u2013 11.901 votos (70,20%)<br \/>\n34. Macambira: Carisvaldo Souza, Uni\u00e3o Brasil \u2013 3.184 votos (53,50%)<br \/>\n35. Malhada dos Bois: F\u00e1bio de Dona Rosa, PP \u2013 1.983 votos (54,54%)<br \/>\n36. Malhador: Assisinho, PSD \u2013 7.015 votos (87,01%)<br \/>\n37. Maruim: Gilberto Maynard, PT \u2013 4.551 votos (44,09%)<br \/>\n38. Moita Bonita: Dr. Vagner, PP \u2013 5.636 votos (71,64%)<br \/>\n39. Monte Alegre de Sergipe: Evandro Silva, PSD \u2013 5.747 votos (53,20%)<br \/>\n40. Muribeca: M\u00e1rio de Sandra, PSD \u2013 4.016 votos (63,18%)<br \/>\n41. Ne\u00f3polis: Allysson de Amintas, PSD \u2013 7.074 votos (61,78%)<br \/>\n42. Nossa Senhora Aparecida: Jeane da Farm\u00e1cia, PL \u2013 4.310 votos (65,27%)<br \/>\n43. Nossa Senhora da Gl\u00f3ria: Luana Oliveira, PSD \u2013 17.701 votos (76,84%)<br \/>\n44. Nossa Senhora das Dores: Ianna de Dr. Thiago \u2013 8.206 votos (48,02%)<br \/>\n45. Nossa Senhora de Lourdes: Dr. Saulo Galeguinho, PT \u2013 2.846 votos (52,65%)<br \/>\n46. Nossa Senhora do Socorro: Dr. Samuel Carvalho, Cidadania \u2013 56.391 votos (59,12%)<br \/>\n47. Pacatuba: Iara Martins, PSD \u2013 5.374 votos (57,23%)<br \/>\n48. Pedra Mole: Z\u00e9 Augusto de Z\u00e9 de Lol\u00f3, PSD \u2013 1.759 votos (55,89%)<br \/>\n49. Pedrinhas: France de Domingos, PSD \u2013 3.372 votos (52,02%)<br \/>\n50. Pinh\u00e3o: Dr. Charles, PL \u2013 2.938 votos (64,12%)<br \/>\n51. Pirambu: Guilherme, Uni\u00e3o Brasil \u2013 3.605 votos (52,72%)<br \/>\n52. Porto da Folha: Everton da Sa\u00fade, Uni\u00e3o Brasil \u2013 10.589 votos (51,89%)<br \/>\n53. Po\u00e7o Redondo: Vado Gavi\u00e3o, Uni\u00e3o Brasil \u2013 9.597 votos (53,82%)<br \/>\n54. Po\u00e7o Verde: Roberto Barrac\u00e3o, Uni\u00e3o Brasil \u2013 8.407 votos (52,37%)<br \/>\n55. Propri\u00e1: Luciano de Menininha, PP \u2013 9.235 votos (55,68%)<br \/>\n56. Riachuelo: Petinho de Jo\u00e3o Grande, MDB \u2013 3.109 votos (45,16%)<br \/>\n57. Riach\u00e3o do Dantas: Galego, PSD \u2013 6.363 votos (43,36%)<br \/>\n58. Ribeir\u00f3polis: Rog\u00e9rio Sobral, PSB \u2013 7.142 votos (60,52%)<br \/>\n59. Ros\u00e1rio do Catete: C\u00e9sar Resende, Uni\u00e3o Brasil \u2013 4.619 votos (63,50%)<br \/>\n60. Salgado: Givanildo Costa, PT \u2013 6.540 votos (44,22%)<br \/>\n61. Santa Luzia do Itanhy: Adauto Amor, PSD \u2013 6.033 votos (60,48%)<br \/>\n62. Santa Rosa de Lima: Janilson Alves, Uni\u00e3o Brasil \u2013 2.244 votos (53,43%)<br \/>\n63. Santana do S\u00e3o Francisco: Ricardo Roriz, PSD \u20133.180 votos (61,39%)<br \/>\n64. Santo Amaro das Brotas: Paulo C\u00e9sar, Uni\u00e3o Brasil \u2013 4.483 votos (55,56%)<br \/>\n65. Sim\u00e3o Dias: Cristiano Viana, PT \u2013 15.253 votos (50,67%)<br \/>\n66. Siriri: Daiane Oliveira, Podemos \u2013 3.019 votos (52,30%)<br \/>\n<strong>67. S\u00e3o Crist\u00f3v\u00e3o: J\u00falio de Marcos Santana, Uni\u00e3o Brasil \u2013 25.872 votos (53,74%)<\/strong><br \/>\n68. S\u00e3o Domingos: Binho, Uni\u00e3o Brasil \u2013 3.616 votos (53,18%)<br \/>\n69. S\u00e3o Francisco: Dudu, Uni\u00e3o Brasil \u2013 1.995 votos (57,71%)<br \/>\n70. S\u00e3o Miguel do Aleixo: Cleane de Everton, Uni\u00e3o Brasil \u2013 2.728 votos (100,00%)<br \/>\n71. Telha: Lucas de Fl\u00e1vio, PSD, 2.270 votos (71,36%)<br \/>\n72. Tobias Barreto: Dilson de Agripino, PSD \u2013 17.584 votos (53,85%)<br \/>\n73. Tomar do Geru: Jal Constru\u00e7\u00f5es, PSD \u2013 4.915 votos (58,74%)<br \/>\n74. Umba\u00faba: Juliana Cardoso, Republicanos \u2013 9.206 votos (60,49%)<\/p>\n<p><strong><em>Acompanhe tamb\u00e9m o SE Not\u00edcias no\u00a0<a href=\"https:\/\/www.instagram.com\/senoticias\/\" target=\"_blank\" rel=\"noreferrer noopener\">Instagram<\/a><\/em><\/strong>,\u00a0<strong><em>\u00a0<a href=\"https:\/\/www.facebook.com\/senoticias1\" target=\"_blank\" rel=\"noreferrer noopener\">Facebook<\/a>\u00a0e\u00a0no<\/em>\u00a0<em><a href=\"https:\/\/twitter.com\/Senoticias\">X<\/a><\/em><\/strong><\/p>\n<p>&nbsp;<\/p>\n<p>&nbsp;<\/p>\n<p>&nbsp;<\/p>\n","protected":false},"excerpt":{"rendered":"<p>J\u00falio de Marcos Santana, 48 anos, do Uni\u00e3o Brasil, foi eleito neste domingo, 6, prefeito de S\u00e3o Crist\u00f3v\u00e3o para os pr\u00f3ximos quatro anos. Ao fim da apura\u00e7\u00e3o, J\u00falio de Marcos Santana teve 25.872 votos, 53,74% dos votos v\u00e1lidos. J\u00falio de Marcos Santana (UNI\u00c3O): 25.872 votos, 53,74% dos votos v\u00e1lidos Diego Prado (PSD): 20.802 votos, 43,21% [&hellip;]<\/p>\n","protected":false},"author":6557,"featured_media":144415,"comment_status":"closed","ping_status":"closed","sticky":false,"template":"","format":"standard","meta":{"footnotes":""},"categories":[15,6,1],"tags":[41993,675,335],"class_list":{"0":"post-144413","1":"post","2":"type-post","3":"status-publish","4":"format-standard","5":"has-post-thumbnail","7":"category-destaques","8":"category-politica","9":"category-sem-categoria","10":"tag-julio-de-marcos-santana","11":"tag-prefeito-de-sao-cristovao","12":"tag-sao-cristovao"},"_links":{"self":[{"href":"https:\/\/senoticias.com.br\/se\/wp-json\/wp\/v2\/posts\/144413"}],"collection":[{"href":"https:\/\/senoticias.com.br\/se\/wp-json\/wp\/v2\/posts"}],"about":[{"href":"https:\/\/senoticias.com.br\/se\/wp-json\/wp\/v2\/types\/post"}],"author":[{"embeddable":true,"href":"https:\/\/senoticias.com.br\/se\/wp-json\/wp\/v2\/users\/6557"}],"replies":[{"embeddable":true,"href":"https:\/\/senoticias.com.br\/se\/wp-json\/wp\/v2\/comments?post=144413"}],"version-history":[{"count":0,"href":"https:\/\/senoticias.com.br\/se\/wp-json\/wp\/v2\/posts\/144413\/revisions"}],"wp:featuredmedia":[{"embeddable":true,"href":"https:\/\/senoticias.com.br\/se\/wp-json\/wp\/v2\/media\/144415"}],"wp:attachment":[{"href":"https:\/\/senoticias.com.br\/se\/wp-json\/wp\/v2\/media?parent=144413"}],"wp:term":[{"taxonomy":"category","embeddable":true,"href":"https:\/\/senoticias.com.br\/se\/wp-json\/wp\/v2\/categories?post=144413"},{"taxonomy":"post_tag","embeddable":true,"href":"https:\/\/senoticias.com.br\/se\/wp-json\/wp\/v2\/tags?post=144413"}],"curies":[{"name":"wp","href":"https:\/\/api.w.org\/{rel}","templated":true}]}}