{"id":144411,"date":"2024-10-06T13:34:40","date_gmt":"2024-10-06T16:34:40","guid":{"rendered":"https:\/\/senoticias.com.br\/se\/?p=144411"},"modified":"2024-10-06T13:34:40","modified_gmt":"2024-10-06T16:34:40","slug":"mulher-e-esfaqueada-pelo-ex-companheiro-dentro-de-local-de-votacao-em-aracaju-suspeito-foi-atingido-por-tiro-apos-intervencao-da-policia-militar","status":"publish","type":"post","link":"https:\/\/senoticias.com.br\/se\/mulher-e-esfaqueada-pelo-ex-companheiro-dentro-de-local-de-votacao-em-aracaju-suspeito-foi-atingido-por-tiro-apos-intervencao-da-policia-militar\/","title":{"rendered":"Mulher \u00e9 esfaqueada pelo ex-companheiro dentro de local de vota\u00e7\u00e3o em Aracaju; suspeito foi atingido por tiro ap\u00f3s interven\u00e7\u00e3o da Pol\u00edcia Militar"},"content":{"rendered":"<p>Uma mulher foi esfaqueada pelo ex-companheiro dentro do Centro de Excel\u00eancia Jo\u00e3o Costa, no Bairro Get\u00falio Vargas, em Aracaju, que funciona neste domingo (6) como local de vota\u00e7\u00e3o. O suspeito foi baleado por um policial militar e est\u00e1 gravemente ferido. A informa\u00e7\u00e3o foi confirmada pela Secretaria de Seguran\u00e7a P\u00fablica de Sergipe (SSP). O suspeito foi identificado como Lauriedson Santos de Almeida.<\/p>\n<div id=\"attachment_144412\" style=\"width: 594px\" class=\"wp-caption aligncenter\"><a href=\"https:\/\/senoticias.com.br\/se\/wp-content\/uploads\/2024\/10\/Facada-em-mulher-se-noticias.jpg\"><img loading=\"lazy\" decoding=\"async\" aria-describedby=\"caption-attachment-144412\" class=\"size-full wp-image-144412\" src=\"https:\/\/senoticias.com.br\/se\/wp-content\/uploads\/2024\/10\/Facada-em-mulher-se-noticias.jpg\" alt=\"\" width=\"584\" height=\"466\" srcset=\"https:\/\/senoticias.com.br\/se\/wp-content\/uploads\/2024\/10\/Facada-em-mulher-se-noticias.jpg 584w, https:\/\/senoticias.com.br\/se\/wp-content\/uploads\/2024\/10\/Facada-em-mulher-se-noticias-300x239.jpg 300w, https:\/\/senoticias.com.br\/se\/wp-content\/uploads\/2024\/10\/Facada-em-mulher-se-noticias-45x35.jpg 45w\" sizes=\"(max-width: 584px) 100vw, 584px\" \/><\/a><p id=\"caption-attachment-144412\" class=\"wp-caption-text\">A v\u00edtima teve cortes nas costas e foi socorrida por populares, e, depois, por equipes do Servi\u00e7o de Atendimento M\u00f3vel de Urg\u00eancia (Samu).<\/p><\/div>\n<p>No momento do crime, a mulher estava dentro da escola com o filho e a m\u00e3e. &#8220;A gente foi entrando, ele j\u00e1 apareceu dali correndo com uma faca peixeira. \u2018eu num lhe disse que ia lhe pegar?\u2019. Minha filha saiu com meu neto correndo e eu chamando a pol\u00edcia. Depois eu escutei uns tiros\u201d, disse a m\u00e3e dela, Aniuskatahane Bezerra Camacho.<\/p>\n<p>Ainda de acordo com ela, a mulher e o suspeito tiveram um relacionamento por 14 anos e um filho de 10, mas se separaram e ela solicitou uma medida protetiva ap\u00f3s amea\u00e7as. De acordo com a SSP, ele j\u00e1 foi indiciado em 2019 por desacato e, em 2012, respondeu a um inqu\u00e9rito policial por perturba\u00e7\u00e3o de tranquilidade.<\/p>\n<p><strong><em>Acompanhe tamb\u00e9m o SE Not\u00edcias no\u00a0<a href=\"https:\/\/www.instagram.com\/senoticias\/\" target=\"_blank\" rel=\"noreferrer noopener\">Instagram<\/a><\/em><\/strong>,\u00a0<strong><em>\u00a0<a href=\"https:\/\/www.facebook.com\/senoticias1\" target=\"_blank\" rel=\"noreferrer noopener\">Facebook<\/a>\u00a0e\u00a0no<\/em>\u00a0<em><a href=\"https:\/\/twitter.com\/Senoticias\">X<\/a><\/em><\/strong><\/p>\n<p>Informa\u00e7\u00f5es do G1\/SE<\/p>\n","protected":false},"excerpt":{"rendered":"<p>Uma mulher foi esfaqueada pelo ex-companheiro dentro do Centro de Excel\u00eancia Jo\u00e3o Costa, no Bairro Get\u00falio Vargas, em Aracaju, que funciona neste domingo (6) como local de vota\u00e7\u00e3o. O suspeito foi baleado por um policial militar e est\u00e1 gravemente ferido. A informa\u00e7\u00e3o foi confirmada pela Secretaria de Seguran\u00e7a P\u00fablica de Sergipe (SSP). O suspeito foi [&hellip;]<\/p>\n","protected":false},"author":6557,"featured_media":144412,"comment_status":"closed","ping_status":"closed","sticky":false,"template":"","format":"standard","meta":{"footnotes":""},"categories":[15,7],"tags":[5690,13131],"class_list":{"0":"post-144411","1":"post","2":"type-post","3":"status-publish","4":"format-standard","5":"has-post-thumbnail","7":"category-destaques","8":"category-policia","9":"tag-feminicidio","10":"tag-mulher-esfaqueada"},"_links":{"self":[{"href":"https:\/\/senoticias.com.br\/se\/wp-json\/wp\/v2\/posts\/144411"}],"collection":[{"href":"https:\/\/senoticias.com.br\/se\/wp-json\/wp\/v2\/posts"}],"about":[{"href":"https:\/\/senoticias.com.br\/se\/wp-json\/wp\/v2\/types\/post"}],"author":[{"embeddable":true,"href":"https:\/\/senoticias.com.br\/se\/wp-json\/wp\/v2\/users\/6557"}],"replies":[{"embeddable":true,"href":"https:\/\/senoticias.com.br\/se\/wp-json\/wp\/v2\/comments?post=144411"}],"version-history":[{"count":0,"href":"https:\/\/senoticias.com.br\/se\/wp-json\/wp\/v2\/posts\/144411\/revisions"}],"wp:featuredmedia":[{"embeddable":true,"href":"https:\/\/senoticias.com.br\/se\/wp-json\/wp\/v2\/media\/144412"}],"wp:attachment":[{"href":"https:\/\/senoticias.com.br\/se\/wp-json\/wp\/v2\/media?parent=144411"}],"wp:term":[{"taxonomy":"category","embeddable":true,"href":"https:\/\/senoticias.com.br\/se\/wp-json\/wp\/v2\/categories?post=144411"},{"taxonomy":"post_tag","embeddable":true,"href":"https:\/\/senoticias.com.br\/se\/wp-json\/wp\/v2\/tags?post=144411"}],"curies":[{"name":"wp","href":"https:\/\/api.w.org\/{rel}","templated":true}]}}