{"id":144400,"date":"2024-10-04T15:21:50","date_gmt":"2024-10-04T18:21:50","guid":{"rendered":"https:\/\/senoticias.com.br\/se\/?p=144400"},"modified":"2024-10-04T15:21:50","modified_gmt":"2024-10-04T18:21:50","slug":"perseguicao-da-policia-militar-a-alberto-macedo-e-aliados-gera-apreensao-na-barra-dos-coqueiros","status":"publish","type":"post","link":"https:\/\/senoticias.com.br\/se\/perseguicao-da-policia-militar-a-alberto-macedo-e-aliados-gera-apreensao-na-barra-dos-coqueiros\/","title":{"rendered":"Persegui\u00e7\u00e3o da Pol\u00edcia Militar a Alberto Macedo e aliados gera apreens\u00e3o na Barra dos Coqueiros"},"content":{"rendered":"<p>O prefeito da Barra dos Coqueiros, Alberto Macedo (Uni\u00e3o Brasil), candidato \u00e0 reelei\u00e7\u00e3o, usou as suas redes sociais na noite desta quinta-feira, 3, para denunciar persegui\u00e7\u00e3o e abuso de poder que ele, candidatos a vereador e aliados pol\u00edticos vem sofrendo da Pol\u00edcia Militar (PM) nesta reta final da campanha eleitoral. Ele ir\u00e1 acionar \u00f3rg\u00e3os competentes.<\/p>\n<div id=\"attachment_144401\" style=\"width: 593px\" class=\"wp-caption aligncenter\"><a href=\"https:\/\/senoticias.com.br\/se\/wp-content\/uploads\/2024\/10\/IMG_0253.jpeg\"><img loading=\"lazy\" decoding=\"async\" aria-describedby=\"caption-attachment-144401\" class=\"size-full wp-image-144401\" src=\"https:\/\/senoticias.com.br\/se\/wp-content\/uploads\/2024\/10\/IMG_0253.jpeg\" alt=\"\" width=\"583\" height=\"819\" srcset=\"https:\/\/senoticias.com.br\/se\/wp-content\/uploads\/2024\/10\/IMG_0253.jpeg 583w, https:\/\/senoticias.com.br\/se\/wp-content\/uploads\/2024\/10\/IMG_0253-214x300.jpeg 214w\" sizes=\"(max-width: 583px) 100vw, 583px\" \/><\/a><p id=\"caption-attachment-144401\" class=\"wp-caption-text\">Candidato Alberto Macedo denuncia persegui\u00e7\u00e3o da Pol\u00edcia Militar &#8211; Foto: ascom\/divulga\u00e7\u00e3o<\/p><\/div>\n<p>Na tarde desta quinta, policiais militares descaracterizados foram at\u00e9 a resid\u00eancia de Alberto para intimid\u00e1-lo. \u201cEstamos sendo perseguidos descaradamente. De forma desesperada, nossos advers\u00e1rios tentam nos intimidar mais uma vez usando a for\u00e7a p\u00fablica. Hoje, a pol\u00edcia esteve em minha porta, alegando uma suposta den\u00fancia. Se est\u00e3o fazendo isso comigo, que sou prefeito, imaginem com voc\u00ea, trabalhador e cidad\u00e3o de bem. E n\u00e3o \u00e9 a primeira vez que passam em minha porta de forma amea\u00e7adora\u201d, relata Alberto em v\u00eddeo publicado em suas redes sociais.<\/p>\n<p>&nbsp;<\/p>\n<p>O governador de Sergipe, F\u00e1bio Mitidieri, \u00e9 aliado pol\u00edtico do ex-prefeito Airton Martins, candidato a prefeito na Barra dos Coqueiros e principal advers\u00e1rio pol\u00edtico de Alberto, o que levanta a suspeita de abuso de poder por parte da Pol\u00edcia Militar interligada \u00e0 Secretaria de Estado da Seguran\u00e7a P\u00fablica (SSP).<\/p>\n<p>&nbsp;<\/p>\n<p>Persegui\u00e7\u00e3o a vereadores<\/p>\n<p>Candidato a vereador da coliga\u00e7\u00e3o de Alberto, Zinho Souza tamb\u00e9m passou por uma abordagem fora do padr\u00e3o da Pol\u00edcia Militar, assim como outros candidatos a vereador. Ele denunciou a situa\u00e7\u00e3o, recentemente, em entrevista a um programa de r\u00e1dio.<\/p>\n<p>&nbsp;<\/p>\n<p>\u201cEu passei por toda abordagem e sequer foi pedido um documento meu, sequer pediram um documento do motorista, do carro. Eu me senti muito constrangido. Parecia que era para constranger, para inibir, para que eu evitasse estar andando na rua e visitar pessoas\u201d, relata Zinho Souza.<\/p>\n<p>&nbsp;<\/p>\n<p>Para Alberto e aliados, estes fatos t\u00eam um s\u00f3 motivo: semear medo entre o eleitorado da Barra. \u201cPrimeiro, foram atr\u00e1s dos nossos vereadores de forma arbitr\u00e1ria, tamb\u00e9m abordando os nossos correligion\u00e1rios de forma truculenta, e agora est\u00e3o tentando me atingir diretamente, passando diversas vezes de forma amea\u00e7adora em minha porta com armamento pesado. Mas eu digo: n\u00e3o v\u00e3o nos calar\u201d, desabafou Alberto.<\/p>\n<p>&nbsp;<\/p>\n<p>Den\u00fancia em \u00f3rg\u00e3os competentes<\/p>\n<p>Alberto e a sua Coliga\u00e7\u00e3o \u201cA Barra Avan\u00e7a com Trabalho\u201d ir\u00e3o acionar o Minist\u00e9rio P\u00fablico Federal (MPF), Pol\u00edcia Federal (PF) e Justi\u00e7a Eleitoral para que sejam tomadas todas medidas necess\u00e1rias contra a situa\u00e7\u00e3o.<\/p>\n<p>&nbsp;<\/p>\n<p>\u201c\u00c9 inadmiss\u00edvel que estejamos sendo perseguidos desta maneira. Se \u00e9 uma a\u00e7\u00e3o de rotina, por que somente n\u00f3s estamos sendo abordados? Por que est\u00e3o protegendo nossos advers\u00e1rios?\u201d, questiona Alberto.<\/p>\n<p>&nbsp;<\/p>\n<p>Em seu desabafo, Alberto pediu que seus apoiadores se tranquilizem e se mantenham firmes, pois \u201cningu\u00e9m vai comprar nosso sil\u00eancio com medo e opress\u00e3o\u201d. \u201cNo domingo, daremos a resposta: n\u00e3o aceitamos intimida\u00e7\u00e3o e o tempo dos coron\u00e9is ficou no passado. Vamos mostrar que quem manda na Barra \u00e9 o povo\u201d, afirma.<\/p>\n<p>&nbsp;<\/p>\n<p>Cancelamento inesperado de evento<\/p>\n<p>Outro fato que chamou aten\u00e7\u00e3o na Barra foi a inesperada interrup\u00e7\u00e3o pela Pol\u00edcia Militar da tradicional 7\u00aa Cavalgada das Coleguinhas, evento anual exclusivo das mulheres, no \u00faltimo s\u00e1bado, 28. O impedimento causou indigna\u00e7\u00e3o entre as participantes, que registraram a sua revolta nas redes sociais.<\/p>\n<p>&nbsp;<\/p>\n<p>Em um dos v\u00eddeos que circulam nas redes sociais, uma das organizadoras expressa o seu descontentamento: \u201cS\u00e3o sete anos que realizamos esse passeio e nunca teve envolvimento com pol\u00edtico. \u00c9 um evento privado. Vamos ficar com preju\u00edzo. Infelizmente, por outro evento que est\u00e1 ocorrendo aqui o nosso n\u00e3o pode acontecer. Por que o governador vem pra c\u00e1? Governador, esposa, sejam bem-vindos. Mas gastamos com transporte e n\u00f3s n\u00e3o somos bem-vindos tamb\u00e9m? Isso que voc\u00ea est\u00e1 fazendo \u00e9 feio\u201d, disse.<\/p>\n<p>&nbsp;<\/p>\n<p>O cancelamento da cavalgada coincidiu com a realiza\u00e7\u00e3o de um ato pol\u00edtico do ex-prefeito Airton Martins, que contou com a presen\u00e7a da primeira-dama do Estado, \u00c9rica Mitidieri.<\/p>\n<p><strong><em>Acompanhe tamb\u00e9m o SE Not\u00edcias no\u00a0<a href=\"https:\/\/www.instagram.com\/senoticias\/\" target=\"_blank\" rel=\"noreferrer noopener\">Instagram<\/a><\/em><\/strong>,\u00a0<strong><em>\u00a0<a href=\"https:\/\/www.facebook.com\/senoticias1\" target=\"_blank\" rel=\"noreferrer noopener\">Facebook<\/a>\u00a0e\u00a0no<\/em>\u00a0<em><a href=\"https:\/\/twitter.com\/Senoticias\">X<\/a><\/em><\/strong><\/p>\n<p>Da Assessoria de Comunica\u00e7\u00e3o Alberto Macedo<\/p>\n","protected":false},"excerpt":{"rendered":"<p>O prefeito da Barra dos Coqueiros, Alberto Macedo (Uni\u00e3o Brasil), candidato \u00e0 reelei\u00e7\u00e3o, usou as suas redes sociais na noite desta quinta-feira, 3, para denunciar persegui\u00e7\u00e3o e abuso de poder que ele, candidatos a vereador e aliados pol\u00edticos vem sofrendo da Pol\u00edcia Militar (PM) nesta reta final da campanha eleitoral. Ele ir\u00e1 acionar \u00f3rg\u00e3os competentes. [&hellip;]<\/p>\n","protected":false},"author":6557,"featured_media":0,"comment_status":"closed","ping_status":"closed","sticky":false,"template":"","format":"standard","meta":{"footnotes":""},"categories":[15,6],"tags":[38823,3141,86],"class_list":{"0":"post-144400","1":"post","2":"type-post","3":"status-publish","4":"format-standard","6":"category-destaques","7":"category-politica","8":"tag-alberto-macedo","9":"tag-barra-dos-coqueiros","10":"tag-policia-militar"},"_links":{"self":[{"href":"https:\/\/senoticias.com.br\/se\/wp-json\/wp\/v2\/posts\/144400"}],"collection":[{"href":"https:\/\/senoticias.com.br\/se\/wp-json\/wp\/v2\/posts"}],"about":[{"href":"https:\/\/senoticias.com.br\/se\/wp-json\/wp\/v2\/types\/post"}],"author":[{"embeddable":true,"href":"https:\/\/senoticias.com.br\/se\/wp-json\/wp\/v2\/users\/6557"}],"replies":[{"embeddable":true,"href":"https:\/\/senoticias.com.br\/se\/wp-json\/wp\/v2\/comments?post=144400"}],"version-history":[{"count":0,"href":"https:\/\/senoticias.com.br\/se\/wp-json\/wp\/v2\/posts\/144400\/revisions"}],"wp:attachment":[{"href":"https:\/\/senoticias.com.br\/se\/wp-json\/wp\/v2\/media?parent=144400"}],"wp:term":[{"taxonomy":"category","embeddable":true,"href":"https:\/\/senoticias.com.br\/se\/wp-json\/wp\/v2\/categories?post=144400"},{"taxonomy":"post_tag","embeddable":true,"href":"https:\/\/senoticias.com.br\/se\/wp-json\/wp\/v2\/tags?post=144400"}],"curies":[{"name":"wp","href":"https:\/\/api.w.org\/{rel}","templated":true}]}}