{"id":144342,"date":"2024-10-01T11:45:08","date_gmt":"2024-10-01T14:45:08","guid":{"rendered":"https:\/\/senoticias.com.br\/se\/?p=144342"},"modified":"2024-10-01T12:32:02","modified_gmt":"2024-10-01T15:32:02","slug":"conta-de-energia-eletrica-fica-mais-cara-a-partir-de-hoje","status":"publish","type":"post","link":"https:\/\/senoticias.com.br\/se\/conta-de-energia-eletrica-fica-mais-cara-a-partir-de-hoje\/","title":{"rendered":"Conta de energia el\u00e9trica fica mais cara a partir de hoje"},"content":{"rendered":"<p>&nbsp;<\/p>\n<p>A conta de energia el\u00e9trica fica mais cara a partir desta ter\u00e7a-feira (1\u00ba), com o acionamento da bandeira vermelha patamar 2, o est\u00e1gio tarif\u00e1rio mais alto do sistema da Ag\u00eancia Nacional de Energia El\u00e9trica (Aneel). Com a medida, o pre\u00e7o para cada 100 quilowatts-hora consumidos passa de R$ 4,463 para R$ 7,877.<\/p>\n<div class=\"mceTemp\">\n<div id=\"attachment_144344\" style=\"width: 595px\" class=\"wp-caption aligncenter\"><a href=\"https:\/\/senoticias.com.br\/se\/wp-content\/uploads\/2024\/10\/IMG_0247.jpeg\"><img loading=\"lazy\" decoding=\"async\" aria-describedby=\"caption-attachment-144344\" class=\"size-full wp-image-144344\" src=\"https:\/\/senoticias.com.br\/se\/wp-content\/uploads\/2024\/10\/IMG_0247.jpeg\" alt=\"\" width=\"585\" height=\"350\" srcset=\"https:\/\/senoticias.com.br\/se\/wp-content\/uploads\/2024\/10\/IMG_0247.jpeg 585w, https:\/\/senoticias.com.br\/se\/wp-content\/uploads\/2024\/10\/IMG_0247-300x179.jpeg 300w\" sizes=\"(max-width: 585px) 100vw, 585px\" \/><\/a><p id=\"caption-attachment-144344\" class=\"wp-caption-text\">Entra em vigor a bandeira vermelha, com a tarifa mais alta do sistema &#8211; Foto: Marcelo Casal\/Abr<\/p><\/div>\n<p>A decis\u00e3o foi anunciada na \u00faltima sexta-feira (27) em nota da Aneel, em consequ\u00eancia do risco hidrol\u00f3gico, com reservat\u00f3rios baixos, e a eleva\u00e7\u00e3o do pre\u00e7o da energia no mercado, impactada pelo custo do que foi produzido e n\u00e3o contratado.<\/p>\n<p>O sistema de bandeiras tarif\u00e1rias \u00e9 composto pelas cores verde, amarelo e vermelho, em patamares 1 e 2. A cor verde patamar 1 significa tarifa sem custo extra.<\/p>\n<p>A bandeira vermelha patamar 1 estava em vigor desde setembro, ap\u00f3s um per\u00edodo em que a bandeira verde patamar 1, a mais barata do sistema, prevaleceu por v\u00e1rios meses do ano.<\/p>\n<p>De acordo com a ag\u00eancia, o sistema de bandeiras tarif\u00e1rias \u00e9 uma forma de tornar a cobran\u00e7a complementar mais transparente aos consumidores de energia el\u00e9trica conectados ao Sistema Interligado Nacional (SIN). Criado em 2015, ele indica os custos da gera\u00e7\u00e3o de energia no Brasil e possibilita adapta\u00e7\u00f5es no consumo para redu\u00e7\u00e3o no valor da conta de luz.<\/p>\n<p><strong><em>Acompanhe tamb\u00e9m o SE Not\u00edcias no\u00a0<a href=\"https:\/\/www.instagram.com\/senoticias\/\" target=\"_blank\" rel=\"noreferrer noopener\">Instagram<\/a><\/em><\/strong>,\u00a0<strong><em>\u00a0<a href=\"https:\/\/www.facebook.com\/senoticias1\" target=\"_blank\" rel=\"noreferrer noopener\">Facebook<\/a>\u00a0e\u00a0no<\/em>\u00a0<em><a href=\"https:\/\/twitter.com\/Senoticias\">X<\/a><\/em><\/strong><\/p>\n<p>Fonte: Ag\u00eancia Brasil<\/p>\n<\/div>\n","protected":false},"excerpt":{"rendered":"<p>&nbsp; A conta de energia el\u00e9trica fica mais cara a partir desta ter\u00e7a-feira (1\u00ba), com o acionamento da bandeira vermelha patamar 2, o est\u00e1gio tarif\u00e1rio mais alto do sistema da Ag\u00eancia Nacional de Energia El\u00e9trica (Aneel). Com a medida, o pre\u00e7o para cada 100 quilowatts-hora consumidos passa de R$ 4,463 para R$ 7,877. A decis\u00e3o [&hellip;]<\/p>\n","protected":false},"author":6557,"featured_media":144344,"comment_status":"closed","ping_status":"closed","sticky":false,"template":"","format":"standard","meta":{"footnotes":""},"categories":[15,6],"tags":[959,608],"class_list":{"0":"post-144342","1":"post","2":"type-post","3":"status-publish","4":"format-standard","5":"has-post-thumbnail","7":"category-destaques","8":"category-politica","9":"tag-aneel","10":"tag-energia-eletrica"},"_links":{"self":[{"href":"https:\/\/senoticias.com.br\/se\/wp-json\/wp\/v2\/posts\/144342"}],"collection":[{"href":"https:\/\/senoticias.com.br\/se\/wp-json\/wp\/v2\/posts"}],"about":[{"href":"https:\/\/senoticias.com.br\/se\/wp-json\/wp\/v2\/types\/post"}],"author":[{"embeddable":true,"href":"https:\/\/senoticias.com.br\/se\/wp-json\/wp\/v2\/users\/6557"}],"replies":[{"embeddable":true,"href":"https:\/\/senoticias.com.br\/se\/wp-json\/wp\/v2\/comments?post=144342"}],"version-history":[{"count":0,"href":"https:\/\/senoticias.com.br\/se\/wp-json\/wp\/v2\/posts\/144342\/revisions"}],"wp:featuredmedia":[{"embeddable":true,"href":"https:\/\/senoticias.com.br\/se\/wp-json\/wp\/v2\/media\/144344"}],"wp:attachment":[{"href":"https:\/\/senoticias.com.br\/se\/wp-json\/wp\/v2\/media?parent=144342"}],"wp:term":[{"taxonomy":"category","embeddable":true,"href":"https:\/\/senoticias.com.br\/se\/wp-json\/wp\/v2\/categories?post=144342"},{"taxonomy":"post_tag","embeddable":true,"href":"https:\/\/senoticias.com.br\/se\/wp-json\/wp\/v2\/tags?post=144342"}],"curies":[{"name":"wp","href":"https:\/\/api.w.org\/{rel}","templated":true}]}}