{"id":144340,"date":"2024-10-01T11:32:07","date_gmt":"2024-10-01T14:32:07","guid":{"rendered":"https:\/\/senoticias.com.br\/se\/?p=144340"},"modified":"2024-10-01T12:34:33","modified_gmt":"2024-10-01T15:34:33","slug":"exposicao-exalta-a-beleza-da-renda-irlandesa-e-a-arte-de-altair-santo","status":"publish","type":"post","link":"https:\/\/senoticias.com.br\/se\/exposicao-exalta-a-beleza-da-renda-irlandesa-e-a-arte-de-altair-santo\/","title":{"rendered":"Exposi\u00e7\u00e3o exalta a beleza da renda irlandesa e a arte de Altair Santo"},"content":{"rendered":"<p>Integrando a programa\u00e7\u00e3o do projeto Cajucidade, o Shopping Jardins brinda o p\u00fablico com a exposi\u00e7\u00e3o \u201cAs Mulheres Rendadas pelas m\u00e3os de Altair Santo\u201d. A mostra segue em cartaz at\u00e9 o dia 31 de outubro, no espa\u00e7o pr\u00f3ximo \u00e0 loja Kalunga e a visita\u00e7\u00e3o acontece, de segunda a s\u00e1bado, das 10h \u00e0s 22h, e aos domingos e feriados, das 12h \u00e0s 20h. O acesso \u00e9 gratuito.<\/p>\n<div class=\"mceTemp\">\n<div class=\"mceTemp\">\n<div id=\"attachment_144341\" style=\"width: 610px\" class=\"wp-caption aligncenter\"><a href=\"https:\/\/senoticias.com.br\/se\/wp-content\/uploads\/2024\/10\/IMG_0245.jpeg\"><img loading=\"lazy\" decoding=\"async\" aria-describedby=\"caption-attachment-144341\" class=\"size-full wp-image-144341\" src=\"https:\/\/senoticias.com.br\/se\/wp-content\/uploads\/2024\/10\/IMG_0245.jpeg\" alt=\"\" width=\"600\" height=\"400\" srcset=\"https:\/\/senoticias.com.br\/se\/wp-content\/uploads\/2024\/10\/IMG_0245.jpeg 600w, https:\/\/senoticias.com.br\/se\/wp-content\/uploads\/2024\/10\/IMG_0245-300x200.jpeg 300w, https:\/\/senoticias.com.br\/se\/wp-content\/uploads\/2024\/10\/IMG_0245-90x60.jpeg 90w, https:\/\/senoticias.com.br\/se\/wp-content\/uploads\/2024\/10\/IMG_0245-180x120.jpeg 180w, https:\/\/senoticias.com.br\/se\/wp-content\/uploads\/2024\/10\/IMG_0245-95x64.jpeg 95w\" sizes=\"(max-width: 600px) 100vw, 600px\" \/><\/a><p id=\"caption-attachment-144341\" class=\"wp-caption-text\">As Mulheres Rendadas pelas m\u00e3os de Altair Santo\u2019 acontece at\u00e9 31 de outubro no Shopping Jardins &#8211; Foto: Ag\u00eancia Site<\/p><\/div>\n<p>A exposi\u00e7\u00e3o celebra a moda como uma forma de arte, fundindo diversas linguagens e disciplinas. A moda autoral de Altair Santo valoriza a materialidade das roupas e as colabora\u00e7\u00f5es criativas, incentivando um di\u00e1logo cont\u00ednuo que transforma a marca em uma comunidade de trabalho multidimensional e colaborativa. A iniciativa promove o conceito de rede solid\u00e1ria atrav\u00e9s do trabalho das artes\u00e3s da Associa\u00e7\u00e3o para o Desenvolvimento da Renda Irlandesa (ASDEREN), localizada na cidade de Divina Pastora.<\/p>\n<p>A mostra promete surpreender o p\u00fablico com a beleza e a sofistica\u00e7\u00e3o da renda irlandesa, trabalhada de forma \u00fanica e autoral pelo designer de moda Altair Santo. Os visitantes t\u00eam a oportunidade de apreciar oito pe\u00e7as exclusivas criadas especialmente para o Brasil Eco Fashion Week (BEFW), o maior evento de moda sustent\u00e1vel da Am\u00e9rica Latina, realizado em dezembro de 2023, em S\u00e3o Paulo.<\/p>\n<p>\u201cO projeto Cajucidade busca exaltar a nossa cultura e aproximar os nossos artistas da popula\u00e7\u00e3o e dos visitantes que chegam a Aracaju. \u00c9 com muita alegria que presenteamos o p\u00fablico com as artes de Altair Santo, das rendeiras de Divina Pastora e de Ana Caru no m\u00eas em que celebramos o Dia do Nordestino e o Dia da Sergipanidade\u201d, destaca Ac\u00e1cia Sandes, gerente de Marketing do Shopping Jardins.<\/p>\n<p>Com expografia assinada pela arquiteta Cristiana Cardoso, \u2018As Mulheres Rendadas pelas m\u00e3os de Altair Santo\u2019 re\u00fane tamb\u00e9m pe\u00e7as de cer\u00e2mica da artista sergipana Ana Caru, inspiradas nas texturas da cole\u00e7\u00e3o e conta com o apoio da DJ Anny B, Lu Cachos e Chaloc Tecidos.<\/p>\n<p>O estilista sergipano Altair Santo \u00e9 conhecido por sua est\u00e9tica inovadora e seu compromisso com a moda sustent\u00e1vel. Sua marca autoral aborda a moda como obra de arte, fundindo linguagens e disciplinas.<\/p>\n<p><strong><em>Acompanhe tamb\u00e9m o SE Not\u00edcias no\u00a0<a href=\"https:\/\/www.instagram.com\/senoticias\/\" target=\"_blank\" rel=\"noreferrer noopener\">Instagram<\/a><\/em><\/strong>,\u00a0<strong><em>\u00a0<a href=\"https:\/\/www.facebook.com\/senoticias1\" target=\"_blank\" rel=\"noreferrer noopener\">Facebook<\/a>\u00a0e\u00a0no<\/em>\u00a0<em><a href=\"https:\/\/twitter.com\/Senoticias\">X<\/a><br \/>\n<\/em><\/strong><br \/>\nDa Assessoria de Imprensa<\/p>\n<\/div>\n<\/div>\n","protected":false},"excerpt":{"rendered":"<p>Integrando a programa\u00e7\u00e3o do projeto Cajucidade, o Shopping Jardins brinda o p\u00fablico com a exposi\u00e7\u00e3o \u201cAs Mulheres Rendadas pelas m\u00e3os de Altair Santo\u201d. A mostra segue em cartaz at\u00e9 o dia 31 de outubro, no espa\u00e7o pr\u00f3ximo \u00e0 loja Kalunga e a visita\u00e7\u00e3o acontece, de segunda a s\u00e1bado, das 10h \u00e0s 22h, e aos domingos [&hellip;]<\/p>\n","protected":false},"author":6557,"featured_media":144341,"comment_status":"closed","ping_status":"closed","sticky":false,"template":"","format":"standard","meta":{"footnotes":""},"categories":[15,21],"tags":[42355,42356],"class_list":{"0":"post-144340","1":"post","2":"type-post","3":"status-publish","4":"format-standard","5":"has-post-thumbnail","7":"category-destaques","8":"category-entretenimento","9":"tag-exposicao-exalta-beleza","10":"tag-renda-irlandesa"},"_links":{"self":[{"href":"https:\/\/senoticias.com.br\/se\/wp-json\/wp\/v2\/posts\/144340"}],"collection":[{"href":"https:\/\/senoticias.com.br\/se\/wp-json\/wp\/v2\/posts"}],"about":[{"href":"https:\/\/senoticias.com.br\/se\/wp-json\/wp\/v2\/types\/post"}],"author":[{"embeddable":true,"href":"https:\/\/senoticias.com.br\/se\/wp-json\/wp\/v2\/users\/6557"}],"replies":[{"embeddable":true,"href":"https:\/\/senoticias.com.br\/se\/wp-json\/wp\/v2\/comments?post=144340"}],"version-history":[{"count":0,"href":"https:\/\/senoticias.com.br\/se\/wp-json\/wp\/v2\/posts\/144340\/revisions"}],"wp:featuredmedia":[{"embeddable":true,"href":"https:\/\/senoticias.com.br\/se\/wp-json\/wp\/v2\/media\/144341"}],"wp:attachment":[{"href":"https:\/\/senoticias.com.br\/se\/wp-json\/wp\/v2\/media?parent=144340"}],"wp:term":[{"taxonomy":"category","embeddable":true,"href":"https:\/\/senoticias.com.br\/se\/wp-json\/wp\/v2\/categories?post=144340"},{"taxonomy":"post_tag","embeddable":true,"href":"https:\/\/senoticias.com.br\/se\/wp-json\/wp\/v2\/tags?post=144340"}],"curies":[{"name":"wp","href":"https:\/\/api.w.org\/{rel}","templated":true}]}}