{"id":144332,"date":"2024-10-01T05:59:44","date_gmt":"2024-10-01T08:59:44","guid":{"rendered":"https:\/\/senoticias.com.br\/se\/?p=144332"},"modified":"2024-10-01T06:14:44","modified_gmt":"2024-10-01T09:14:44","slug":"justica-nega-recurso-de-luiz-roberto-e-demissao-por-justa-causa-da-petrobras-pode-ser-veiculada-na-propaganda-eleitoral","status":"publish","type":"post","link":"https:\/\/senoticias.com.br\/se\/justica-nega-recurso-de-luiz-roberto-e-demissao-por-justa-causa-da-petrobras-pode-ser-veiculada-na-propaganda-eleitoral\/","title":{"rendered":"Justi\u00e7a nega recurso de Luiz Roberto e demiss\u00e3o por justa causa da Petrobras pode ser veiculada na propaganda eleitoral"},"content":{"rendered":"<p>A campanha da candidata \u00e0 Prefeitura de Aracaju, Candisse Carvalho (PT), e a Federa\u00e7\u00e3o Brasil da Esperan\u00e7a, conquistaram na Justi\u00e7a o direito de continuar divulgando em seus programas eleitorais de r\u00e1dio e televis\u00e3o a demiss\u00e3o de Luiz Roberto da Petrobras por justa causa.<\/p>\n<p>\u201cA campanha de Candisse de Lula e da Federa\u00e7\u00e3o Brasil da Esperan\u00e7a, por meio da Assessoria de Comunica\u00e7\u00e3o, vem por meio de nota afirmar a vit\u00f3ria na a\u00e7\u00e3o judicial em rela\u00e7\u00e3o \u00e0s informa\u00e7\u00f5es veiculadas em nossa propaganda eleitoral, que acusa Luiz Roberto (PDT) de ter sido demitido por justa causa da Petrobras por desvio de recursos e favorecimento pessoal\u201d, comemora a coliga\u00e7\u00e3o. <em>A informa\u00e7\u00e3o \u00e9 Hora News.<\/em><\/p>\n<div id=\"attachment_144333\" style=\"width: 575px\" class=\"wp-caption aligncenter\"><a href=\"https:\/\/senoticias.com.br\/se\/wp-content\/uploads\/2024\/10\/Luiz-Roberto-SE-Noticias.jpg\"><img loading=\"lazy\" decoding=\"async\" aria-describedby=\"caption-attachment-144333\" class=\"size-full wp-image-144333\" src=\"https:\/\/senoticias.com.br\/se\/wp-content\/uploads\/2024\/10\/Luiz-Roberto-SE-Noticias.jpg\" alt=\"\" width=\"565\" height=\"432\" srcset=\"https:\/\/senoticias.com.br\/se\/wp-content\/uploads\/2024\/10\/Luiz-Roberto-SE-Noticias.jpg 565w, https:\/\/senoticias.com.br\/se\/wp-content\/uploads\/2024\/10\/Luiz-Roberto-SE-Noticias-300x229.jpg 300w, https:\/\/senoticias.com.br\/se\/wp-content\/uploads\/2024\/10\/Luiz-Roberto-SE-Noticias-45x35.jpg 45w\" sizes=\"(max-width: 565px) 100vw, 565px\" \/><\/a><p id=\"caption-attachment-144333\" class=\"wp-caption-text\">Justi\u00e7a nega recurso de Luiz Roberto &#8211; Foto: ajn1<\/p><\/div>\n<p>\u201cEssas informa\u00e7\u00f5es s\u00e3o baseadas em Fatos Ver\u00eddicos e documentos da pr\u00f3pria investiga\u00e7\u00e3o interna da estatal. No processo n\u00ba 0600694-72.2024.6.25.0001, a Coliga\u00e7\u00e3o \u201cPra Aracaju Avan\u00e7ar de Verdade\u201d e o candidato Luiz Roberto alegaram que as acusa\u00e7\u00f5es eram falsas e prejudiciais \u00e0 sua imagem, pedindo a suspens\u00e3o imediata da veicula\u00e7\u00e3o da propaganda\u201d, acrescenta.<\/p>\n<p>Ao analisar o caso, o juiz eleitoral R\u00f4mulo Dantas Brand\u00e3o indeferiu o pedido de tutela de urg\u00eancia ap\u00f3s constatar que os documentos apresentados pela defesa de Luiz Roberto, incluindo o Inqu\u00e9rito Civil PROEJ n\u00ba 81.19.01.0053, referiam-se a outra funcion\u00e1ria da Petrobras, Maria Lucinda de Melo, sem qualquer rela\u00e7\u00e3o com o candidato. Al\u00e9m disso, o relat\u00f3rio mencionado pela defesa de Luiz Roberto, que supostamente provaria sua inoc\u00eancia, n\u00e3o foi anexado ao processo, o que impossibilitou uma an\u00e1lise mais aprofundada.<\/p>\n<p>Na decis\u00e3o, o juiz destacou que \u201cem um ju\u00edzo superficial n\u00e3o se pode concluir que a propaganda eleitoral veiculada cont\u00e9m informa\u00e7\u00f5es falsas ou sabidamente inver\u00eddicas, tampouco que se trata de fake news\u201d. Ainda, segundo o magistrado, a \u201caus\u00eancia de provas mais robustas a favor do candidato inviabiliza o deferimento da tutela de urg\u00eancia\u201d.<\/p>\n<p>\u201cAnte o exposto, indefiro o pedido de tutela de urg\u00eancia formulado pelos representantes, por n\u00e3o vislumbrar a presen\u00e7a dos requisitos necess\u00e1rios \u00e0 concess\u00e3o da medida\u201d, concluiu o juiz.<\/p>\n<p>Com a decis\u00e3o judicial, a propaganda eleitoral de Candisse Carvalho informando sobre a demiss\u00e3o de Luiz Roberto da Petrobras por justa causa ser\u00e1 mantida.<\/p>\n<p>\u201cA Assessoria de Comunica\u00e7\u00e3o de Candisse de Lula refor\u00e7a que o Partido dos Trabalhadores, tanto em Aracaju quanto em \u00e2mbito nacional, tem um compromisso s\u00f3lido com a verdade e o cuidado com o povo. A divulga\u00e7\u00e3o de fatos ver\u00eddicos, como a demiss\u00e3o por justa causa de Luiz Roberto, \u00e9 necess\u00e1ria para garantir que os eleitores e eleitoras aracajuanos estejam plenamente informados e cientes da situa\u00e7\u00e3o n\u00e3o s\u00f3 do pedetista, mas de cada candidato e candidata \u00e0 Prefeitura de Aracaju\u201d, diz a campanha da petista.<\/p>\n<p>A den\u00fancia sobre a demiss\u00e3o por justa causa de Luiz Roberto foi feita pelo senador Rog\u00e9rio Carvalho (PT) em entrevista ao Jornal da Manh\u00e3 (Jovem Pan).<\/p>\n<p><strong><em>Acompanhe tamb\u00e9m o SE Not\u00edcias no\u00a0<a href=\"https:\/\/www.instagram.com\/senoticias\/\" target=\"_blank\" rel=\"noreferrer noopener\">Instagram<\/a><\/em><\/strong>,\u00a0<strong><em>\u00a0<a href=\"https:\/\/www.facebook.com\/senoticias1\" target=\"_blank\" rel=\"noreferrer noopener\">Facebook<\/a>\u00a0e\u00a0no<\/em>\u00a0<em><a href=\"https:\/\/twitter.com\/Senoticias\">X<\/a><\/em><\/strong><\/p>\n<p>Fonte: <a href=\"https:\/\/horanews.net\/justica-nega-recurso-de-luiz-roberto-e-demissao-por-justa-causa-da-petrobras-pode-ser-explorada-por-adversarios\/\"><strong>Hora News<\/strong><\/a><\/p>\n","protected":false},"excerpt":{"rendered":"<p>A campanha da candidata \u00e0 Prefeitura de Aracaju, Candisse Carvalho (PT), e a Federa\u00e7\u00e3o Brasil da Esperan\u00e7a, conquistaram na Justi\u00e7a o direito de continuar divulgando em seus programas eleitorais de r\u00e1dio e televis\u00e3o a demiss\u00e3o de Luiz Roberto da Petrobras por justa causa. \u201cA campanha de Candisse de Lula e da Federa\u00e7\u00e3o Brasil da Esperan\u00e7a, [&hellip;]<\/p>\n","protected":false},"author":6557,"featured_media":144333,"comment_status":"closed","ping_status":"closed","sticky":false,"template":"","format":"standard","meta":{"footnotes":""},"categories":[15,6],"tags":[42351,42352,3410],"class_list":{"0":"post-144332","1":"post","2":"type-post","3":"status-publish","4":"format-standard","5":"has-post-thumbnail","7":"category-destaques","8":"category-politica","9":"tag-candidato-luiz-roberto","10":"tag-demissao-por-justa-causa-da-petrobras","11":"tag-luiz-roberto"},"_links":{"self":[{"href":"https:\/\/senoticias.com.br\/se\/wp-json\/wp\/v2\/posts\/144332"}],"collection":[{"href":"https:\/\/senoticias.com.br\/se\/wp-json\/wp\/v2\/posts"}],"about":[{"href":"https:\/\/senoticias.com.br\/se\/wp-json\/wp\/v2\/types\/post"}],"author":[{"embeddable":true,"href":"https:\/\/senoticias.com.br\/se\/wp-json\/wp\/v2\/users\/6557"}],"replies":[{"embeddable":true,"href":"https:\/\/senoticias.com.br\/se\/wp-json\/wp\/v2\/comments?post=144332"}],"version-history":[{"count":0,"href":"https:\/\/senoticias.com.br\/se\/wp-json\/wp\/v2\/posts\/144332\/revisions"}],"wp:featuredmedia":[{"embeddable":true,"href":"https:\/\/senoticias.com.br\/se\/wp-json\/wp\/v2\/media\/144333"}],"wp:attachment":[{"href":"https:\/\/senoticias.com.br\/se\/wp-json\/wp\/v2\/media?parent=144332"}],"wp:term":[{"taxonomy":"category","embeddable":true,"href":"https:\/\/senoticias.com.br\/se\/wp-json\/wp\/v2\/categories?post=144332"},{"taxonomy":"post_tag","embeddable":true,"href":"https:\/\/senoticias.com.br\/se\/wp-json\/wp\/v2\/tags?post=144332"}],"curies":[{"name":"wp","href":"https:\/\/api.w.org\/{rel}","templated":true}]}}