{"id":144330,"date":"2024-09-30T21:15:25","date_gmt":"2024-10-01T00:15:25","guid":{"rendered":"https:\/\/senoticias.com.br\/se\/?p=144330"},"modified":"2024-09-30T21:15:25","modified_gmt":"2024-10-01T00:15:25","slug":"em-mais-um-final-de-semana-as-vesperas-da-eleicao-juquinha-mostra-que-e-o-grande-favorito-em-boquim","status":"publish","type":"post","link":"https:\/\/senoticias.com.br\/se\/em-mais-um-final-de-semana-as-vesperas-da-eleicao-juquinha-mostra-que-e-o-grande-favorito-em-boquim\/","title":{"rendered":"Em mais um final de semana, \u00e0s v\u00e9speras da elei\u00e7\u00e3o, Juquinha mostra que \u00e9 o grande favorito em Boquim"},"content":{"rendered":"<p>O candidato Juquinha das Plantas (Solidariedade), mais uma vez, mostrou que tem grandes chances de ganhar a elei\u00e7\u00e3o no pr\u00f3ximo dia 06 de outubro. Em mais dois grandes eventos realizados pela Coliga\u00e7\u00e3o &#8220;Para Boquim continuar no caminho certo&#8221;, (SD\/ PL\/ Federa\u00e7\u00e3o PSDB Cidadania), o candidato do atual prefeito Eraldo de Andrade deixou claro que as pesquisas apresentadas pelo agrupamento advers\u00e1rio se contrap\u00f5em com o que se v\u00ea nas ruas do munic\u00edpio da Regi\u00e3o Centro Sul do Estado. S\u00e3o milhares de pessoas, em eventos superlotados com apoiadores e correligion\u00e1rios que deixam evidente a grande vantagem que o candidato tem \u00e0 frente do advers\u00e1rio Jackson do Mangue Grande (PSD).<\/p>\n<div id=\"attachment_144331\" style=\"width: 562px\" class=\"wp-caption aligncenter\"><a href=\"https:\/\/senoticias.com.br\/se\/wp-content\/uploads\/2024\/09\/Juquinha-das-Plantas-SE-Noticias.jpg\"><img loading=\"lazy\" decoding=\"async\" aria-describedby=\"caption-attachment-144331\" class=\"size-full wp-image-144331\" src=\"https:\/\/senoticias.com.br\/se\/wp-content\/uploads\/2024\/09\/Juquinha-das-Plantas-SE-Noticias.jpg\" alt=\"\" width=\"552\" height=\"380\" srcset=\"https:\/\/senoticias.com.br\/se\/wp-content\/uploads\/2024\/09\/Juquinha-das-Plantas-SE-Noticias.jpg 552w, https:\/\/senoticias.com.br\/se\/wp-content\/uploads\/2024\/09\/Juquinha-das-Plantas-SE-Noticias-300x207.jpg 300w, https:\/\/senoticias.com.br\/se\/wp-content\/uploads\/2024\/09\/Juquinha-das-Plantas-SE-Noticias-95x64.jpg 95w\" sizes=\"(max-width: 552px) 100vw, 552px\" \/><\/a><p id=\"caption-attachment-144331\" class=\"wp-caption-text\"><br \/>Juquinha mostra que \u00e9 o grande favorito em Boquim &#8211; Foto: ascom\/divulga\u00e7\u00e3o<\/p><\/div>\n<p>Desta vez, a prova veio no s\u00e1bado (28), com um com\u00edcio no povoado Cabe\u00e7a Dantas e no domingo (29), com uma grande passeata e com\u00edcio na sede do munic\u00edpio. Ao lado do vice, Adilton Lima, Juquinha foi recepcionado e abra\u00e7ado por milhares de pessoas que participaram dos dois eventos. \u201c\u00c9 muita alegria ter essa aten\u00e7\u00e3o das pessoas, do povo de Boquim. Realmente, estou muito contente com isso tudo e tenho certeza que no dia 06 vamos conseguir nosso objetivo ao lado da popula\u00e7\u00e3o de Boquim\u201d, comemora o candidato, que tamb\u00e9m teve pesquisas ao seu favor.<\/p>\n<p>O vice, Adilton Lim, est\u00e1 bastante empolgado com toda essa movimenta\u00e7\u00e3o na cidade e povoados. \u201cSubo em ca\u00e7ambas, caminhonetes, motos, bicicletas, n\u00e3o tem como n\u00e3o se contagiar com a alegria do povo. Em todas as casas que entramos somos muito bem recepcionados. As pessoas nos ouvem e fazem suas coloca\u00e7\u00f5es. Estamos fazendo uma pol\u00edtica limpa, sem mentiras, sem ofensas, ao lado do povo\u201d, diz o jovem pol\u00edtico.<\/p>\n<p>Boquim conta com mais de 16 mil eleitores pela 4\u00aa Zona Eleitoral de Sergipe e nas \u00faltimas elei\u00e7\u00f5es o atual prefeito, Eraldo de Andrade, que ainda conta com uma forte aceita\u00e7\u00e3o popular, ganhou nos anos de 2016 e 2020, com o seu segundo mandato, que se encerra no dia 31 de dezembro. \u201cEstamos aqui para dar continuidade a um trabalho que deu e vem dando certo em nosso munic\u00edpio. A minha vontade \u00e9 fazer muito mais do que Eraldo fez por Boquim e tenho certeza que vou conseguir isso com ajuda desse povo querido da minha terra\u201d, conta Juquinha, animado para o pleito eleitoral.<\/p>\n<p><strong><em>Acompanhe tamb\u00e9m o SE Not\u00edcias no\u00a0<a href=\"https:\/\/www.instagram.com\/senoticias\/\" target=\"_blank\" rel=\"noreferrer noopener\">Instagram<\/a><\/em><\/strong>,\u00a0<strong><em>\u00a0<a href=\"https:\/\/www.facebook.com\/senoticias1\" target=\"_blank\" rel=\"noreferrer noopener\">Facebook<\/a>\u00a0e\u00a0no<\/em>\u00a0<em><a href=\"https:\/\/twitter.com\/Senoticias\">X<\/a><\/em><\/strong><\/p>\n<p>Da Assessoria de Imprensa<\/p>\n","protected":false},"excerpt":{"rendered":"<p>O candidato Juquinha das Plantas (Solidariedade), mais uma vez, mostrou que tem grandes chances de ganhar a elei\u00e7\u00e3o no pr\u00f3ximo dia 06 de outubro. Em mais dois grandes eventos realizados pela Coliga\u00e7\u00e3o &#8220;Para Boquim continuar no caminho certo&#8221;, (SD\/ PL\/ Federa\u00e7\u00e3o PSDB Cidadania), o candidato do atual prefeito Eraldo de Andrade deixou claro que as [&hellip;]<\/p>\n","protected":false},"author":6557,"featured_media":144331,"comment_status":"closed","ping_status":"closed","sticky":false,"template":"","format":"standard","meta":{"footnotes":""},"categories":[15,38],"tags":[3196,42349,41939,42350],"class_list":{"0":"post-144330","1":"post","2":"type-post","3":"status-publish","4":"format-standard","5":"has-post-thumbnail","7":"category-destaques","8":"category-municipios","9":"tag-boquim","10":"tag-juquinha","11":"tag-juquinha-das-plantas","12":"tag-prefeito-eraldo-de-andrade"},"_links":{"self":[{"href":"https:\/\/senoticias.com.br\/se\/wp-json\/wp\/v2\/posts\/144330"}],"collection":[{"href":"https:\/\/senoticias.com.br\/se\/wp-json\/wp\/v2\/posts"}],"about":[{"href":"https:\/\/senoticias.com.br\/se\/wp-json\/wp\/v2\/types\/post"}],"author":[{"embeddable":true,"href":"https:\/\/senoticias.com.br\/se\/wp-json\/wp\/v2\/users\/6557"}],"replies":[{"embeddable":true,"href":"https:\/\/senoticias.com.br\/se\/wp-json\/wp\/v2\/comments?post=144330"}],"version-history":[{"count":0,"href":"https:\/\/senoticias.com.br\/se\/wp-json\/wp\/v2\/posts\/144330\/revisions"}],"wp:featuredmedia":[{"embeddable":true,"href":"https:\/\/senoticias.com.br\/se\/wp-json\/wp\/v2\/media\/144331"}],"wp:attachment":[{"href":"https:\/\/senoticias.com.br\/se\/wp-json\/wp\/v2\/media?parent=144330"}],"wp:term":[{"taxonomy":"category","embeddable":true,"href":"https:\/\/senoticias.com.br\/se\/wp-json\/wp\/v2\/categories?post=144330"},{"taxonomy":"post_tag","embeddable":true,"href":"https:\/\/senoticias.com.br\/se\/wp-json\/wp\/v2\/tags?post=144330"}],"curies":[{"name":"wp","href":"https:\/\/api.w.org\/{rel}","templated":true}]}}