{"id":144306,"date":"2024-09-27T12:07:39","date_gmt":"2024-09-27T15:07:39","guid":{"rendered":"https:\/\/senoticias.com.br\/se\/?p=144306"},"modified":"2024-09-27T12:27:14","modified_gmt":"2024-09-27T15:27:14","slug":"desemprego-em-agosto-recua-para-66-e-alcanca-o-menor-indice-em-12-anos-diz-ibge","status":"publish","type":"post","link":"https:\/\/senoticias.com.br\/se\/desemprego-em-agosto-recua-para-66-e-alcanca-o-menor-indice-em-12-anos-diz-ibge\/","title":{"rendered":"Desemprego em agosto recua para 6,6% e alcan\u00e7a o menor \u00edndice em 12 anos, diz IBGE"},"content":{"rendered":"<p>Dados do IBGE (Instituto Brasileiro de Geografia e Estat\u00edstica) divulgados nesta sexta-feira (27) mostram que a taxa de desemprego do pa\u00eds atingiu 6,6% no trimestre finalizado em agosto. O \u00edndice \u00e9 o menor em 12 anos para o per\u00edodo e representa o menor valor de toda a s\u00e9rie hist\u00f3rica da Pnad Cont\u00ednua (Pesquisa Nacional por Amostra de Domic\u00edlios), coletada desde 2012. Anteriormente, o menor resultado era de 7%, registrado em 2014.<\/p>\n<div id=\"attachment_138633\" style=\"width: 609px\" class=\"wp-caption aligncenter\"><a href=\"https:\/\/senoticias.com.br\/se\/wp-content\/uploads\/2023\/08\/slide_397e16c730df72ebf88c115011364c49-e1692640123523.jpg\"><img loading=\"lazy\" decoding=\"async\" aria-describedby=\"caption-attachment-138633\" class=\"size-full wp-image-138633\" src=\"https:\/\/senoticias.com.br\/se\/wp-content\/uploads\/2023\/08\/slide_397e16c730df72ebf88c115011364c49-e1692640123523.jpg\" alt=\"\" width=\"599\" height=\"332\" \/><\/a><p id=\"caption-attachment-138633\" class=\"wp-caption-text\"><br \/>Esse \u00e9 o menor patamar para o trimestre desde 2012 &#8211; Arquivo\/Ag\u00eancia Brasil<\/p><\/div>\n<p>A pesquisa mostra que a popula\u00e7\u00e3o desempregada recuou nos dois per\u00edodos analisados: trimestral e anual. No primeiro, a queda foi de 6,5%, ou seja, menos 502 mil pessoas sem emprego. J\u00e1 no comparativo anual, o recuo foi de 13,4%, representando 1,1 milh\u00e3o de pessoas desocupadas. Esse \u00e9 o menor contingente desde o trimestre encerrado em janeiro de 2015.<\/p>\n<p>A popula\u00e7\u00e3o empregada tamb\u00e9m bateu recorde na s\u00e9rie hist\u00f3rica, crescendo em ambas as compara\u00e7\u00f5es: 1,2% (mais de 1,2 milh\u00e3o de pessoas) no trimestre e 2,9% (mais de 2,9 milh\u00f5es de pessoas) no ano. O n\u00edvel de ocupa\u00e7\u00e3o, ou seja, o percentual de pessoas ocupadas na popula\u00e7\u00e3o em idade para trabalhar, foi de 58,1%. Esse foi o maior n\u00edvel de ocupa\u00e7\u00e3o para um trimestre encerrado em agosto desde 2013.<\/p>\n<p>J\u00e1 a taxa de informalidade ficou em 38,8% da popula\u00e7\u00e3o ocupada, totalizando 39,8 milh\u00f5es de trabalhadores informais. No trimestre encerrado em maio, o \u00edndice era de 38,6% e, no mesmo per\u00edodo em 2023, era de 39,1%.<\/p>\n<p><strong>Veja mais informa\u00e7\u00f5es<\/strong><\/p>\n<p><strong>Rendimento<\/strong><br \/>\nO rendimento real de todos os trabalhos (R$ 3.228) ficou est\u00e1vel no trimestre e cresceu 5,1% no ano. A massa de rendimento real habitual (R$ 326,2 bilh\u00f5es) cresceu 1,7% (mais R$ 5,5 bilh\u00f5es) no trimestre e 8,3% (mais R$ 24,9 bilh\u00f5es) no ano.<\/p>\n<p><strong>Setor privado<\/strong><br \/>\nO n\u00famero de empregados no setor privado chegou a 52,9 milh\u00f5es, novo recorde da s\u00e9rie iniciada em 2012, com altas de 1,7% (ou mais 882 mil pessoas) no trimestre e de 4,9% (ou mais 2,5 milh\u00f5es de pessoas) no ano.<\/p>\n<p>Com carteira de trabalho<br \/>\nO n\u00famero de empregados com carteira de trabalho no setor privado, sem contar os trabalhadores dom\u00e9sticos, chegou a 38,6 milh\u00f5es, mais um recorde. Houve alta de 0,8% (mais ou 317 mil pessoas) no trimestre e de 3,8% (ou mais 1,4 milh\u00e3o de pessoas) no ano.<\/p>\n<p><strong>Sem carteira de trabalho<\/strong><br \/>\nO n\u00famero de empregados sem carteira no setor privado (14,2 milh\u00f5es) tamb\u00e9m foi recorde, com altas de 4,1% (mais 565 mil pessoas) no trimestre e de 7,9% (mais 1,0 milh\u00e3o de pessoas) no ano.<\/p>\n<p>Trabalhadores por conta pr\u00f3pria<br \/>\nO n\u00famero de trabalhadores por conta pr\u00f3pria (25,4 milh\u00f5es) ficou est\u00e1vel nas duas compara\u00e7\u00f5es, assim como o n\u00famero de trabalhadores dom\u00e9sticos (5,8 milh\u00f5es) e de empregadores (4,3 milh\u00f5es).<\/p>\n<p><strong>Setor p\u00fablico<\/strong><br \/>\nJ\u00e1 o n\u00famero de empregados no setor p\u00fablico (12,7 milh\u00f5es) foi recorde, subindo 1,8% (221 mil pessoas) no trimestre e 4,3% (523 mil pessoas) no ano.<\/p>\n<p><strong><em>Acompanhe tamb\u00e9m o SE Not\u00edcias no\u00a0<a href=\"https:\/\/www.instagram.com\/senoticias\/\" target=\"_blank\" rel=\"noreferrer noopener\">Instagram<\/a><\/em><\/strong>,\u00a0<strong><em>\u00a0<a href=\"https:\/\/www.facebook.com\/senoticias1\" target=\"_blank\" rel=\"noreferrer noopener\">Facebook<\/a>\u00a0e\u00a0no<\/em>\u00a0<em><a href=\"https:\/\/twitter.com\/Senoticias\">X<\/a><\/em><\/strong><\/p>\n<p>Fonte: R7.com<\/p>\n<p>&nbsp;<\/p>\n","protected":false},"excerpt":{"rendered":"<p>Dados do IBGE (Instituto Brasileiro de Geografia e Estat\u00edstica) divulgados nesta sexta-feira (27) mostram que a taxa de desemprego do pa\u00eds atingiu 6,6% no trimestre finalizado em agosto. O \u00edndice \u00e9 o menor em 12 anos para o per\u00edodo e representa o menor valor de toda a s\u00e9rie hist\u00f3rica da Pnad Cont\u00ednua (Pesquisa Nacional por [&hellip;]<\/p>\n","protected":false},"author":6557,"featured_media":87912,"comment_status":"closed","ping_status":"closed","sticky":false,"template":"","format":"standard","meta":{"footnotes":""},"categories":[15,6,1],"tags":[3405,42341,3924],"class_list":{"0":"post-144306","1":"post","2":"type-post","3":"status-publish","4":"format-standard","5":"has-post-thumbnail","7":"category-destaques","8":"category-politica","9":"category-sem-categoria","10":"tag-desemprego","11":"tag-desemprego-em-agosto-recua","12":"tag-ibge"},"_links":{"self":[{"href":"https:\/\/senoticias.com.br\/se\/wp-json\/wp\/v2\/posts\/144306"}],"collection":[{"href":"https:\/\/senoticias.com.br\/se\/wp-json\/wp\/v2\/posts"}],"about":[{"href":"https:\/\/senoticias.com.br\/se\/wp-json\/wp\/v2\/types\/post"}],"author":[{"embeddable":true,"href":"https:\/\/senoticias.com.br\/se\/wp-json\/wp\/v2\/users\/6557"}],"replies":[{"embeddable":true,"href":"https:\/\/senoticias.com.br\/se\/wp-json\/wp\/v2\/comments?post=144306"}],"version-history":[{"count":0,"href":"https:\/\/senoticias.com.br\/se\/wp-json\/wp\/v2\/posts\/144306\/revisions"}],"wp:featuredmedia":[{"embeddable":true,"href":"https:\/\/senoticias.com.br\/se\/wp-json\/wp\/v2\/media\/87912"}],"wp:attachment":[{"href":"https:\/\/senoticias.com.br\/se\/wp-json\/wp\/v2\/media?parent=144306"}],"wp:term":[{"taxonomy":"category","embeddable":true,"href":"https:\/\/senoticias.com.br\/se\/wp-json\/wp\/v2\/categories?post=144306"},{"taxonomy":"post_tag","embeddable":true,"href":"https:\/\/senoticias.com.br\/se\/wp-json\/wp\/v2\/tags?post=144306"}],"curies":[{"name":"wp","href":"https:\/\/api.w.org\/{rel}","templated":true}]}}