{"id":144232,"date":"2024-09-23T15:05:20","date_gmt":"2024-09-23T18:05:20","guid":{"rendered":"https:\/\/senoticias.com.br\/se\/?p=144232"},"modified":"2024-09-23T22:37:36","modified_gmt":"2024-09-24T01:37:36","slug":"nat-divulga-55-novas-vagas-de-emprego-nesta-segunda-feira","status":"publish","type":"post","link":"https:\/\/senoticias.com.br\/se\/nat-divulga-55-novas-vagas-de-emprego-nesta-segunda-feira\/","title":{"rendered":"NAT divulga 55 novas vagas de emprego nesta segunda-feira"},"content":{"rendered":"<p class=\"p2\"><span class=\"s1\">Nesta segunda-feira, 23, um total de 55 novas vagas para o mercado de trabalho est\u00e3o sendo intermediadas pela Secretaria de Estado do Trabalho, Emprego e Empreendedorismo (Seteem), atrav\u00e9s do N\u00facleo de Apoio ao Trabalho (NAT). S\u00e3o oportunidades para os n\u00edveis fundamental, m\u00e9dio e superior com ou sem experi\u00eancia comprovada, al\u00e9m de vagas afirmativas para Pessoa com Defici\u00eancia (PcD).<\/span><\/p>\n<div id=\"attachment_144234\" style=\"width: 609px\" class=\"wp-caption aligncenter\"><a href=\"https:\/\/senoticias.com.br\/se\/wp-content\/uploads\/2024\/09\/IMG_0212-e1727114662235.jpeg\"><img loading=\"lazy\" decoding=\"async\" aria-describedby=\"caption-attachment-144234\" class=\"size-full wp-image-144234\" src=\"https:\/\/senoticias.com.br\/se\/wp-content\/uploads\/2024\/09\/IMG_0212-e1727114662235.jpeg\" alt=\"\" width=\"599\" height=\"332\" \/><\/a><p id=\"caption-attachment-144234\" class=\"wp-caption-text\">Oportunidades est\u00e3o dispon\u00edveis para pessoas com e sem experi\u00eancia pr\u00e9via \/ Foto: Igor Matias<\/p><\/div>\n<p class=\"p2\"><span class=\"s1\">Os candidatos com interesse em uma das vagas devem se cadastrar no \u00f3rg\u00e3o, levando documentos pessoais (RG, CPF, carteira de trabalho f\u00edsica ou digital e comprovante de resid\u00eancia atualizado), al\u00e9m de curr\u00edculo e certificados que comprovem experi\u00eancias profissionais anteriores. No caso de PcD&#8217;s, \u00e9 preciso apresentar tamb\u00e9m o laudo m\u00e9dico.<\/span><\/p>\n<p class=\"p2\"><span class=\"s1\">O N\u00facleo atende ao p\u00fablico de segunda a sexta-feira, das 7h \u00e0s 13h, e fica localizado na Rua Santa Luzia, n\u00famero 680, bairro S\u00e3o Jos\u00e9 em Aracaju,. Para mais informa\u00e7\u00f5es, basta entrar em contato via WhatsApp pelo n\u00famero <a href=\"tel:79%2099198-0027\">79 99198-0027<\/a>. As vagas s\u00e3o sempre divulgadas nos perfis no Instagram da Seteem, @<a href=\"http:\/\/trabalho.se\/\">trabalho.se<\/a>; e do NAT, @nat_sergipe.<\/span><\/p>\n<p class=\"p2\"><span class=\"s1\">Confira as vagas dispon\u00edveis nesta segunda, 23:<\/span><\/p>\n<p class=\"p2\"><span class=\"s1\">22 vagas para vendedor externo<\/span><\/p>\n<p class=\"p2\"><span class=\"s1\">Requisitos: ensino m\u00e9dio completo e experi\u00eancia comprovada em CTPS.<\/span><\/p>\n<p class=\"p2\"><span class=\"s1\">1 vaga para promotor de vendas<\/span><\/p>\n<p class=\"p2\"><span class=\"s1\">Requisitos: ensino m\u00e9dio completo e experi\u00eancia comprovada em CTPS.<\/span><\/p>\n<p class=\"p2\"><span class=\"s1\">2 vagas para costureira<\/span><\/p>\n<p class=\"p2\"><span class=\"s1\">Requisitos: experi\u00eancia com m\u00e1quina industrial.<\/span><\/p>\n<p class=\"p2\"><span class=\"s1\">1 vaga para auxiliar com carga e descarga<\/span><\/p>\n<p class=\"p2\"><span class=\"s1\">Requisitos: ensino m\u00e9dio completo e seis meses de experi\u00eancia comprovada em CTPS.<\/span><\/p>\n<p class=\"p2\"><span class=\"s1\">1 vaga para motorista de caminh\u00e3o<\/span><\/p>\n<p class=\"p2\"><span class=\"s1\">Requisitos: ensino m\u00e9dio completo, experi\u00eancia comprovada em CTPS e habilita\u00e7\u00e3o na categoria D.<\/span><\/p>\n<p class=\"p2\"><span class=\"s1\">1 vaga para gerente comercial<\/span><\/p>\n<p class=\"p2\"><span class=\"s1\">Requisitos: ensino m\u00e9dio completo e experi\u00eancia comprovada em CTPS.<\/span><\/p>\n<p class=\"p2\"><span class=\"s1\">1 vaga para vendedor de produtos agr\u00edcolas<\/span><\/p>\n<p class=\"p2\"><span class=\"s1\">Requisitos: ensino m\u00e9dio completo e experi\u00eancia comprovada.<\/span><\/p>\n<p class=\"p2\"><span class=\"s1\">2 vagas para operador de m\u00e1quinas de Envase<\/span><\/p>\n<p class=\"p2\"><span class=\"s1\">Requisitos: experi\u00eancia pr\u00e9via na opera\u00e7\u00e3o de m\u00e1quinas e habilidades para trabalhar com Envase.<\/span><\/p>\n<p class=\"p2\"><span class=\"s1\">2 vagas para operador de m\u00e1quinas de sopro de garrafas PET<\/span><\/p>\n<p class=\"p2\"><span class=\"s1\">Requisitos: experi\u00eancia pr\u00e9via na opera\u00e7\u00e3o de m\u00e1quinas e habilidade para trabalhar com sopro de garrafas PET.<\/span><\/p>\n<p class=\"p2\"><span class=\"s1\">2 vagas para l\u00edder de frente de loja<\/span><\/p>\n<p class=\"p2\"><span class=\"s1\">Requisitos: ensino m\u00e9dio completo e experi\u00eancia na fun\u00e7\u00e3o comprovada em CTPS.<\/span><\/p>\n<p class=\"p2\"><span class=\"s1\">2 vagas para forneiro<\/span><\/p>\n<p class=\"p2\"><span class=\"s1\">Requisitos: ensino fundamental completo e experi\u00eancia na fun\u00e7\u00e3o comprovada em CTPS.<\/span><\/p>\n<p class=\"p2\"><span class=\"s1\">2 vagas para vendedor pracista<\/span><\/p>\n<p class=\"p2\"><span class=\"s1\">Requisitos: ter ve\u00edculo pr\u00f3prio (moto) e habilita\u00e7\u00e3o A.<\/span><\/p>\n<p class=\"p2\"><span class=\"s1\">3 vagas para pizzaiolo\u00a0<\/span><\/p>\n<p class=\"p2\"><span class=\"s1\">Requisitos: experi\u00eancia na fun\u00e7\u00e3o e disponibilidade para trabalhar no munic\u00edpio de Est\u00e2ncia.<\/span><\/p>\n<p class=\"p2\"><span class=\"s1\">2 vagas para confeiteiro<\/span><\/p>\n<p class=\"p2\"><span class=\"s1\">Requisitos: ensino fundamental completo e experi\u00eancia na fun\u00e7\u00e3o comprovada na CTPS.<\/span><\/p>\n<p class=\"p2\"><span class=\"s1\">2 vagas para cozinheiro<\/span><\/p>\n<p class=\"p2\"><span class=\"s1\">Requisitos: ensino fundamental completo e experi\u00eancia na fun\u00e7\u00e3o comprovada na CTPS.<\/span><\/p>\n<p class=\"p2\"><span class=\"s1\">1 vaga para auxiliar de confeitaria<\/span><\/p>\n<p class=\"p2\"><span class=\"s1\">Requisitos: ensino fundamental completo e experi\u00eancia na fun\u00e7\u00e3o comprovada na CTPS.<\/span><\/p>\n<p class=\"p2\"><span class=\"s1\">1 vaga para salgadeiro<\/span><\/p>\n<p class=\"p2\"><span class=\"s1\">Requisitos: ensino fundamental completo e experi\u00eancia na fun\u00e7\u00e3o comprovada na CTPS.<\/span><\/p>\n<p class=\"p2\"><span class=\"s1\">1 vaga para assistente administrativo<\/span><\/p>\n<p class=\"p2\"><span class=\"s1\">Requisitos: superior completo em Administra\u00e7\u00e3o, experi\u00eancia na fun\u00e7\u00e3o comprovada em CTPS e experi\u00eancia com os sistemas Opex; Apex e Sap.<\/span><\/p>\n<p class=\"p2\"><span class=\"s1\">Vagas afirmativas para PcD<\/span><\/p>\n<p class=\"p2\"><span class=\"s1\">5 vagas para auxiliar de produ\u00e7\u00e3o de chicote el\u00e9trico<\/span><\/p>\n<p class=\"p2\"><span class=\"s1\">Requisitos: ensino fundamental completo.<\/span><\/p>\n<p class=\"p2\"><span class=\"s1\">1 vaga para atendente cl\u00ednico<\/span><\/p>\n<p class=\"p2\"><span class=\"s1\">Requisitos: ensino m\u00e9dio completo.<\/span><\/p>\n<p><strong><em>Acompanhe tamb\u00e9m o SE Not\u00edcias no\u00a0<a href=\"https:\/\/www.instagram.com\/senoticias\/\" target=\"_blank\" rel=\"noreferrer noopener\">Instagram<\/a><\/em><\/strong>,\u00a0<strong><em>\u00a0<a href=\"https:\/\/www.facebook.com\/senoticias1\" target=\"_blank\" rel=\"noreferrer noopener\">Facebook<\/a>\u00a0e\u00a0no<\/em>\u00a0<em><a href=\"https:\/\/twitter.com\/Senoticias\">X<\/a><\/em><\/strong><\/p>\n<p>Fonte: Ag\u00eancia Sergipe de Not\u00edcias<\/p>\n","protected":false},"excerpt":{"rendered":"<p>Nesta segunda-feira, 23, um total de 55 novas vagas para o mercado de trabalho est\u00e3o sendo intermediadas pela Secretaria de Estado do Trabalho, Emprego e Empreendedorismo (Seteem), atrav\u00e9s do N\u00facleo de Apoio ao Trabalho (NAT). S\u00e3o oportunidades para os n\u00edveis fundamental, m\u00e9dio e superior com ou sem experi\u00eancia comprovada, al\u00e9m de vagas afirmativas para Pessoa [&hellip;]<\/p>\n","protected":false},"author":6557,"featured_media":0,"comment_status":"closed","ping_status":"closed","sticky":false,"template":"","format":"standard","meta":{"footnotes":""},"categories":[15,10,6],"tags":[3254,34467],"class_list":{"0":"post-144232","1":"post","2":"type-post","3":"status-publish","4":"format-standard","6":"category-destaques","7":"category-empregos","8":"category-politica","9":"tag-nat","10":"tag-vagas-de-emprego"},"_links":{"self":[{"href":"https:\/\/senoticias.com.br\/se\/wp-json\/wp\/v2\/posts\/144232"}],"collection":[{"href":"https:\/\/senoticias.com.br\/se\/wp-json\/wp\/v2\/posts"}],"about":[{"href":"https:\/\/senoticias.com.br\/se\/wp-json\/wp\/v2\/types\/post"}],"author":[{"embeddable":true,"href":"https:\/\/senoticias.com.br\/se\/wp-json\/wp\/v2\/users\/6557"}],"replies":[{"embeddable":true,"href":"https:\/\/senoticias.com.br\/se\/wp-json\/wp\/v2\/comments?post=144232"}],"version-history":[{"count":0,"href":"https:\/\/senoticias.com.br\/se\/wp-json\/wp\/v2\/posts\/144232\/revisions"}],"wp:attachment":[{"href":"https:\/\/senoticias.com.br\/se\/wp-json\/wp\/v2\/media?parent=144232"}],"wp:term":[{"taxonomy":"category","embeddable":true,"href":"https:\/\/senoticias.com.br\/se\/wp-json\/wp\/v2\/categories?post=144232"},{"taxonomy":"post_tag","embeddable":true,"href":"https:\/\/senoticias.com.br\/se\/wp-json\/wp\/v2\/tags?post=144232"}],"curies":[{"name":"wp","href":"https:\/\/api.w.org\/{rel}","templated":true}]}}