{"id":144207,"date":"2024-09-20T06:14:11","date_gmt":"2024-09-20T09:14:11","guid":{"rendered":"https:\/\/senoticias.com.br\/se\/?p=144207"},"modified":"2024-09-20T06:14:11","modified_gmt":"2024-09-20T09:14:11","slug":"envolvido-em-morte-de-policial-sergipano-e-detido-em-sao-paulo","status":"publish","type":"post","link":"https:\/\/senoticias.com.br\/se\/envolvido-em-morte-de-policial-sergipano-e-detido-em-sao-paulo\/","title":{"rendered":"Envolvido em morte de policial sergipano \u00e9 detido em S\u00e3o Paulo"},"content":{"rendered":"<p>A Secretaria de Seguran\u00e7a P\u00fablica de Sergipe informa que Wanderson Jos\u00e9 dos Santos Silva, envolvido na morte do cabo Elder Freitas, integrante da Pol\u00edcia Militar do Estado de Sergipe, foi detido nesta quinta-feira, 19, na cidade de S\u00e3o Paulo. A deten\u00e7\u00e3o aconteceu em cumprimento a mandado de pris\u00e3o, expedido pela Justi\u00e7a sergipana, e foi realizada pela PM paulista, com a colabora\u00e7\u00e3o de informa\u00e7\u00f5es da Pol\u00edcia Civil de Sergipe.<\/p>\n<div id=\"attachment_144208\" style=\"width: 570px\" class=\"wp-caption aligncenter\"><a href=\"https:\/\/senoticias.com.br\/se\/wp-content\/uploads\/2024\/09\/Cabo-Elder-SE-Noticias.jpg\"><img loading=\"lazy\" decoding=\"async\" aria-describedby=\"caption-attachment-144208\" class=\"size-full wp-image-144208\" src=\"https:\/\/senoticias.com.br\/se\/wp-content\/uploads\/2024\/09\/Cabo-Elder-SE-Noticias.jpg\" alt=\"\" width=\"560\" height=\"660\" srcset=\"https:\/\/senoticias.com.br\/se\/wp-content\/uploads\/2024\/09\/Cabo-Elder-SE-Noticias.jpg 560w, https:\/\/senoticias.com.br\/se\/wp-content\/uploads\/2024\/09\/Cabo-Elder-SE-Noticias-255x300.jpg 255w\" sizes=\"(max-width: 560px) 100vw, 560px\" \/><\/a><p id=\"caption-attachment-144208\" class=\"wp-caption-text\"><br \/>Elder Freitas era cabo da PMSE e foi executado executado em frente a uma loja de material de constru\u00e7\u00e3o no bairro Santa Maria &#8211; Foto: arquivo\/SSP\/SE<\/p><\/div>\n<p>O investigado, que \u00e9 r\u00e9u em 13 processos criminais, estava foragido do estado sergipano desde o crime que vitimou o cabo PM Elder, morto a tiros no bairro Santa Maria, na capital. Segundo o apurado no inqu\u00e9rito policial, em 2 de mar\u00e7o de 2012, o militar foi executado, pois um grupo de suspeitos, entre eles Wanderson, desejava subtrair a arma de fogo do policial militar, objetivo esse alcan\u00e7ado ap\u00f3s o delito.<\/p>\n<p>A investiga\u00e7\u00e3o da \u00e9poca, conduzida pela Pol\u00edcia Civil de Sergipe, identificou Wanderson e outros quatro suspeitos envolvidos no crime. Com a pris\u00e3o registrada pelo Centro Integrado de Comando e Controle da Secretaria de Seguran\u00e7a P\u00fablica de S\u00e3o Paulo, nesta quinta, na capital paulista, durante a \u2018Opera\u00e7\u00e3o Sergipe\u2019, o homem foi conduzido \u00e0 1\u00aa Delegacia de Crimes Contra o Patrim\u00f4nio.<\/p>\n<p><strong><em>Acompanhe tamb\u00e9m o SE Not\u00edcias no\u00a0<a href=\"https:\/\/www.instagram.com\/senoticias\/\" target=\"_blank\" rel=\"noreferrer noopener\">Instagram<\/a><\/em><\/strong>,\u00a0<strong><em>\u00a0<a href=\"https:\/\/www.facebook.com\/senoticias1\" target=\"_blank\" rel=\"noreferrer noopener\">Facebook<\/a>\u00a0e\u00a0no<\/em>\u00a0<em><a href=\"https:\/\/twitter.com\/Senoticias\">X<\/a><\/em><\/strong><\/p>\n<p>Fonte: SSP\/SE<\/p>\n","protected":false},"excerpt":{"rendered":"<p>A Secretaria de Seguran\u00e7a P\u00fablica de Sergipe informa que Wanderson Jos\u00e9 dos Santos Silva, envolvido na morte do cabo Elder Freitas, integrante da Pol\u00edcia Militar do Estado de Sergipe, foi detido nesta quinta-feira, 19, na cidade de S\u00e3o Paulo. A deten\u00e7\u00e3o aconteceu em cumprimento a mandado de pris\u00e3o, expedido pela Justi\u00e7a sergipana, e foi realizada [&hellip;]<\/p>\n","protected":false},"author":6557,"featured_media":144208,"comment_status":"closed","ping_status":"closed","sticky":false,"template":"","format":"standard","meta":{"footnotes":""},"categories":[15,7],"tags":[42308,2182],"class_list":{"0":"post-144207","1":"post","2":"type-post","3":"status-publish","4":"format-standard","5":"has-post-thumbnail","7":"category-destaques","8":"category-policia","9":"tag-cabo-elder-freitas","10":"tag-pmse"},"_links":{"self":[{"href":"https:\/\/senoticias.com.br\/se\/wp-json\/wp\/v2\/posts\/144207"}],"collection":[{"href":"https:\/\/senoticias.com.br\/se\/wp-json\/wp\/v2\/posts"}],"about":[{"href":"https:\/\/senoticias.com.br\/se\/wp-json\/wp\/v2\/types\/post"}],"author":[{"embeddable":true,"href":"https:\/\/senoticias.com.br\/se\/wp-json\/wp\/v2\/users\/6557"}],"replies":[{"embeddable":true,"href":"https:\/\/senoticias.com.br\/se\/wp-json\/wp\/v2\/comments?post=144207"}],"version-history":[{"count":0,"href":"https:\/\/senoticias.com.br\/se\/wp-json\/wp\/v2\/posts\/144207\/revisions"}],"wp:featuredmedia":[{"embeddable":true,"href":"https:\/\/senoticias.com.br\/se\/wp-json\/wp\/v2\/media\/144208"}],"wp:attachment":[{"href":"https:\/\/senoticias.com.br\/se\/wp-json\/wp\/v2\/media?parent=144207"}],"wp:term":[{"taxonomy":"category","embeddable":true,"href":"https:\/\/senoticias.com.br\/se\/wp-json\/wp\/v2\/categories?post=144207"},{"taxonomy":"post_tag","embeddable":true,"href":"https:\/\/senoticias.com.br\/se\/wp-json\/wp\/v2\/tags?post=144207"}],"curies":[{"name":"wp","href":"https:\/\/api.w.org\/{rel}","templated":true}]}}