{"id":144160,"date":"2024-09-17T15:16:40","date_gmt":"2024-09-17T18:16:40","guid":{"rendered":"https:\/\/senoticias.com.br\/se\/?p=144160"},"modified":"2024-09-17T15:16:40","modified_gmt":"2024-09-17T18:16:40","slug":"um-marco-para-o-cuidado-com-os-animais-diz-yandra-sobre-proposta-para-criacao-do-primeiro-hospital-municipal-veterinario-de-aracaju","status":"publish","type":"post","link":"https:\/\/senoticias.com.br\/se\/um-marco-para-o-cuidado-com-os-animais-diz-yandra-sobre-proposta-para-criacao-do-primeiro-hospital-municipal-veterinario-de-aracaju\/","title":{"rendered":"\u201cUm marco para o cuidado com os animais\u201d, diz Yandra sobre proposta para cria\u00e7\u00e3o do primeiro Hospital Municipal Veterin\u00e1rio de Aracaju"},"content":{"rendered":"<p>Entre as propostas que mais se destacam no plano de governo da candidata a prefeita de Aracaju, Yandra (Uni\u00e3o), est\u00e1 a cria\u00e7\u00e3o do Hospital Municipal Veterin\u00e1rio da capital sergipana, a primeira unidade p\u00fablica para c\u00e3es e gatos.<\/p>\n<p>A ideia \u00e9 que o hospital ofere\u00e7a atendimento cl\u00ednico e cir\u00fargico especializados, al\u00e9m de emerg\u00eancia 24 horas para c\u00e3es e gatos, acolhendo, principalmente, a popula\u00e7\u00e3o mais carente de Aracaju.<\/p>\n<div id=\"attachment_144164\" style=\"width: 602px\" class=\"wp-caption aligncenter\"><a href=\"https:\/\/senoticias.com.br\/se\/wp-content\/uploads\/2024\/09\/Yandra-Moura-SE-Noticias.jpg\"><img loading=\"lazy\" decoding=\"async\" aria-describedby=\"caption-attachment-144164\" class=\"size-full wp-image-144164\" src=\"https:\/\/senoticias.com.br\/se\/wp-content\/uploads\/2024\/09\/Yandra-Moura-SE-Noticias.jpg\" alt=\"\" width=\"592\" height=\"394\" srcset=\"https:\/\/senoticias.com.br\/se\/wp-content\/uploads\/2024\/09\/Yandra-Moura-SE-Noticias.jpg 592w, https:\/\/senoticias.com.br\/se\/wp-content\/uploads\/2024\/09\/Yandra-Moura-SE-Noticias-300x200.jpg 300w, https:\/\/senoticias.com.br\/se\/wp-content\/uploads\/2024\/09\/Yandra-Moura-SE-Noticias-90x60.jpg 90w, https:\/\/senoticias.com.br\/se\/wp-content\/uploads\/2024\/09\/Yandra-Moura-SE-Noticias-180x120.jpg 180w, https:\/\/senoticias.com.br\/se\/wp-content\/uploads\/2024\/09\/Yandra-Moura-SE-Noticias-95x64.jpg 95w\" sizes=\"(max-width: 592px) 100vw, 592px\" \/><\/a><p id=\"caption-attachment-144164\" class=\"wp-caption-text\">A ideia \u00e9 que o hospital ofere\u00e7a atendimento cl\u00ednico e cir\u00fargico especializados, al\u00e9m de emerg\u00eancia 24 horas para c\u00e3es e gatos &#8211; Foto: ascom\/divulga\u00e7\u00e3o<\/p><\/div>\n<p>\u201cEsse hospital ser\u00e1 um marco para o cuidado com os animais, pois sabemos que muitas fam\u00edlias os acolhem com muito carinho, mas enfrentam dificuldades, j\u00e1 que, sem um hospital veterin\u00e1rio p\u00fablico, precisam recorrer a servi\u00e7os pagos, o que, infelizmente, foge da realidade de muitas pessoas\u201d, disse Yandra.<\/p>\n<p>O plano da candidata tamb\u00e9m contempla a realiza\u00e7\u00e3o de conv\u00eanios com o Hospital Veterin\u00e1rio da Universidade Federal de Sergipe (UFS), a Faculdade Pio X e outras institui\u00e7\u00f5es, visando ampliar a prote\u00e7\u00e3o animal em diversas esferas.<\/p>\n<p>A pertin\u00eancia da cria\u00e7\u00e3o do hospital se fundamenta em dados. De acordo com a Organiza\u00e7\u00e3o Mundial da Sa\u00fade (OMS), cerca de 30 milh\u00f5es de c\u00e3es e gatos viviam nas ruas de todo o pa\u00eds em 2022, uma realidade que poderia ser contornada com a garantia de um lar e de um servi\u00e7o veterin\u00e1rio acess\u00edvel e eficiente. Tudo isso, \u00e9 claro, aliado a campanhas de ado\u00e7\u00e3o respons\u00e1vel.<\/p>\n<p>Segundo a candidata, o impacto positivo trazido por um hospital veterin\u00e1rio pode ser verificado em outras cidades. H\u00e1 poucos meses, Yandra visitou o primeiro Hospital P\u00fablico Veterin\u00e1rio da Bahia, localizado no bairro de Canabrava, em Salvador.<\/p>\n<p>\u201cAo lado do prefeito de Salvador, Bruno Reis, visitei diversos equipamentos p\u00fablicos da capital baiana que s\u00e3o refer\u00eancias, pois as ideias de sucesso merecem ser reproduzidas e ampliadas. Ter um hospital assim em Aracaju ser\u00e1 uma conquista coletiva, daremos um retorno \u00e0 sociedade pensando no bem-estar animal\u201d, completou.<\/p>\n<p><strong><em>Acompanhe tamb\u00e9m o SE Not\u00edcias no\u00a0<a href=\"https:\/\/www.instagram.com\/senoticias\/\" target=\"_blank\" rel=\"noreferrer noopener\">Instagram<\/a><\/em><\/strong>,\u00a0<strong><em>\u00a0<a href=\"https:\/\/www.facebook.com\/senoticias1\" target=\"_blank\" rel=\"noreferrer noopener\">Facebook<\/a>\u00a0e\u00a0no<\/em>\u00a0<em><a href=\"https:\/\/twitter.com\/Senoticias\">X<\/a><\/em><\/strong><\/p>\n<p>Da Assessoria de Imprensa<\/p>\n","protected":false},"excerpt":{"rendered":"<p>Entre as propostas que mais se destacam no plano de governo da candidata a prefeita de Aracaju, Yandra (Uni\u00e3o), est\u00e1 a cria\u00e7\u00e3o do Hospital Municipal Veterin\u00e1rio da capital sergipana, a primeira unidade p\u00fablica para c\u00e3es e gatos. A ideia \u00e9 que o hospital ofere\u00e7a atendimento cl\u00ednico e cir\u00fargico especializados, al\u00e9m de emerg\u00eancia 24 horas para [&hellip;]<\/p>\n","protected":false},"author":6557,"featured_media":144164,"comment_status":"closed","ping_status":"closed","sticky":false,"template":"","format":"standard","meta":{"footnotes":""},"categories":[15,6],"tags":[38426,213,42159],"class_list":{"0":"post-144160","1":"post","2":"type-post","3":"status-publish","4":"format-standard","5":"has-post-thumbnail","7":"category-destaques","8":"category-politica","9":"tag-eleicoes-2024","10":"tag-prefeitura-de-aracaju","11":"tag-yandra"},"_links":{"self":[{"href":"https:\/\/senoticias.com.br\/se\/wp-json\/wp\/v2\/posts\/144160"}],"collection":[{"href":"https:\/\/senoticias.com.br\/se\/wp-json\/wp\/v2\/posts"}],"about":[{"href":"https:\/\/senoticias.com.br\/se\/wp-json\/wp\/v2\/types\/post"}],"author":[{"embeddable":true,"href":"https:\/\/senoticias.com.br\/se\/wp-json\/wp\/v2\/users\/6557"}],"replies":[{"embeddable":true,"href":"https:\/\/senoticias.com.br\/se\/wp-json\/wp\/v2\/comments?post=144160"}],"version-history":[{"count":0,"href":"https:\/\/senoticias.com.br\/se\/wp-json\/wp\/v2\/posts\/144160\/revisions"}],"wp:featuredmedia":[{"embeddable":true,"href":"https:\/\/senoticias.com.br\/se\/wp-json\/wp\/v2\/media\/144164"}],"wp:attachment":[{"href":"https:\/\/senoticias.com.br\/se\/wp-json\/wp\/v2\/media?parent=144160"}],"wp:term":[{"taxonomy":"category","embeddable":true,"href":"https:\/\/senoticias.com.br\/se\/wp-json\/wp\/v2\/categories?post=144160"},{"taxonomy":"post_tag","embeddable":true,"href":"https:\/\/senoticias.com.br\/se\/wp-json\/wp\/v2\/tags?post=144160"}],"curies":[{"name":"wp","href":"https:\/\/api.w.org\/{rel}","templated":true}]}}