{"id":144130,"date":"2024-09-15T21:02:51","date_gmt":"2024-09-16T00:02:51","guid":{"rendered":"https:\/\/senoticias.com.br\/se\/?p=144130"},"modified":"2024-09-15T21:02:51","modified_gmt":"2024-09-16T00:02:51","slug":"philippe-coutinho-marca-na-reta-final-e-vasco-arranca-empate-com-o-flamengo-no-maracana","status":"publish","type":"post","link":"https:\/\/senoticias.com.br\/se\/philippe-coutinho-marca-na-reta-final-e-vasco-arranca-empate-com-o-flamengo-no-maracana\/","title":{"rendered":"Philippe Coutinho marca na reta final, e Vasco arranca empate com o Flamengo no Maracan\u00e3"},"content":{"rendered":"<p>Na noite deste domingo (15), Flamengo e Vasco empataram em 1 a 1 no Maracan\u00e3, pela 26\u00aa rodada do Campeonato Brasileiro. A equipe de Tite foi superior durante boa parte da partida e abriu o placar com Gerson, aos 27 minutos da etapa complementar. A vit\u00f3ria rubro-negra parecia certa, mas o Cruz-Maltino n\u00e3o desistiu e deixou tudo igual no marcador na reta final, com gol de Philippe Coutinho, o primeiro do cria desde o retorno.<\/p>\n<p>O Rubro-Negro tem 45 pontos e ocupa a quarta coloca\u00e7\u00e3o do Campeonato Brasileiro. J\u00e1 o Vasco soma 35 e aparece em oitavo.<\/p>\n<p>A equipe do t\u00e9cnico Tite, agora, vira a chave para a Libertadores. O Fla volta a campo na pr\u00f3xima quinta-feira, \u00e0s 19h, para enfrentar o Pe\u00f1arol no Maracan\u00e3. O jogo \u00e9 v\u00e1lido pela partida de ida da competi\u00e7\u00e3o.<\/p>\n<div id=\"attachment_144131\" style=\"width: 601px\" class=\"wp-caption aligncenter\"><a href=\"https:\/\/senoticias.com.br\/se\/wp-content\/uploads\/2024\/09\/Flamengo-e-Vasco-SE-Noticias.jpg\"><img loading=\"lazy\" decoding=\"async\" aria-describedby=\"caption-attachment-144131\" class=\"size-full wp-image-144131\" src=\"https:\/\/senoticias.com.br\/se\/wp-content\/uploads\/2024\/09\/Flamengo-e-Vasco-SE-Noticias.jpg\" alt=\"\" width=\"591\" height=\"382\" srcset=\"https:\/\/senoticias.com.br\/se\/wp-content\/uploads\/2024\/09\/Flamengo-e-Vasco-SE-Noticias.jpg 591w, https:\/\/senoticias.com.br\/se\/wp-content\/uploads\/2024\/09\/Flamengo-e-Vasco-SE-Noticias-300x194.jpg 300w, https:\/\/senoticias.com.br\/se\/wp-content\/uploads\/2024\/09\/Flamengo-e-Vasco-SE-Noticias-190x122.jpg 190w\" sizes=\"(max-width: 591px) 100vw, 591px\" \/><\/a><p id=\"caption-attachment-144131\" class=\"wp-caption-text\">Lance do jogo entre Flamengo e Vasco &#8211; Foto: Marcelo de Jesus\/Estad\u00e3o Conte\u00fado<\/p><\/div>\n<p>J\u00e1 o time de Rafael Paiva segue focado no Brasileir\u00e3o. O pr\u00f3ximo compromisso do Cruz-Maltino ser\u00e1 no domingo, a partir das 16h, no Man\u00e9 Garrincha, em Bras\u00edlia, pela 27\u00aa rodada do campeonato.<\/p>\n<p><strong>O jogo<\/strong><\/p>\n<p>O Flamengo foi superior ao Vasco no primeiro tempo. O Rubro-Negro fechou a etapa inicial com 63% de posse de bola e nove finaliza\u00e7\u00f5es, de acordo com dados do site SofaScore. No entanto, a equipe de Tite n\u00e3o conseguiu traduzir esse dom\u00ednio em gols muito por causa das conclus\u00f5es.<\/p>\n<p>A primeira grande oportunidade veio numa cabe\u00e7ada de Pulgar, que subiu livre entre a zaga cruz-maltina. O chileno, por\u00e9m, mandou a bola em cima de L\u00e9o Jardim. A outra boa chance veio ap\u00f3s um vacilo do Vasco, que deixou Arrascaeta cara a cara com o goleiro dentro da \u00e1rea. O meio-campista demorou a tomar uma decis\u00e3o, n\u00e3o finalizou e tocou atr\u00e1s para L\u00e9o Ortiz, que errou o dom\u00ednio.<\/p>\n<p>J\u00e1 o Vasco s\u00f3 levou perigo uma vez na etapa inicial, por volta dos 35 minutos, quando David ficou cara a cara com Rossi e carimbou o travess\u00e3o. Contudo, ap\u00f3s o chute, o assistente assinalou o impedimento do atacante.<\/p>\n<p>Na etapa complementar, o cen\u00e1rio se manteve. O Vasco seguia com dificuldades para sair, e o Flamengo pressionava em busca do gol. O Rubro-Negro, inclusive, mandou uma bola na trave com Bruno Henrique e uma no travess\u00e3o com L\u00e9o Ortiz.<\/p>\n<p>Aos 27 minutos, o Fla encaixou uma boa jogada e contou com a categoria de Gerson para inaugurar o placar no Maracan\u00e3. L\u00e9o Ortiz acionou Wesley, que avan\u00e7ou pelo meio e acionou Arrascaeta. O uruguaio, por sua vez, serviu o Coringa. Posicionado do lado esquerdo da \u00e1rea, o camisa 8 finalizou rasteiro para vencer o goleiro L\u00e9o Jardim.<br \/>\nO cl\u00e1ssico parecia decidido, j\u00e1 que o Vasco seguia com dificuldades para atacar, e o Flamengo mantinha o controle do jogo. Entretanto, nos minutos finais, o Gigante da Colina conseguiu encaixar uma jogada de transi\u00e7\u00e3o r\u00e1pida e deixou tudo igual no marcador.<br \/>\nRayan arrancou pela direita do ataque e acionou Emerson Rodr\u00edguez, que estava pelo lado esquerdo. O atacante levantou a cabe\u00e7a e encontrou Puma Rodr\u00edguez. O uruguaio teve espa\u00e7o e cruzou para Philippe Coutinho mandar a bola de cabe\u00e7a para o fundo das redes.<\/p>\n<p><strong>Flamengo x Vasco<\/strong><\/p>\n<p>Data e hora: 15\/9\/2024, \u00e0s 18h30<br \/>\nLocal: Maracan\u00e3, no Rio de Janeiro (RJ)<br \/>\n\u00c1rbitro: Raphael Claus (FIFA-SP)<\/p>\n<p>Cart\u00f5es amarelos: Lucas Piton (VAS)<br \/>\nCart\u00f5es vermelhos: &#8211;<br \/>\nGols: Gerson (1-0) (27&#8217;\/2\u00baT) \/ Coutinho (1-1) (42&#8217;\/2\u00baT)<\/p>\n<p><strong>FLAMENGO<\/strong> (T\u00e9cnico: Tite)<br \/>\nRossi; Varela (Wesley, 18&#8217;\/2\u00baT), Fabr\u00edcio Bruno, L\u00e9o Pereira e Alex Sandro; L\u00e9o Ortiz, Pulgar (Evertton Ara\u00fajo, 38&#8217;\/2\u00baT) e Gerson; Luiz Ara\u00fajo (Arrascaeta, 18&#8217;\/1\u00baT) (Gabi, 38&#8217;\/2\u00baT), Gonzalo Plata e Bruno Henrique (Carlinhos, 18&#8217;\/2\u00baT).<\/p>\n<p><strong>VASCO<\/strong> (T\u00e9cnico: Rafael Paiva)<br \/>\nL\u00e9o Jardim; Paulo Henrique (Puma, 40&#8217;\/2\u00baT), Maicon, L\u00e9o e Lucas Piton; Hugo Moura (Matheus Carvalho, 40&#8217;\/2\u00baT), Sforza e Payet (Coutinho, 28&#8217;\/2\u00baT); Jean David (Rayan 18&#8217;\/2\u00baT), David (Emerson Rodr\u00edguez, 28&#8217;\/2\u00baT) e Vegetti.<\/p>\n<p><strong><em>Acompanhe tamb\u00e9m o SE Not\u00edcias no\u00a0<a href=\"https:\/\/www.instagram.com\/senoticias\/\" target=\"_blank\" rel=\"noreferrer noopener\">Instagram<\/a><\/em><\/strong>,\u00a0<strong><em>\u00a0<a href=\"https:\/\/www.facebook.com\/senoticias1\" target=\"_blank\" rel=\"noreferrer noopener\">Facebook<\/a>\u00a0e\u00a0no<\/em>\u00a0<em><a href=\"https:\/\/twitter.com\/Senoticias\">X<\/a><\/em><\/strong><\/p>\n<p>Fonte: <a href=\"https:\/\/odia.ig.com.br\/esporte\/2024\/09\/6918020-coutinho-marca-na-reta-final-e-vasco-arranca-empate-com-o-flamengo-no-maracana.html\"><strong>O Dia<\/strong><\/a><\/p>\n<p>&nbsp;<\/p>\n<p>&nbsp;<\/p>\n<p>&nbsp;<\/p>\n","protected":false},"excerpt":{"rendered":"<p>Na noite deste domingo (15), Flamengo e Vasco empataram em 1 a 1 no Maracan\u00e3, pela 26\u00aa rodada do Campeonato Brasileiro. A equipe de Tite foi superior durante boa parte da partida e abriu o placar com Gerson, aos 27 minutos da etapa complementar. A vit\u00f3ria rubro-negra parecia certa, mas o Cruz-Maltino n\u00e3o desistiu e [&hellip;]<\/p>\n","protected":false},"author":6557,"featured_media":144131,"comment_status":"closed","ping_status":"closed","sticky":false,"template":"","format":"standard","meta":{"footnotes":""},"categories":[15,26],"tags":[3600,392,3362,10113,433],"class_list":{"0":"post-144130","1":"post","2":"type-post","3":"status-publish","4":"format-standard","5":"has-post-thumbnail","7":"category-destaques","8":"category-esportes","9":"tag-brasileirao","10":"tag-flamengo","11":"tag-maracana","12":"tag-philippe-coutinho","13":"tag-vasco"},"_links":{"self":[{"href":"https:\/\/senoticias.com.br\/se\/wp-json\/wp\/v2\/posts\/144130"}],"collection":[{"href":"https:\/\/senoticias.com.br\/se\/wp-json\/wp\/v2\/posts"}],"about":[{"href":"https:\/\/senoticias.com.br\/se\/wp-json\/wp\/v2\/types\/post"}],"author":[{"embeddable":true,"href":"https:\/\/senoticias.com.br\/se\/wp-json\/wp\/v2\/users\/6557"}],"replies":[{"embeddable":true,"href":"https:\/\/senoticias.com.br\/se\/wp-json\/wp\/v2\/comments?post=144130"}],"version-history":[{"count":0,"href":"https:\/\/senoticias.com.br\/se\/wp-json\/wp\/v2\/posts\/144130\/revisions"}],"wp:featuredmedia":[{"embeddable":true,"href":"https:\/\/senoticias.com.br\/se\/wp-json\/wp\/v2\/media\/144131"}],"wp:attachment":[{"href":"https:\/\/senoticias.com.br\/se\/wp-json\/wp\/v2\/media?parent=144130"}],"wp:term":[{"taxonomy":"category","embeddable":true,"href":"https:\/\/senoticias.com.br\/se\/wp-json\/wp\/v2\/categories?post=144130"},{"taxonomy":"post_tag","embeddable":true,"href":"https:\/\/senoticias.com.br\/se\/wp-json\/wp\/v2\/tags?post=144130"}],"curies":[{"name":"wp","href":"https:\/\/api.w.org\/{rel}","templated":true}]}}