{"id":144121,"date":"2024-09-14T12:36:26","date_gmt":"2024-09-14T15:36:26","guid":{"rendered":"https:\/\/senoticias.com.br\/se\/?p=144121"},"modified":"2024-09-14T13:37:24","modified_gmt":"2024-09-14T16:37:24","slug":"a-pedido-do-mp-eleitoral-justica-notifica-candidata-a-prefeitura-de-aracaju-por-praticar-adesivaco-em-veiculos-de-aplicativo","status":"publish","type":"post","link":"https:\/\/senoticias.com.br\/se\/a-pedido-do-mp-eleitoral-justica-notifica-candidata-a-prefeitura-de-aracaju-por-praticar-adesivaco-em-veiculos-de-aplicativo\/","title":{"rendered":"A pedido do MP Eleitoral, Justi\u00e7a notifica candidata \u00e0 Prefeitura de Aracaju por praticar \u2018adesiva\u00e7o\u2019 em ve\u00edculos de aplicativo"},"content":{"rendered":"<p>A Justi\u00e7a Eleitoral, atendendo ao pedido formulado pelo Minist\u00e9rio P\u00fablico Eleitoral, concedeu liminar determinando a notifica\u00e7\u00e3o de uma candidata \u00e0 Prefeitura de Aracaju para que, no prazo de 48 horas, promova a remo\u00e7\u00e3o de adesivos colocados em ve\u00edculos de transporte por aplicativo, sob pena de multa de R$ 2 mil por cada descumprimento. A decis\u00e3o foi publicada nesta sexta-feira, 13.<\/p>\n<div id=\"attachment_144122\" style=\"width: 498px\" class=\"wp-caption aligncenter\"><a href=\"https:\/\/senoticias.com.br\/se\/wp-content\/uploads\/2024\/09\/Ministrio-Publico-Eleitoral-SE-Noticias.jpg\"><img loading=\"lazy\" decoding=\"async\" aria-describedby=\"caption-attachment-144122\" class=\"size-full wp-image-144122\" src=\"https:\/\/senoticias.com.br\/se\/wp-content\/uploads\/2024\/09\/Ministrio-Publico-Eleitoral-SE-Noticias.jpg\" alt=\"\" width=\"488\" height=\"478\" srcset=\"https:\/\/senoticias.com.br\/se\/wp-content\/uploads\/2024\/09\/Ministrio-Publico-Eleitoral-SE-Noticias.jpg 488w, https:\/\/senoticias.com.br\/se\/wp-content\/uploads\/2024\/09\/Ministrio-Publico-Eleitoral-SE-Noticias-300x294.jpg 300w\" sizes=\"(max-width: 488px) 100vw, 488px\" \/><\/a><p id=\"caption-attachment-144122\" class=\"wp-caption-text\">Pela legisla\u00e7\u00e3o, o candidato beneficiado, bem como os motoristas identificados, podem sofrer multa que variam de R$ 2 mil a R$ 8 mil, alerta promotora &#8211; Foto: ascom\/MPE<\/p><\/div>\n<p>A Representa\u00e7\u00e3o por Propaganda Ilegal foi promovida ap\u00f3s o Minist\u00e9rio P\u00fablico Eleitoral receber den\u00fancias de que a coliga\u00e7\u00e3o da candidata, intitulada \u201cPara Aracaju Avan\u00e7ar Mudando\u201d, promoveu \u2018adesiva\u00e7os\u2019 em ve\u00edculos de transporte por aplicativo \u2013 pr\u00e1tica que \u00e9 vedada pela legisla\u00e7\u00e3o eleitoral, por considerar que carros de transporte de passageiros por aplicativo equivalem a bens de uso comum do povo, portanto, n\u00e3o podem fazer qualquer tipo de propaganda eleitoral.<\/p>\n<p>O procedimento, conduzido pelas Promotoras de Justi\u00e7a da 1\u00ba e 27\u00ba Zonas Eleitorais, com apoio da Coordenadoria de Apoio aos Promotores Eleitorais (Coape), da Procuradoria Regional Eleitoral e da Pol\u00edcia Federal, concluiu pela ilegalidade da propaganda.<\/p>\n<p>Pela legisla\u00e7\u00e3o, o candidato beneficiado, bem como os motoristas identificados, podem sofrer multa que variam de R$ 2 mil a R$ 8 mil.<\/p>\n<p><strong><em>Acompanhe tamb\u00e9m o SE Not\u00edcias no\u00a0<a href=\"https:\/\/www.instagram.com\/senoticias\/\" target=\"_blank\" rel=\"noreferrer noopener\">Instagram<\/a><\/em><\/strong>,\u00a0<strong><em>\u00a0<a href=\"https:\/\/www.facebook.com\/senoticias1\" target=\"_blank\" rel=\"noreferrer noopener\">Facebook<\/a>\u00a0e\u00a0no<\/em>\u00a0<em><a href=\"https:\/\/twitter.com\/Senoticias\">X<\/a><\/em><\/strong><\/p>\n<p>&nbsp;<\/p>\n<p>Por N\u00facleo de Comunica\u00e7\u00e3o \/ Minist\u00e9rio P\u00fablico de Sergipe<\/p>\n","protected":false},"excerpt":{"rendered":"<p>A Justi\u00e7a Eleitoral, atendendo ao pedido formulado pelo Minist\u00e9rio P\u00fablico Eleitoral, concedeu liminar determinando a notifica\u00e7\u00e3o de uma candidata \u00e0 Prefeitura de Aracaju para que, no prazo de 48 horas, promova a remo\u00e7\u00e3o de adesivos colocados em ve\u00edculos de transporte por aplicativo, sob pena de multa de R$ 2 mil por cada descumprimento. A decis\u00e3o [&hellip;]<\/p>\n","protected":false},"author":6557,"featured_media":144122,"comment_status":"closed","ping_status":"closed","sticky":false,"template":"","format":"standard","meta":{"footnotes":""},"categories":[15,6],"tags":[42274,38426,546,8214,42275],"class_list":{"0":"post-144121","1":"post","2":"type-post","3":"status-publish","4":"format-standard","5":"has-post-thumbnail","7":"category-destaques","8":"category-politica","9":"tag-adesivaco","10":"tag-eleicoes-2024","11":"tag-ministerio-publico-eleitoral","12":"tag-mpse","13":"tag-para-aracaju-avancar-mudando"},"_links":{"self":[{"href":"https:\/\/senoticias.com.br\/se\/wp-json\/wp\/v2\/posts\/144121"}],"collection":[{"href":"https:\/\/senoticias.com.br\/se\/wp-json\/wp\/v2\/posts"}],"about":[{"href":"https:\/\/senoticias.com.br\/se\/wp-json\/wp\/v2\/types\/post"}],"author":[{"embeddable":true,"href":"https:\/\/senoticias.com.br\/se\/wp-json\/wp\/v2\/users\/6557"}],"replies":[{"embeddable":true,"href":"https:\/\/senoticias.com.br\/se\/wp-json\/wp\/v2\/comments?post=144121"}],"version-history":[{"count":0,"href":"https:\/\/senoticias.com.br\/se\/wp-json\/wp\/v2\/posts\/144121\/revisions"}],"wp:featuredmedia":[{"embeddable":true,"href":"https:\/\/senoticias.com.br\/se\/wp-json\/wp\/v2\/media\/144122"}],"wp:attachment":[{"href":"https:\/\/senoticias.com.br\/se\/wp-json\/wp\/v2\/media?parent=144121"}],"wp:term":[{"taxonomy":"category","embeddable":true,"href":"https:\/\/senoticias.com.br\/se\/wp-json\/wp\/v2\/categories?post=144121"},{"taxonomy":"post_tag","embeddable":true,"href":"https:\/\/senoticias.com.br\/se\/wp-json\/wp\/v2\/tags?post=144121"}],"curies":[{"name":"wp","href":"https:\/\/api.w.org\/{rel}","templated":true}]}}