{"id":144087,"date":"2024-09-12T19:36:04","date_gmt":"2024-09-12T22:36:04","guid":{"rendered":"https:\/\/senoticias.com.br\/se\/?p=144087"},"modified":"2024-09-12T19:36:04","modified_gmt":"2024-09-12T22:36:04","slug":"policia-civil-prende-proprietarios-de-estabelecimentos-comerciais-que-praticavam-ligacao-clandestina-de-energia-em-aracaju","status":"publish","type":"post","link":"https:\/\/senoticias.com.br\/se\/policia-civil-prende-proprietarios-de-estabelecimentos-comerciais-que-praticavam-ligacao-clandestina-de-energia-em-aracaju\/","title":{"rendered":"Pol\u00edcia Civil prende propriet\u00e1rios de estabelecimentos comerciais que praticavam liga\u00e7\u00e3o clandestina de energia em Aracaju"},"content":{"rendered":"<p class=\"p1\"><span class=\"s1\">Nesta quinta-feira, 12, a Pol\u00edcia Civil, por meio da Delegacia Especializada de Repress\u00e3o a Crimes Contra Concession\u00e1rias de Servi\u00e7o P\u00fablico (DRCSP) e da Pol\u00edcia Cient\u00edfica, divulgou a pris\u00e3o em flagrante de propriet\u00e1rios de oficinas com liga\u00e7\u00e3o de energia clandestina, popularmente chamando de \u201cgato\u201d, em Aracaju. As deten\u00e7\u00f5es ocorreram na \u00faltima quarta-feira, 11.<br \/>\n<a href=\"https:\/\/senoticias.com.br\/se\/wp-content\/uploads\/2024\/09\/IMG_0163-e1726180497995.jpeg\"><img loading=\"lazy\" decoding=\"async\" class=\"size-full wp-image-144088 aligncenter\" src=\"https:\/\/senoticias.com.br\/se\/wp-content\/uploads\/2024\/09\/IMG_0163-e1726180497995.jpeg\" alt=\"\" width=\"599\" height=\"399\" \/><\/a><br \/>\n<\/span><\/p>\n<p class=\"p1\"><span class=\"s1\">De acordo com o delegado Rafael Brito de Oliveira, respons\u00e1vel pelo caso, os dois estabelecimentos comerciais eram do ramo de pintura e funilaria de ve\u00edculos e ficam no bairro 18 do Forte, na capital. A opera\u00e7\u00e3o policial teve o apoio da Energisa.<\/span><\/p>\n<p class=\"p1\"><span class=\"s1\">Ainda segundo o delegado, as investiga\u00e7\u00f5es iniciaram ap\u00f3s o recebimento de den\u00fancias de que os com\u00e9rcios tinham liga\u00e7\u00e3o ilegal de energia. A partir da\u00ed, agentes do DRCSP foram at\u00e9 o endere\u00e7o, apurar as informa\u00e7\u00f5es, e constataram ser ver\u00eddicas.<\/span><\/p>\n<p class=\"p1\"><span class=\"s1\">Os propriet\u00e1rios foram encaminhados \u00e0 delegacia, para prestarem esclarecimentos sobre o caso, e confirmaram a realiza\u00e7\u00e3o do desvio ilegal de energia. Agora, ser\u00e3o entregues ao Poder Judici\u00e1rio, para as audi\u00eancias de cust\u00f3dia.<\/span><\/p>\n<p class=\"p1\"><span class=\"s1\">O caso \u00e9 mais um exemplo da import\u00e2ncia da popula\u00e7\u00e3o denunciar crimes atrav\u00e9s do Disque-Den\u00fancia (181). O sigilo do(a) denunciante \u00e9 garantido.<\/span><\/p>\n<p><strong><em>Acompanhe tamb\u00e9m o SE Not\u00edcias no\u00a0<a href=\"https:\/\/www.instagram.com\/senoticias\/\" target=\"_blank\" rel=\"noreferrer noopener\">Instagram<\/a><\/em><\/strong>,\u00a0<strong><em>\u00a0<a href=\"https:\/\/www.facebook.com\/senoticias1\" target=\"_blank\" rel=\"noreferrer noopener\">Facebook<\/a>\u00a0e\u00a0no<\/em>\u00a0<em><a href=\"https:\/\/twitter.com\/Senoticias\">X<\/a><\/em><\/strong><\/p>\n<p>Fonte: SSP SE<\/p>\n","protected":false},"excerpt":{"rendered":"<p>Nesta quinta-feira, 12, a Pol\u00edcia Civil, por meio da Delegacia Especializada de Repress\u00e3o a Crimes Contra Concession\u00e1rias de Servi\u00e7o P\u00fablico (DRCSP) e da Pol\u00edcia Cient\u00edfica, divulgou a pris\u00e3o em flagrante de propriet\u00e1rios de oficinas com liga\u00e7\u00e3o de energia clandestina, popularmente chamando de \u201cgato\u201d, em Aracaju. As deten\u00e7\u00f5es ocorreram na \u00faltima quarta-feira, 11. De acordo com [&hellip;]<\/p>\n","protected":false},"author":6557,"featured_media":0,"comment_status":"closed","ping_status":"closed","sticky":false,"template":"","format":"standard","meta":{"footnotes":""},"categories":[15,7],"tags":[42264,78],"class_list":{"0":"post-144087","1":"post","2":"type-post","3":"status-publish","4":"format-standard","6":"category-destaques","7":"category-policia","8":"tag-ligacao-clandestina-de-energia","9":"tag-policia-civil"},"_links":{"self":[{"href":"https:\/\/senoticias.com.br\/se\/wp-json\/wp\/v2\/posts\/144087"}],"collection":[{"href":"https:\/\/senoticias.com.br\/se\/wp-json\/wp\/v2\/posts"}],"about":[{"href":"https:\/\/senoticias.com.br\/se\/wp-json\/wp\/v2\/types\/post"}],"author":[{"embeddable":true,"href":"https:\/\/senoticias.com.br\/se\/wp-json\/wp\/v2\/users\/6557"}],"replies":[{"embeddable":true,"href":"https:\/\/senoticias.com.br\/se\/wp-json\/wp\/v2\/comments?post=144087"}],"version-history":[{"count":0,"href":"https:\/\/senoticias.com.br\/se\/wp-json\/wp\/v2\/posts\/144087\/revisions"}],"wp:attachment":[{"href":"https:\/\/senoticias.com.br\/se\/wp-json\/wp\/v2\/media?parent=144087"}],"wp:term":[{"taxonomy":"category","embeddable":true,"href":"https:\/\/senoticias.com.br\/se\/wp-json\/wp\/v2\/categories?post=144087"},{"taxonomy":"post_tag","embeddable":true,"href":"https:\/\/senoticias.com.br\/se\/wp-json\/wp\/v2\/tags?post=144087"}],"curies":[{"name":"wp","href":"https:\/\/api.w.org\/{rel}","templated":true}]}}