{"id":144055,"date":"2024-09-11T07:39:39","date_gmt":"2024-09-11T10:39:39","guid":{"rendered":"https:\/\/senoticias.com.br\/se\/?p=144055"},"modified":"2024-09-11T07:39:39","modified_gmt":"2024-09-11T10:39:39","slug":"deputado-estadual-denuncia-demora-em-exames-para-pacientes-oncologicos-no-huse","status":"publish","type":"post","link":"https:\/\/senoticias.com.br\/se\/deputado-estadual-denuncia-demora-em-exames-para-pacientes-oncologicos-no-huse\/","title":{"rendered":"Deputado estadual denuncia demora em exames para pacientes oncol\u00f3gicos no Huse"},"content":{"rendered":"<p>Na manh\u00e3 desta ter\u00e7a-feira (10), o deputado estadual Georgeo Passos (Cidadania) levou ao plen\u00e1rio da Assembleia Legislativa de Sergipe (Alese) uma den\u00fancia envolvendo o sistema de sa\u00fade do estado. O parlamentar relatou o caso de uma moradora de Ribeir\u00f3polis, paciente oncol\u00f3gica, que enfrenta uma espera de quatro meses pela libera\u00e7\u00e3o de uma resson\u00e2ncia magn\u00e9tica no Hospital de Urg\u00eancia de Sergipe (Huse).<\/p>\n<div id=\"attachment_137039\" style=\"width: 609px\" class=\"wp-caption aligncenter\"><a href=\"https:\/\/senoticias.com.br\/se\/wp-content\/uploads\/2023\/05\/huse-senoticias-e1683548978175.jpg\"><img loading=\"lazy\" decoding=\"async\" aria-describedby=\"caption-attachment-137039\" class=\"size-full wp-image-137039\" src=\"https:\/\/senoticias.com.br\/se\/wp-content\/uploads\/2023\/05\/huse-senoticias-e1683548978175.jpg\" alt=\"\" width=\"599\" height=\"270\" \/><\/a><p id=\"caption-attachment-137039\" class=\"wp-caption-text\">Georgeo Passos denuncia demora em exames para pacientes oncol\u00f3gicos no Huse- Foto: arquivo\/SES<\/p><\/div>\n<p>De acordo com o relato da paciente, outras pessoas com c\u00e2ncer est\u00e3o passando pela mesma situa\u00e7\u00e3o, aguardando exames cruciais para o tratamento da doen\u00e7a. &#8220;A gente sabe como \u00e9 dif\u00edcil enfrentar essa doen\u00e7a, tudo o que ela causa. E quando o m\u00e9dico solicita um exame, o paciente precisa de uma resposta r\u00e1pida, pois isso pode ser a diferen\u00e7a entre a vida e a morte. O c\u00e2ncer n\u00e3o espera&#8221;, alertou o deputado.<\/p>\n<p>Segundo a den\u00fancia feita pela moradora, h\u00e1 casos ainda mais tr\u00e1gicos. \u201cInfelizmente, h\u00e1 relatos de pessoas que deram entrada para a realiza\u00e7\u00e3o do exame e perderam a vida antes de conseguirem realiz\u00e1-lo\u201d, revelou Georgeo. O parlamentar fez ent\u00e3o um apelo ao secret\u00e1rio de Estado da Sa\u00fade e \u00e0 dire\u00e7\u00e3o do Huse para que tomem provid\u00eancias urgentes para resolver o problema.<\/p>\n<p>&#8220;Essa falta de celeridade no atendimento a pacientes oncol\u00f3gicos em Sergipe \u00e9 motivo de preocupa\u00e7\u00e3o para os pacientes e seus familiares. S\u00e3o pessoas que est\u00e3o lutando pela vida e o acesso r\u00e1pido a exames como a resson\u00e2ncia magn\u00e9tica \u00e9 um fator determinante para a efic\u00e1cia do tratamento contra o c\u00e2ncer. Que o secret\u00e1rio e a gest\u00e3o do Hospital se sensibilizem e encontrem uma solu\u00e7\u00e3o para esses casos&#8221;, completou Georgeo.<\/p>\n<p><strong><em>Acompanhe tamb\u00e9m o SE Not\u00edcias no\u00a0<a href=\"https:\/\/www.instagram.com\/senoticias\/\" target=\"_blank\" rel=\"noreferrer noopener\">Instagram<\/a><\/em><\/strong>,\u00a0<strong><em>\u00a0<a href=\"https:\/\/www.facebook.com\/senoticias1\" target=\"_blank\" rel=\"noreferrer noopener\">Facebook<\/a>\u00a0e\u00a0no<\/em>\u00a0<em><a href=\"https:\/\/twitter.com\/Senoticias\">X<\/a><\/em><\/strong><\/p>\n<p>Fonte: ascom\/divulga\u00e7\u00e3o<\/p>\n","protected":false},"excerpt":{"rendered":"<p>Na manh\u00e3 desta ter\u00e7a-feira (10), o deputado estadual Georgeo Passos (Cidadania) levou ao plen\u00e1rio da Assembleia Legislativa de Sergipe (Alese) uma den\u00fancia envolvendo o sistema de sa\u00fade do estado. O parlamentar relatou o caso de uma moradora de Ribeir\u00f3polis, paciente oncol\u00f3gica, que enfrenta uma espera de quatro meses pela libera\u00e7\u00e3o de uma resson\u00e2ncia magn\u00e9tica no [&hellip;]<\/p>\n","protected":false},"author":6557,"featured_media":137039,"comment_status":"closed","ping_status":"closed","sticky":false,"template":"","format":"standard","meta":{"footnotes":""},"categories":[15,6],"tags":[7411,16194],"class_list":{"0":"post-144055","1":"post","2":"type-post","3":"status-publish","4":"format-standard","5":"has-post-thumbnail","7":"category-destaques","8":"category-politica","9":"tag-georgeo-passos","10":"tag-pacientes-oncologicos"},"_links":{"self":[{"href":"https:\/\/senoticias.com.br\/se\/wp-json\/wp\/v2\/posts\/144055"}],"collection":[{"href":"https:\/\/senoticias.com.br\/se\/wp-json\/wp\/v2\/posts"}],"about":[{"href":"https:\/\/senoticias.com.br\/se\/wp-json\/wp\/v2\/types\/post"}],"author":[{"embeddable":true,"href":"https:\/\/senoticias.com.br\/se\/wp-json\/wp\/v2\/users\/6557"}],"replies":[{"embeddable":true,"href":"https:\/\/senoticias.com.br\/se\/wp-json\/wp\/v2\/comments?post=144055"}],"version-history":[{"count":0,"href":"https:\/\/senoticias.com.br\/se\/wp-json\/wp\/v2\/posts\/144055\/revisions"}],"wp:featuredmedia":[{"embeddable":true,"href":"https:\/\/senoticias.com.br\/se\/wp-json\/wp\/v2\/media\/137039"}],"wp:attachment":[{"href":"https:\/\/senoticias.com.br\/se\/wp-json\/wp\/v2\/media?parent=144055"}],"wp:term":[{"taxonomy":"category","embeddable":true,"href":"https:\/\/senoticias.com.br\/se\/wp-json\/wp\/v2\/categories?post=144055"},{"taxonomy":"post_tag","embeddable":true,"href":"https:\/\/senoticias.com.br\/se\/wp-json\/wp\/v2\/tags?post=144055"}],"curies":[{"name":"wp","href":"https:\/\/api.w.org\/{rel}","templated":true}]}}