{"id":143979,"date":"2024-09-05T09:13:41","date_gmt":"2024-09-05T12:13:41","guid":{"rendered":"https:\/\/senoticias.com.br\/se\/?p=143979"},"modified":"2024-09-05T09:13:41","modified_gmt":"2024-09-05T12:13:41","slug":"policia-civil-divulga-imagem-de-suspeitos-de-furto-de-motocicleta-no-bairro-coroa-do-meio","status":"publish","type":"post","link":"https:\/\/senoticias.com.br\/se\/policia-civil-divulga-imagem-de-suspeitos-de-furto-de-motocicleta-no-bairro-coroa-do-meio\/","title":{"rendered":"Pol\u00edcia Civil divulga imagem de suspeitos de furto de motocicleta no bairro Coroa do Meio"},"content":{"rendered":"<p>A Delegacia Especial de Roubos e Furtos de Ve\u00edculos (DRFV) divulga imagens de um homem e uma mulher suspeitos de furtarem uma motocicleta pr\u00f3ximo a um shopping localizado no bairro Coroa do Meio, em Aracaju. As imagens est\u00e3o sendo divulgadas nesta quinta-feira, 5.<\/p>\n<div id=\"attachment_143980\" style=\"width: 589px\" class=\"wp-caption aligncenter\"><a href=\"https:\/\/senoticias.com.br\/se\/wp-content\/uploads\/2024\/09\/suspeito-se-noticias.jpeg\"><img loading=\"lazy\" decoding=\"async\" aria-describedby=\"caption-attachment-143980\" class=\"size-full wp-image-143980\" src=\"https:\/\/senoticias.com.br\/se\/wp-content\/uploads\/2024\/09\/suspeito-se-noticias.jpeg\" alt=\"\" width=\"579\" height=\"419\" srcset=\"https:\/\/senoticias.com.br\/se\/wp-content\/uploads\/2024\/09\/suspeito-se-noticias.jpeg 579w, https:\/\/senoticias.com.br\/se\/wp-content\/uploads\/2024\/09\/suspeito-se-noticias-300x217.jpeg 300w, https:\/\/senoticias.com.br\/se\/wp-content\/uploads\/2024\/09\/suspeito-se-noticias-278x202.jpeg 278w, https:\/\/senoticias.com.br\/se\/wp-content\/uploads\/2024\/09\/suspeito-se-noticias-373x270.jpeg 373w, https:\/\/senoticias.com.br\/se\/wp-content\/uploads\/2024\/09\/suspeito-se-noticias-567x410.jpeg 567w\" sizes=\"(max-width: 579px) 100vw, 579px\" \/><\/a><p id=\"caption-attachment-143980\" class=\"wp-caption-text\">As imagens est\u00e3o sendo divulgadas pela Pol\u00edcia Civil nesta quinta-feira, 5 &#8211; Foto: SSP\/SE<\/p><\/div>\n<p>De acordo com as investiga\u00e7\u00f5es policiais, a v\u00edtima, uma funcion\u00e1ria do shopping, estacionou a sua motocicleta, Honda CG Dourada, em via p\u00fablica pr\u00f3ximo ao local de trabalho. E, ao encerrar a jornada, n\u00e3o mais localizou o ve\u00edculo. O caso foi registrado na Especializada no final de agosto.<\/p>\n<p>A Pol\u00edcia Civil solicita que informa\u00e7\u00f5es e den\u00fancias que possam levar \u00e0 localiza\u00e7\u00e3o e \u00e0 identifica\u00e7\u00e3o do suspeito sejam repassadas \u00e0 pol\u00edcia por meio do <strong>Disque-Den\u00fancia, no telefone 181<\/strong>. O sigilo \u00e9 garantido.<\/p>\n<p><strong><em>Acompanhe tamb\u00e9m o SE Not\u00edcias no\u00a0<a href=\"https:\/\/www.instagram.com\/senoticias\/\" target=\"_blank\" rel=\"noreferrer noopener\">Instagram<\/a><\/em><\/strong>,\u00a0<strong><em>\u00a0<a href=\"https:\/\/www.facebook.com\/senoticias1\" target=\"_blank\" rel=\"noreferrer noopener\">Facebook<\/a>\u00a0e\u00a0no<\/em>\u00a0<em><a href=\"https:\/\/twitter.com\/Senoticias\">X<\/a><\/em><\/strong><\/p>\n<p>Fonte: SSP\/SE<\/p>\n","protected":false},"excerpt":{"rendered":"<p>A Delegacia Especial de Roubos e Furtos de Ve\u00edculos (DRFV) divulga imagens de um homem e uma mulher suspeitos de furtarem uma motocicleta pr\u00f3ximo a um shopping localizado no bairro Coroa do Meio, em Aracaju. As imagens est\u00e3o sendo divulgadas nesta quinta-feira, 5. De acordo com as investiga\u00e7\u00f5es policiais, a v\u00edtima, uma funcion\u00e1ria do shopping, [&hellip;]<\/p>\n","protected":false},"author":6557,"featured_media":143980,"comment_status":"closed","ping_status":"closed","sticky":false,"template":"","format":"standard","meta":{"footnotes":""},"categories":[15,7],"tags":[41174,42225,78],"class_list":{"0":"post-143979","1":"post","2":"type-post","3":"status-publish","4":"format-standard","5":"has-post-thumbnail","7":"category-destaques","8":"category-policia","9":"tag-furto-de-motocicleta","10":"tag-imagem-de-suspeitos","11":"tag-policia-civil"},"_links":{"self":[{"href":"https:\/\/senoticias.com.br\/se\/wp-json\/wp\/v2\/posts\/143979"}],"collection":[{"href":"https:\/\/senoticias.com.br\/se\/wp-json\/wp\/v2\/posts"}],"about":[{"href":"https:\/\/senoticias.com.br\/se\/wp-json\/wp\/v2\/types\/post"}],"author":[{"embeddable":true,"href":"https:\/\/senoticias.com.br\/se\/wp-json\/wp\/v2\/users\/6557"}],"replies":[{"embeddable":true,"href":"https:\/\/senoticias.com.br\/se\/wp-json\/wp\/v2\/comments?post=143979"}],"version-history":[{"count":0,"href":"https:\/\/senoticias.com.br\/se\/wp-json\/wp\/v2\/posts\/143979\/revisions"}],"wp:featuredmedia":[{"embeddable":true,"href":"https:\/\/senoticias.com.br\/se\/wp-json\/wp\/v2\/media\/143980"}],"wp:attachment":[{"href":"https:\/\/senoticias.com.br\/se\/wp-json\/wp\/v2\/media?parent=143979"}],"wp:term":[{"taxonomy":"category","embeddable":true,"href":"https:\/\/senoticias.com.br\/se\/wp-json\/wp\/v2\/categories?post=143979"},{"taxonomy":"post_tag","embeddable":true,"href":"https:\/\/senoticias.com.br\/se\/wp-json\/wp\/v2\/tags?post=143979"}],"curies":[{"name":"wp","href":"https:\/\/api.w.org\/{rel}","templated":true}]}}