{"id":143959,"date":"2024-09-04T08:06:19","date_gmt":"2024-09-04T11:06:19","guid":{"rendered":"https:\/\/senoticias.com.br\/se\/?p=143959"},"modified":"2024-09-04T08:12:52","modified_gmt":"2024-09-04T11:12:52","slug":"mpt-se-participa-de-evento-preparatorio-para-a-semana-nacional-da-execucao-trabalhista","status":"publish","type":"post","link":"https:\/\/senoticias.com.br\/se\/mpt-se-participa-de-evento-preparatorio-para-a-semana-nacional-da-execucao-trabalhista\/","title":{"rendered":"MPT-SE participa de evento preparat\u00f3rio para a Semana Nacional da Execu\u00e7\u00e3o Trabalhista"},"content":{"rendered":"<p>&nbsp;<\/p>\n<p>De 16 a 20 de setembro, ser\u00e1 realizada a 14\u00aa edi\u00e7\u00e3o da Semana Nacional de Execu\u00e7\u00e3o Trabalhista. Com o slogan \u201c<strong>Seu Direito vale o Ouro<\/strong>\u201d, o objetivo \u00e9 incentivar a concilia\u00e7\u00e3o. Como etapa preparat\u00f3ria para esse per\u00edodo estrat\u00e9gico, foi realizada uma roda de conversa nesta ter\u00e7a-feira (3\/9), na Escola Judicial (Ejud-20), no Complexo da Justi\u00e7a do Trabalho em Sergipe.<\/p>\n<div id=\"attachment_143961\" style=\"width: 609px\" class=\"wp-caption aligncenter\"><a href=\"https:\/\/senoticias.com.br\/se\/wp-content\/uploads\/2024\/09\/Semana-da-execeucao-trabalhista-se-noticias.jpg\"><img loading=\"lazy\" decoding=\"async\" aria-describedby=\"caption-attachment-143961\" class=\"size-full wp-image-143961\" src=\"https:\/\/senoticias.com.br\/se\/wp-content\/uploads\/2024\/09\/Semana-da-execeucao-trabalhista-se-noticias.jpg\" alt=\"\" width=\"599\" height=\"402\" srcset=\"https:\/\/senoticias.com.br\/se\/wp-content\/uploads\/2024\/09\/Semana-da-execeucao-trabalhista-se-noticias.jpg 599w, https:\/\/senoticias.com.br\/se\/wp-content\/uploads\/2024\/09\/Semana-da-execeucao-trabalhista-se-noticias-300x201.jpg 300w, https:\/\/senoticias.com.br\/se\/wp-content\/uploads\/2024\/09\/Semana-da-execeucao-trabalhista-se-noticias-90x60.jpg 90w, https:\/\/senoticias.com.br\/se\/wp-content\/uploads\/2024\/09\/Semana-da-execeucao-trabalhista-se-noticias-180x120.jpg 180w, https:\/\/senoticias.com.br\/se\/wp-content\/uploads\/2024\/09\/Semana-da-execeucao-trabalhista-se-noticias-95x64.jpg 95w\" sizes=\"(max-width: 599px) 100vw, 599px\" \/><\/a><p id=\"caption-attachment-143961\" class=\"wp-caption-text\">Roda de conversa foi realizada no Complexo da Justi\u00e7a do Trabalho em Sergipe &#8211; Foto: Lays Millena Rocha<\/p><\/div>\n<p>O procurador do Trabalho Adson Souza do Nascimento representou o Minist\u00e9rio P\u00fablico do Trabalho em Sergipe (MPT-SE) no evento. \u201cEsta \u00e9 uma pauta muito importante para o MPT, prova disso \u00e9 que temos o N\u00facleo Permanente de Incentivo \u00e0 Autocomposi\u00e7\u00e3o (Nupia). A nossa participa\u00e7\u00e3o aqui \u00e9 importante para estreitar os la\u00e7os porque todos precisam estar engajados. Cooperamos, assim, para a sociedade entender este caminho, onde as pr\u00f3prias partes s\u00e3o protagonistas para a solu\u00e7\u00e3o de conflitos\u201d, explicou o procurador.<\/p>\n<p>A roda de conversa foi realizada pelo N\u00facleo Permanente de M\u00e9todos Consensuais de Solu\u00e7\u00e3o de Disputas (Nupemec) e os Centros Judici\u00e1rios de M\u00e9todos Consensuais de Solu\u00e7\u00e3o de Disputas (Cejusc-JT) do Tribunal Regional do Trabalho da 20\u00aa Regi\u00e3o (TRT\/SE). A resolu\u00e7\u00e3o consensual de conflitos foi o tema discutido pelos debatedores: o coordenador do Cejusc-JT do 1\u00ba grau, o juiz Henry Cavalcanti de Souza Macedo, e o coordenador de apoio e execu\u00e7\u00e3o (CAE), juiz Fabr\u00edcio de Amorim Fernandes.<\/p>\n<p>Tamb\u00e9m participaram do evento desembargadores, ju\u00edzes, promotores, advogados e representantes de entidades sindicais. O desembargador Thenisson Santana D\u00f3ria destacou a import\u00e2ncia de incentivar a concilia\u00e7\u00e3o para resolver conflitos. \u201cTemos por h\u00e1bito nos reunir, com a presen\u00e7a da advocacia, de representantes de empresas, de \u00f3rg\u00e3os p\u00fablicos, para sensibilizar quanto \u00e0s pr\u00e1ticas de media\u00e7\u00e3o e concilia\u00e7\u00e3o. Ficamos felizes com o resultado deste encontro, porque as partes, como deve ser, inclusive, nas audi\u00eancias, atuaram de forma efetiva e cada um se expressou e tirou d\u00favidas\u201d, ressaltou o desembargador.<\/p>\n<p><strong><em>Acompanhe tamb\u00e9m o SE Not\u00edcias no\u00a0<a href=\"https:\/\/www.instagram.com\/senoticias\/\" target=\"_blank\" rel=\"noreferrer noopener\">Instagram<\/a><\/em><\/strong>,\u00a0<strong><em>\u00a0<a href=\"https:\/\/www.facebook.com\/senoticias1\" target=\"_blank\" rel=\"noreferrer noopener\">Facebook<\/a>\u00a0e\u00a0no<\/em>\u00a0<em><a href=\"https:\/\/twitter.com\/Senoticias\">X<\/a><\/em><\/strong><\/p>\n<p>Por Lays Rocha\/ascom\/MPT\/SE<\/p>\n","protected":false},"excerpt":{"rendered":"<p>&nbsp; De 16 a 20 de setembro, ser\u00e1 realizada a 14\u00aa edi\u00e7\u00e3o da Semana Nacional de Execu\u00e7\u00e3o Trabalhista. Com o slogan \u201cSeu Direito vale o Ouro\u201d, o objetivo \u00e9 incentivar a concilia\u00e7\u00e3o. Como etapa preparat\u00f3ria para esse per\u00edodo estrat\u00e9gico, foi realizada uma roda de conversa nesta ter\u00e7a-feira (3\/9), na Escola Judicial (Ejud-20), no Complexo da [&hellip;]<\/p>\n","protected":false},"author":6557,"featured_media":143961,"comment_status":"closed","ping_status":"closed","sticky":false,"template":"","format":"standard","meta":{"footnotes":""},"categories":[15,6],"tags":[13119,42214,42215],"class_list":{"0":"post-143959","1":"post","2":"type-post","3":"status-publish","4":"format-standard","5":"has-post-thumbnail","7":"category-destaques","8":"category-politica","9":"tag-mpt-se","10":"tag-semana-nacional-da-execucao-trabalhista","11":"tag-seu-direito-vale-o-ouro"},"_links":{"self":[{"href":"https:\/\/senoticias.com.br\/se\/wp-json\/wp\/v2\/posts\/143959"}],"collection":[{"href":"https:\/\/senoticias.com.br\/se\/wp-json\/wp\/v2\/posts"}],"about":[{"href":"https:\/\/senoticias.com.br\/se\/wp-json\/wp\/v2\/types\/post"}],"author":[{"embeddable":true,"href":"https:\/\/senoticias.com.br\/se\/wp-json\/wp\/v2\/users\/6557"}],"replies":[{"embeddable":true,"href":"https:\/\/senoticias.com.br\/se\/wp-json\/wp\/v2\/comments?post=143959"}],"version-history":[{"count":0,"href":"https:\/\/senoticias.com.br\/se\/wp-json\/wp\/v2\/posts\/143959\/revisions"}],"wp:featuredmedia":[{"embeddable":true,"href":"https:\/\/senoticias.com.br\/se\/wp-json\/wp\/v2\/media\/143961"}],"wp:attachment":[{"href":"https:\/\/senoticias.com.br\/se\/wp-json\/wp\/v2\/media?parent=143959"}],"wp:term":[{"taxonomy":"category","embeddable":true,"href":"https:\/\/senoticias.com.br\/se\/wp-json\/wp\/v2\/categories?post=143959"},{"taxonomy":"post_tag","embeddable":true,"href":"https:\/\/senoticias.com.br\/se\/wp-json\/wp\/v2\/tags?post=143959"}],"curies":[{"name":"wp","href":"https:\/\/api.w.org\/{rel}","templated":true}]}}