{"id":143918,"date":"2024-09-02T14:40:30","date_gmt":"2024-09-02T17:40:30","guid":{"rendered":"https:\/\/senoticias.com.br\/se\/?p=143918"},"modified":"2024-09-02T14:48:56","modified_gmt":"2024-09-02T17:48:56","slug":"homem-morre-e-duas-pessoas-ficam-feridas-em-acidente-de-transito-no-interior-de-sergipe","status":"publish","type":"post","link":"https:\/\/senoticias.com.br\/se\/homem-morre-e-duas-pessoas-ficam-feridas-em-acidente-de-transito-no-interior-de-sergipe\/","title":{"rendered":"Homem morre e duas pessoas ficam feridas em acidente de tr\u00e2nsito no interior de Sergipe"},"content":{"rendered":"<p>Um homem morreu e duas pessoas ficaram feridas durante uma batida entre dois carros de passeio no povoado Crasto, em Santa Luzia do Itanhy, na noite desse domingo (1\u00ba). De acordo com o Batalh\u00e3o de Pol\u00edcia Rodovi\u00e1ria Estadual (BPRv), as v\u00edtimas ficaram presas \u00e0s ferragens. <em>A informa\u00e7\u00e3o do G1\/SE<\/em><\/p>\n<div id=\"attachment_143919\" style=\"width: 608px\" class=\"wp-caption aligncenter\"><a href=\"https:\/\/senoticias.com.br\/se\/wp-content\/uploads\/2024\/09\/Acidente-e-Santa-Luzia-SE-Noticias.png\"><img loading=\"lazy\" decoding=\"async\" aria-describedby=\"caption-attachment-143919\" class=\"size-full wp-image-143919\" src=\"https:\/\/senoticias.com.br\/se\/wp-content\/uploads\/2024\/09\/Acidente-e-Santa-Luzia-SE-Noticias.png\" alt=\"\" width=\"598\" height=\"452\" srcset=\"https:\/\/senoticias.com.br\/se\/wp-content\/uploads\/2024\/09\/Acidente-e-Santa-Luzia-SE-Noticias.png 598w, https:\/\/senoticias.com.br\/se\/wp-content\/uploads\/2024\/09\/Acidente-e-Santa-Luzia-SE-Noticias-300x227.png 300w, https:\/\/senoticias.com.br\/se\/wp-content\/uploads\/2024\/09\/Acidente-e-Santa-Luzia-SE-Noticias-45x35.png 45w\" sizes=\"(max-width: 598px) 100vw, 598px\" \/><\/a><p id=\"caption-attachment-143919\" class=\"wp-caption-text\"><br \/>Homem morre e duas pessoas ficam feridas em acidente de tr\u00e2nsito em Santa Luzia do Itanhy \u2014 Foto: BPRv<\/p><\/div>\n<p>A v\u00edtima fatal era condutora de um dos ve\u00edculos, que morreu no local. Segundo a pol\u00edcia, o homem n\u00e3o tinha carteira nacional de habilita\u00e7\u00e3o (CNH). J\u00e1 o condutor do outro ve\u00edculo estava com habilita\u00e7\u00e3o vencida e foi levado \u00e0 delegacia.<\/p>\n<p>O passageiro de um dos ve\u00edculos ficou ferido, foi socorrido pelo Servi\u00e7o de Atendimento M\u00f3vel de Urg\u00eancia (Samu) e levado a um hospital. N\u00e3o h\u00e1 informa\u00e7\u00f5es sobre o estado de sa\u00fade dele.<\/p>\n<p>Nenhum dos envolvidos passou por teste do etil\u00f4metro, para verificar se estavam embriagados.<\/p>\n<p>Um dos ve\u00edculos ficou destru\u00eddo. O caso ser\u00e1 investigado pela Pol\u00edcia Civil.<\/p>\n<p><strong><em>Acompanhe tamb\u00e9m o SE Not\u00edcias no\u00a0<a href=\"https:\/\/www.instagram.com\/senoticias\/\" target=\"_blank\" rel=\"noreferrer noopener\">Instagram<\/a><\/em><\/strong>,\u00a0<strong><em>\u00a0<a href=\"https:\/\/www.facebook.com\/senoticias1\" target=\"_blank\" rel=\"noreferrer noopener\">Facebook<\/a>\u00a0e\u00a0no<\/em>\u00a0<em><a href=\"https:\/\/twitter.com\/Senoticias\">X<\/a><\/em><\/strong><\/p>\n<p>Fonte: G1\/SE<\/p>\n<p>&nbsp;<\/p>\n","protected":false},"excerpt":{"rendered":"<p>Um homem morreu e duas pessoas ficaram feridas durante uma batida entre dois carros de passeio no povoado Crasto, em Santa Luzia do Itanhy, na noite desse domingo (1\u00ba). De acordo com o Batalh\u00e3o de Pol\u00edcia Rodovi\u00e1ria Estadual (BPRv), as v\u00edtimas ficaram presas \u00e0s ferragens. A informa\u00e7\u00e3o do G1\/SE A v\u00edtima fatal era condutora de [&hellip;]<\/p>\n","protected":false},"author":6557,"featured_media":143919,"comment_status":"closed","ping_status":"closed","sticky":false,"template":"","format":"standard","meta":{"footnotes":""},"categories":[15,7],"tags":[2036,42202],"class_list":{"0":"post-143918","1":"post","2":"type-post","3":"status-publish","4":"format-standard","5":"has-post-thumbnail","7":"category-destaques","8":"category-policia","9":"tag-bprv","10":"tag-vitimas-do-transito"},"_links":{"self":[{"href":"https:\/\/senoticias.com.br\/se\/wp-json\/wp\/v2\/posts\/143918"}],"collection":[{"href":"https:\/\/senoticias.com.br\/se\/wp-json\/wp\/v2\/posts"}],"about":[{"href":"https:\/\/senoticias.com.br\/se\/wp-json\/wp\/v2\/types\/post"}],"author":[{"embeddable":true,"href":"https:\/\/senoticias.com.br\/se\/wp-json\/wp\/v2\/users\/6557"}],"replies":[{"embeddable":true,"href":"https:\/\/senoticias.com.br\/se\/wp-json\/wp\/v2\/comments?post=143918"}],"version-history":[{"count":0,"href":"https:\/\/senoticias.com.br\/se\/wp-json\/wp\/v2\/posts\/143918\/revisions"}],"wp:featuredmedia":[{"embeddable":true,"href":"https:\/\/senoticias.com.br\/se\/wp-json\/wp\/v2\/media\/143919"}],"wp:attachment":[{"href":"https:\/\/senoticias.com.br\/se\/wp-json\/wp\/v2\/media?parent=143918"}],"wp:term":[{"taxonomy":"category","embeddable":true,"href":"https:\/\/senoticias.com.br\/se\/wp-json\/wp\/v2\/categories?post=143918"},{"taxonomy":"post_tag","embeddable":true,"href":"https:\/\/senoticias.com.br\/se\/wp-json\/wp\/v2\/tags?post=143918"}],"curies":[{"name":"wp","href":"https:\/\/api.w.org\/{rel}","templated":true}]}}