{"id":143907,"date":"2024-09-02T19:21:10","date_gmt":"2024-09-02T22:21:10","guid":{"rendered":"https:\/\/senoticias.com.br\/se\/?p=143907"},"modified":"2024-09-02T19:27:15","modified_gmt":"2024-09-02T22:27:15","slug":"hospital-de-cirurgia-lamenta-falecimento-do-conselheiro-e-bucomaxilofacial-dr-jose-augusto","status":"publish","type":"post","link":"https:\/\/senoticias.com.br\/se\/hospital-de-cirurgia-lamenta-falecimento-do-conselheiro-e-bucomaxilofacial-dr-jose-augusto\/","title":{"rendered":"Hospital de Cirurgia lamenta falecimento do conselheiro e bucomaxilofacial Dr. Jos\u00e9 Augusto"},"content":{"rendered":"<p>O Hospital de Cirurgia \u2013 HC \u2013 lamenta, com imenso e doloroso pesar, o falecimento do Conselheiro e Cirurgi\u00e3o Bucomaxilofacial Dr. Jos\u00e9 Augusto Santos da Silva, nesta segunda-feira, 2. Um profissional que, sem d\u00favidas, deixou o seu nome marcado na hist\u00f3ria da institui\u00e7\u00e3o hospitalar e da Odontologia Hospitalar sergipana e brasileira.<\/p>\n<div id=\"attachment_143928\" style=\"width: 610px\" class=\"wp-caption aligncenter\"><a href=\"https:\/\/senoticias.com.br\/se\/wp-content\/uploads\/2024\/09\/Dr.-Jose-Augusto-Santos-SE-Noticias.jpg\"><img loading=\"lazy\" decoding=\"async\" aria-describedby=\"caption-attachment-143928\" class=\"size-full wp-image-143928\" src=\"https:\/\/senoticias.com.br\/se\/wp-content\/uploads\/2024\/09\/Dr.-Jose-Augusto-Santos-SE-Noticias.jpg\" alt=\"\" width=\"600\" height=\"511\" srcset=\"https:\/\/senoticias.com.br\/se\/wp-content\/uploads\/2024\/09\/Dr.-Jose-Augusto-Santos-SE-Noticias.jpg 600w, https:\/\/senoticias.com.br\/se\/wp-content\/uploads\/2024\/09\/Dr.-Jose-Augusto-Santos-SE-Noticias-300x256.jpg 300w\" sizes=\"(max-width: 600px) 100vw, 600px\" \/><\/a><p id=\"caption-attachment-143928\" class=\"wp-caption-text\">Funcion\u00e1rio do HC desde 1985, Dr. Jos\u00e9 Augusto trabalhou com muito zelo, amor e dedica\u00e7\u00e3o em prol dos pacientes e do hospital &#8211; Foto: ascom\/divulga\u00e7\u00e3o<\/p><\/div>\n<p>Funcion\u00e1rio do HC desde 1985, Dr. Jos\u00e9 Augusto trabalhou com muito zelo, amor e dedica\u00e7\u00e3o em prol dos pacientes e do hospital, sendo um verdadeiro mestre-amigo para diversos profissionais que passaram pela Resid\u00eancia da institui\u00e7\u00e3o \u2013 setor que contribuiu de forma inestim\u00e1vel.<\/p>\n<p>&nbsp;<\/p>\n<p>Ao longo de quase 40 anos de contribui\u00e7\u00e3o ao Cirurgia, Dr. Jos\u00e9 Augusto foi presidente da Funda\u00e7\u00e3o de Benefic\u00eancia Hospital de Cirurgia (FBHC) \u2013 de 1999 a 2000 \u2013, vice-diretor de ensino e chefe do Servi\u00e7o de Bucomaxilofacial. Atualmente, no hospital, ele era cirurgi\u00e3o bucomaxilo, preceptor do Programa de Resid\u00eancia Multiprofissional em Terapia Intensiva e exercia a fun\u00e7\u00e3o de conselheiro do Conselho Deliberativo da FBHC.<\/p>\n<p><strong>Contribui\u00e7\u00e3o nacional<\/strong><\/p>\n<p>Al\u00e9m de seu intenso e dedicado trabalho no HC, Dr. Augusto presidia a Comiss\u00e3o de Odontologia Hospitalar do Conselho Regional de Odontologia de Sergipe e representava o estado, desde 2023, na Comiss\u00e3o de Odontologia Hospitalar do Conselho Federal da entidade de classe.<\/p>\n<p>&nbsp;<\/p>\n<p>Da Diretoria ao Servi\u00e7o de Bucomaxilofacial, todos que fazem o HC est\u00e3o consternados com a partida t\u00e3o precoce e inesperada de Dr. Jos\u00e9 Augusto. Neste momento, o hospital expressa a sua gratid\u00e3o ao cirurgi\u00e3o por todo o seu legado e se solidariza com familiares e amigos.<\/p>\n<p><strong><em>Acompanhe tamb\u00e9m o SE Not\u00edcias no\u00a0<a href=\"https:\/\/www.instagram.com\/senoticias\/\" target=\"_blank\" rel=\"noreferrer noopener\">Instagram<\/a><\/em><\/strong>,\u00a0<strong><em>\u00a0<a href=\"https:\/\/www.facebook.com\/senoticias1\" target=\"_blank\" rel=\"noreferrer noopener\">Facebook<\/a>\u00a0e\u00a0no<\/em>\u00a0<em><a href=\"https:\/\/twitter.com\/Senoticias\">X<\/a><\/em><\/strong><\/p>\n<p>Assessoria de Comunica\u00e7\u00e3o<br \/>\nHospital de Cirurgia<\/p>\n<p>&nbsp;<\/p>\n<p>&nbsp;<\/p>\n","protected":false},"excerpt":{"rendered":"<p>O Hospital de Cirurgia \u2013 HC \u2013 lamenta, com imenso e doloroso pesar, o falecimento do Conselheiro e Cirurgi\u00e3o Bucomaxilofacial Dr. Jos\u00e9 Augusto Santos da Silva, nesta segunda-feira, 2. Um profissional que, sem d\u00favidas, deixou o seu nome marcado na hist\u00f3ria da institui\u00e7\u00e3o hospitalar e da Odontologia Hospitalar sergipana e brasileira. Funcion\u00e1rio do HC desde [&hellip;]<\/p>\n","protected":false},"author":6557,"featured_media":143928,"comment_status":"closed","ping_status":"closed","sticky":false,"template":"","format":"standard","meta":{"footnotes":""},"categories":[15,6,1],"tags":[12549,42204,42203],"class_list":{"0":"post-143907","1":"post","2":"type-post","3":"status-publish","4":"format-standard","5":"has-post-thumbnail","7":"category-destaques","8":"category-politica","9":"category-sem-categoria","10":"tag-bucomaxilofacial","11":"tag-cirurgiao-bucomaxilofacial","12":"tag-dr-jose-augusto"},"_links":{"self":[{"href":"https:\/\/senoticias.com.br\/se\/wp-json\/wp\/v2\/posts\/143907"}],"collection":[{"href":"https:\/\/senoticias.com.br\/se\/wp-json\/wp\/v2\/posts"}],"about":[{"href":"https:\/\/senoticias.com.br\/se\/wp-json\/wp\/v2\/types\/post"}],"author":[{"embeddable":true,"href":"https:\/\/senoticias.com.br\/se\/wp-json\/wp\/v2\/users\/6557"}],"replies":[{"embeddable":true,"href":"https:\/\/senoticias.com.br\/se\/wp-json\/wp\/v2\/comments?post=143907"}],"version-history":[{"count":0,"href":"https:\/\/senoticias.com.br\/se\/wp-json\/wp\/v2\/posts\/143907\/revisions"}],"wp:featuredmedia":[{"embeddable":true,"href":"https:\/\/senoticias.com.br\/se\/wp-json\/wp\/v2\/media\/143928"}],"wp:attachment":[{"href":"https:\/\/senoticias.com.br\/se\/wp-json\/wp\/v2\/media?parent=143907"}],"wp:term":[{"taxonomy":"category","embeddable":true,"href":"https:\/\/senoticias.com.br\/se\/wp-json\/wp\/v2\/categories?post=143907"},{"taxonomy":"post_tag","embeddable":true,"href":"https:\/\/senoticias.com.br\/se\/wp-json\/wp\/v2\/tags?post=143907"}],"curies":[{"name":"wp","href":"https:\/\/api.w.org\/{rel}","templated":true}]}}