{"id":143883,"date":"2024-08-30T16:40:45","date_gmt":"2024-08-30T19:40:45","guid":{"rendered":"https:\/\/senoticias.com.br\/se\/?p=143883"},"modified":"2024-08-30T16:40:45","modified_gmt":"2024-08-30T19:40:45","slug":"dia-do-gestor-governamental-conheca-a-carreira-que-atua-pela-melhoria-dos-servicos-publicos","status":"publish","type":"post","link":"https:\/\/senoticias.com.br\/se\/dia-do-gestor-governamental-conheca-a-carreira-que-atua-pela-melhoria-dos-servicos-publicos\/","title":{"rendered":"Dia do Gestor Governamental: conhe\u00e7a a carreira que atua pela melhoria dos servi\u00e7os p\u00fablicos"},"content":{"rendered":"<p>Nesta sexta-feira, 30 de agosto, \u00e9 celebrado o Dia do Gestor Governamental. A data \u00e9 uma oportunidade para reconhecer e homenagear aqueles que trabalham pelo bem coletivo e pela melhoria dos servi\u00e7os p\u00fablicos. Mas voc\u00ea sabe o que faz um Especialista em Pol\u00edticas P\u00fablicas e Gest\u00e3o Governamental (EPPGG)?<\/p>\n<p><a href=\"https:\/\/senoticias.com.br\/se\/wp-content\/uploads\/2024\/08\/WhatsApp-Image-2024-08-30-at-13.47.23-e1725046732901.jpeg\"><img loading=\"lazy\" decoding=\"async\" class=\"size-full wp-image-143884 aligncenter\" src=\"https:\/\/senoticias.com.br\/se\/wp-content\/uploads\/2024\/08\/WhatsApp-Image-2024-08-30-at-13.47.23-e1725046732901.jpeg\" alt=\"\" width=\"600\" height=\"400\" \/><\/a><\/p>\n<p>A carreira foi criada em n\u00edvel federal no ano de 1986 e chegou ao estado de Sergipe nos anos 2000, para dotar a administra\u00e7\u00e3o p\u00fablica de servidores concursados com s\u00f3lida forma\u00e7\u00e3o acad\u00eamica e experi\u00eancia profissional. Atualmente, Sergipe conta com 75 cargos de EPPGG, distribu\u00eddos em 20 \u00f3rg\u00e3os da administra\u00e7\u00e3o p\u00fablica estadual.<\/p>\n<p>Para a presidente do Sindicato dos Integrantes da Carreira de Gest\u00e3o P\u00fablica do Estado de Sergipe (Singeps), Adelaide Monteiro, o Gestor Governamental \u00e9 um dos pilares invis\u00edveis que mant\u00eam a m\u00e1quina p\u00fablica em pleno funcionamento. Esse servidor dedica-se a gerir recursos e servi\u00e7os p\u00fablicos, sempre com o objetivo de elevar a efici\u00eancia na administra\u00e7\u00e3o p\u00fablica.<\/p>\n<p>\u201cA carreira de gestor governamental faz parte das chamadas carreiras t\u00edpicas de Estado. Somos um grupo de executivos p\u00fablicos profissionais com atribui\u00e7\u00f5es focadas na formula\u00e7\u00e3o, implementa\u00e7\u00e3o e avalia\u00e7\u00e3o de pol\u00edticas p\u00fablicas, al\u00e9m do exerc\u00edcio de atividades de dire\u00e7\u00e3o e assessoramento nos escal\u00f5es superiores da administra\u00e7\u00e3o p\u00fablica\u201d, explica.<\/p>\n<p>Este ano, a carreira teve atua\u00e7\u00e3o de destaque na mesa de negocia\u00e7\u00f5es com o Governo do Estado de Sergipe. Pela primeira vez, gestores governamentais do Singeps estiveram em uma mesa direta para falar sobre as demandas da carreira.<\/p>\n<p>\u201cEntre as conquistas, conseguimos a reestrutura\u00e7\u00e3o da nossa carreira, com a defini\u00e7\u00e3o de novos avan\u00e7os salariais e das \u00e1reas t\u00edpicas de atua\u00e7\u00e3o dos EPPGGs. Al\u00e9m disso, tivemos a aprova\u00e7\u00e3o de um novo concurso p\u00fablico para gestores, o que fortalece ainda mais a nossa carreira. Outro marco importante foi o lan\u00e7amento do nosso site, que trouxe maior visibilidade e transpar\u00eancia \u00e0 profiss\u00e3o. Estamos tamb\u00e9m avan\u00e7ando na amplia\u00e7\u00e3o do nosso clube de benef\u00edcios, oferecendo ainda mais vantagens aos nossos membros\u201d, pontuou a presidente do Singeps Adelaide Monteiro, a primeira mulher a ocupar o cargo.<\/p>\n<p>Novo concurso<\/p>\n<p>Em breve, ser\u00e1 anunciado um novo edital para concurso para Especialista em Pol\u00edticas P\u00fablicas e Gest\u00e3o Governamental do estado.<\/p>\n<p>\u201cEm rela\u00e7\u00e3o ao status do concurso, j\u00e1 foi formada a Comiss\u00e3o Organizadora, que est\u00e1 em fase de contrata\u00e7\u00e3o da banca examinadora. Acredito que, em breve, ser\u00e1 anunciada a banca selecionada, e tornaremos essa informa\u00e7\u00e3o p\u00fablica\u201d, declarou Adelaide Monteiro.<\/p>\n<p>Sobre a data<\/p>\n<p>O Dia do Gestor Governamental \u00e9 celebrado em Sergipe no dia 30 de agosto, data em que a primeira turma de aprovados no concurso p\u00fablico tomou posse nos cargos. A data foi oficialmente institu\u00edda no Calend\u00e1rio Oficial de Eventos do Estado por meio do Projeto Lei 206\/2022, de autoria do ent\u00e3o deputado estadual e atual vice-governador, Zezinho Sobral.<\/p>\n<p>A lei estabelece que a Assembleia Legislativa e o Governo do Estado possam realizar atividades para homenagear os gestores governamentais que se destacaram no exerc\u00edcio de suas atividades durante o ano, bem como promover a\u00e7\u00f5es que fomentem o debate sobre a melhoria da gest\u00e3o p\u00fablica no \u00e2mbito estadual.<\/p>\n<p><strong><em>Acompanhe tamb\u00e9m o SE Not\u00edcias no\u00a0<a href=\"https:\/\/www.instagram.com\/senoticias\/\" target=\"_blank\" rel=\"noreferrer noopener\">Instagram<\/a><\/em><\/strong>,\u00a0<strong><em>\u00a0<a href=\"https:\/\/www.facebook.com\/senoticias1\" target=\"_blank\" rel=\"noreferrer noopener\">Facebook<\/a>\u00a0e\u00a0no<\/em>\u00a0<em><a href=\"https:\/\/twitter.com\/Senoticias\">X<\/a><\/em><\/strong><\/p>\n<p>&nbsp;<\/p>\n<p>&nbsp;<\/p>\n","protected":false},"excerpt":{"rendered":"<p>Nesta sexta-feira, 30 de agosto, \u00e9 celebrado o Dia do Gestor Governamental. A data \u00e9 uma oportunidade para reconhecer e homenagear aqueles que trabalham pelo bem coletivo e pela melhoria dos servi\u00e7os p\u00fablicos. Mas voc\u00ea sabe o que faz um Especialista em Pol\u00edticas P\u00fablicas e Gest\u00e3o Governamental (EPPGG)? A carreira foi criada em n\u00edvel federal [&hellip;]<\/p>\n","protected":false},"author":6557,"featured_media":0,"comment_status":"closed","ping_status":"closed","sticky":false,"template":"","format":"standard","meta":{"footnotes":""},"categories":[15,6],"tags":[42186,14251],"class_list":{"0":"post-143883","1":"post","2":"type-post","3":"status-publish","4":"format-standard","6":"category-destaques","7":"category-politica","8":"tag-dia-do-gestor-governamental","9":"tag-servicos-publicos"},"_links":{"self":[{"href":"https:\/\/senoticias.com.br\/se\/wp-json\/wp\/v2\/posts\/143883"}],"collection":[{"href":"https:\/\/senoticias.com.br\/se\/wp-json\/wp\/v2\/posts"}],"about":[{"href":"https:\/\/senoticias.com.br\/se\/wp-json\/wp\/v2\/types\/post"}],"author":[{"embeddable":true,"href":"https:\/\/senoticias.com.br\/se\/wp-json\/wp\/v2\/users\/6557"}],"replies":[{"embeddable":true,"href":"https:\/\/senoticias.com.br\/se\/wp-json\/wp\/v2\/comments?post=143883"}],"version-history":[{"count":0,"href":"https:\/\/senoticias.com.br\/se\/wp-json\/wp\/v2\/posts\/143883\/revisions"}],"wp:attachment":[{"href":"https:\/\/senoticias.com.br\/se\/wp-json\/wp\/v2\/media?parent=143883"}],"wp:term":[{"taxonomy":"category","embeddable":true,"href":"https:\/\/senoticias.com.br\/se\/wp-json\/wp\/v2\/categories?post=143883"},{"taxonomy":"post_tag","embeddable":true,"href":"https:\/\/senoticias.com.br\/se\/wp-json\/wp\/v2\/tags?post=143883"}],"curies":[{"name":"wp","href":"https:\/\/api.w.org\/{rel}","templated":true}]}}