{"id":143844,"date":"2024-08-27T15:42:38","date_gmt":"2024-08-27T18:42:38","guid":{"rendered":"https:\/\/senoticias.com.br\/se\/?p=143844"},"modified":"2024-08-27T16:24:42","modified_gmt":"2024-08-27T19:24:42","slug":"pm-prende-tres-suspeitos-por-furto-em-estabelecimento-comercial-na-orla-de-atalaia","status":"publish","type":"post","link":"https:\/\/senoticias.com.br\/se\/pm-prende-tres-suspeitos-por-furto-em-estabelecimento-comercial-na-orla-de-atalaia\/","title":{"rendered":"Pol\u00edcia Militar prende tr\u00eas suspeitos por furto em estabelecimento comercial na Orla de Atalaia"},"content":{"rendered":"<p>Na manh\u00e3 desta ter\u00e7a-feira (27), policiais do Batalh\u00e3o de Policiamento Tur\u00edstico (BPTur) prenderam tr\u00eas pessoas suspeitas de furtar um estabelecimento comercial abandonado. A a\u00e7\u00e3o ocorreu na Orla de Atalaia, em Aracaju.<\/p>\n<p>&nbsp;<\/p>\n<p>Durante patrulhamento ostensivo, os militares foram alertados, por meio da Central de Monitoramento com C\u00e2meras do Ciosp, sobre uma tentativa de furto de cabos de cobre em um bar abandonado.<\/p>\n<p>Ao chegar no local, a equipe flagou um homem e uma mulher tentando recolher ilicitamente os cabos de cobre. Momentos depois, outro suspeito entrou no estabelecimento e foi tamb\u00e9m foi flagrado pelas c\u00e2meras furtando um sof\u00e1, um arm\u00e1rio, al\u00e9m de uma bancada de granito.<\/p>\n<div id=\"attachment_143845\" style=\"width: 609px\" class=\"wp-caption aligncenter\"><a href=\"https:\/\/senoticias.com.br\/se\/wp-content\/uploads\/2024\/08\/pm-senoticias-e1724784118576.jpg\"><img loading=\"lazy\" decoding=\"async\" aria-describedby=\"caption-attachment-143845\" class=\"size-full wp-image-143845\" src=\"https:\/\/senoticias.com.br\/se\/wp-content\/uploads\/2024\/08\/pm-senoticias-e1724784118576.jpg\" alt=\"\" width=\"599\" height=\"399\" \/><\/a><p id=\"caption-attachment-143845\" class=\"wp-caption-text\">Policiais do Batalh\u00e3o de Policiamento Tur\u00edstico prenderam tr\u00eas pessoas suspeitas de furtar um estabelecimento comercial abandonado &#8211; Foto: PM\/SE<\/p><\/div>\n<p>Todos os envolvidos foram encaminhados \u00e0 Delegacia.<\/p>\n<p><strong><em>Acompanhe tamb\u00e9m o SE Not\u00edcias no\u00a0<a href=\"https:\/\/www.instagram.com\/senoticias\/\" target=\"_blank\" rel=\"noreferrer noopener\">Instagram<\/a><\/em><\/strong>,\u00a0<strong><em>\u00a0<a href=\"https:\/\/www.facebook.com\/senoticias1\" target=\"_blank\" rel=\"noreferrer noopener\">Facebook<\/a>\u00a0e\u00a0no<\/em>\u00a0<em><a href=\"https:\/\/twitter.com\/Senoticias\">X<\/a><\/em><\/strong><\/p>\n<p>Fonte: ascom PM\/SE<\/p>\n","protected":false},"excerpt":{"rendered":"<p>Na manh\u00e3 desta ter\u00e7a-feira (27), policiais do Batalh\u00e3o de Policiamento Tur\u00edstico (BPTur) prenderam tr\u00eas pessoas suspeitas de furtar um estabelecimento comercial abandonado. A a\u00e7\u00e3o ocorreu na Orla de Atalaia, em Aracaju. &nbsp; Durante patrulhamento ostensivo, os militares foram alertados, por meio da Central de Monitoramento com C\u00e2meras do Ciosp, sobre uma tentativa de furto de [&hellip;]<\/p>\n","protected":false},"author":6557,"featured_media":0,"comment_status":"closed","ping_status":"closed","sticky":false,"template":"","format":"standard","meta":{"footnotes":""},"categories":[15,7],"tags":[86,42166],"class_list":{"0":"post-143844","1":"post","2":"type-post","3":"status-publish","4":"format-standard","6":"category-destaques","7":"category-policia","8":"tag-policia-militar","9":"tag-suspeitos-de-furto"},"_links":{"self":[{"href":"https:\/\/senoticias.com.br\/se\/wp-json\/wp\/v2\/posts\/143844"}],"collection":[{"href":"https:\/\/senoticias.com.br\/se\/wp-json\/wp\/v2\/posts"}],"about":[{"href":"https:\/\/senoticias.com.br\/se\/wp-json\/wp\/v2\/types\/post"}],"author":[{"embeddable":true,"href":"https:\/\/senoticias.com.br\/se\/wp-json\/wp\/v2\/users\/6557"}],"replies":[{"embeddable":true,"href":"https:\/\/senoticias.com.br\/se\/wp-json\/wp\/v2\/comments?post=143844"}],"version-history":[{"count":0,"href":"https:\/\/senoticias.com.br\/se\/wp-json\/wp\/v2\/posts\/143844\/revisions"}],"wp:attachment":[{"href":"https:\/\/senoticias.com.br\/se\/wp-json\/wp\/v2\/media?parent=143844"}],"wp:term":[{"taxonomy":"category","embeddable":true,"href":"https:\/\/senoticias.com.br\/se\/wp-json\/wp\/v2\/categories?post=143844"},{"taxonomy":"post_tag","embeddable":true,"href":"https:\/\/senoticias.com.br\/se\/wp-json\/wp\/v2\/tags?post=143844"}],"curies":[{"name":"wp","href":"https:\/\/api.w.org\/{rel}","templated":true}]}}