{"id":143840,"date":"2024-08-27T15:24:58","date_gmt":"2024-08-27T18:24:58","guid":{"rendered":"https:\/\/senoticias.com.br\/se\/?p=143840"},"modified":"2024-08-27T15:32:59","modified_gmt":"2024-08-27T18:32:59","slug":"prefeito-de-joao-dias-e-assassinado-a-tiros-no-interior-do-rn-pai-tambem-morreu","status":"publish","type":"post","link":"https:\/\/senoticias.com.br\/se\/prefeito-de-joao-dias-e-assassinado-a-tiros-no-interior-do-rn-pai-tambem-morreu\/","title":{"rendered":"Candidato a reelei\u00e7\u00e3o, prefeito \u00e9 morto a tiros no interior do RN; pai tamb\u00e9m morreu"},"content":{"rendered":"<p>O prefeito da cidade de Jo\u00e3o Dias, Marcelo Oliveira (Uni\u00e3o Brasil), foi assassinado a tiros na manh\u00e3 desta ter\u00e7a-feira (27), no munic\u00edpio da regi\u00e3o Oeste do Rio Grande do Norte.<\/p>\n<p>Embora seja conhecido como Marcelo, o nome do prefeito \u00e9 Francisco Dami\u00e3o de Oliveira. Ele chegou a ser socorrido para uma unidade de sa\u00fade de Catol\u00e9 do Rocha, na Para\u00edba, mas teve a morte confirmada pela Pol\u00edcia Civil por volta das 13h.<\/p>\n<p>O pai do prefeito, que estava com ele no momento do crime, tamb\u00e9m foi baleado e morreu. Ele foi identificado pela Secretaria de Seguran\u00e7a P\u00fablica como Sandi Alves de Oliveira.<\/p>\n<div id=\"attachment_143841\" style=\"width: 600px\" class=\"wp-caption aligncenter\"><a href=\"https:\/\/senoticias.com.br\/se\/wp-content\/uploads\/2024\/08\/Prefeito-assassinado-se-noticias.jpg\"><img loading=\"lazy\" decoding=\"async\" aria-describedby=\"caption-attachment-143841\" class=\"size-full wp-image-143841\" src=\"https:\/\/senoticias.com.br\/se\/wp-content\/uploads\/2024\/08\/Prefeito-assassinado-se-noticias.jpg\" alt=\"\" width=\"590\" height=\"590\" srcset=\"https:\/\/senoticias.com.br\/se\/wp-content\/uploads\/2024\/08\/Prefeito-assassinado-se-noticias.jpg 590w, https:\/\/senoticias.com.br\/se\/wp-content\/uploads\/2024\/08\/Prefeito-assassinado-se-noticias-300x300.jpg 300w, https:\/\/senoticias.com.br\/se\/wp-content\/uploads\/2024\/08\/Prefeito-assassinado-se-noticias-150x150.jpg 150w\" sizes=\"(max-width: 590px) 100vw, 590px\" \/><\/a><p id=\"caption-attachment-143841\" class=\"wp-caption-text\">Marcelo Oliveira, prefeito de Jo\u00e3o Dias, foi baleado nesta ter\u00e7a-feira (27) no munic\u00edpio \u2014 Foto: Redes sociais<\/p><\/div>\n<p>Segundo a Pol\u00edcia Civil, a equipe da Delegacia de Alexandria foi enviada ao local do crime, em Jo\u00e3o Dias, para dar in\u00edcio \u00e0s investiga\u00e7\u00f5es. A pol\u00edcia ainda n\u00e3o informou como o duplo assassinato aconteceu.<\/p>\n<p>Em nota, a Secretaria Estadual de Seguran\u00e7a P\u00fablica informou que mobilizou equipes da Pol\u00edcia Militar e Pol\u00edcia Civil com o objetivo de identificar, localizar e prender os criminosos envolvidos.<\/p>\n<p>Marcelo Oliveira tinha 38 anos, era casado e o atual prefeito de Jo\u00e3o Dias. Ele tentava a reelei\u00e7\u00e3o ao cargo nas elei\u00e7\u00f5es de 2024 pelo partido Uni\u00e3o Brasil.<\/p>\n<p>Eleito pela primeira vez em 2020, ele renunciou ap\u00f3s seis meses de mandato, mas voltou \u00e0 Prefeitura em outubro de 2022, depois que alegou na Justi\u00e7a que tinha sido coagido a abrir m\u00e3o do cargo sob amea\u00e7as da fam\u00edlia da sua ent\u00e3o vice-prefeita, Dam\u00e1ria J\u00e1come.<\/p>\n<p>Dam\u00e1ria tamb\u00e9m concorre ao cargo de prefeita de Jo\u00e3o Dias em 2024 pelo Republicanos. Ela \u00e9 filha de Laete J\u00e1come, atual presidente da C\u00e2mara Municipal de Jo\u00e3o Dias.<\/p>\n<p>Jo\u00e3o Dias \u00e9 o terceiro menor munic\u00edpio do Rio Grande do Norte, com pouco mais de 2 mil habitantes, segundo o IBGE. Ainda de acordo com o instituto, o munic\u00edpio contava com apenas 294 pessoas ocupadas em 2022, com rendimento m\u00e9dio de 1,5 sal\u00e1rio m\u00ednimo.<\/p>\n<p><strong><em>Acompanhe tamb\u00e9m o SE Not\u00edcias no\u00a0<a href=\"https:\/\/www.instagram.com\/senoticias\/\" target=\"_blank\" rel=\"noreferrer noopener\">Instagram<\/a><\/em><\/strong>,\u00a0<strong><em>\u00a0<a href=\"https:\/\/www.facebook.com\/senoticias1\" target=\"_blank\" rel=\"noreferrer noopener\">Facebook<\/a>\u00a0e\u00a0no<\/em>\u00a0<em><a href=\"https:\/\/twitter.com\/Senoticias\">X<\/a><\/em><\/strong><\/p>\n<p>Fonte: G1\/RN<\/p>\n<p>&nbsp;<\/p>\n<p>&nbsp;<\/p>\n","protected":false},"excerpt":{"rendered":"<p>O prefeito da cidade de Jo\u00e3o Dias, Marcelo Oliveira (Uni\u00e3o Brasil), foi assassinado a tiros na manh\u00e3 desta ter\u00e7a-feira (27), no munic\u00edpio da regi\u00e3o Oeste do Rio Grande do Norte. Embora seja conhecido como Marcelo, o nome do prefeito \u00e9 Francisco Dami\u00e3o de Oliveira. Ele chegou a ser socorrido para uma unidade de sa\u00fade de [&hellip;]<\/p>\n","protected":false},"author":6557,"featured_media":143841,"comment_status":"closed","ping_status":"closed","sticky":false,"template":"","format":"standard","meta":{"footnotes":""},"categories":[15,6,1],"tags":[4921,42165],"class_list":{"0":"post-143840","1":"post","2":"type-post","3":"status-publish","4":"format-standard","5":"has-post-thumbnail","7":"category-destaques","8":"category-politica","9":"category-sem-categoria","10":"tag-prefeito-assassinado","11":"tag-prefeito-de-joao-dias"},"_links":{"self":[{"href":"https:\/\/senoticias.com.br\/se\/wp-json\/wp\/v2\/posts\/143840"}],"collection":[{"href":"https:\/\/senoticias.com.br\/se\/wp-json\/wp\/v2\/posts"}],"about":[{"href":"https:\/\/senoticias.com.br\/se\/wp-json\/wp\/v2\/types\/post"}],"author":[{"embeddable":true,"href":"https:\/\/senoticias.com.br\/se\/wp-json\/wp\/v2\/users\/6557"}],"replies":[{"embeddable":true,"href":"https:\/\/senoticias.com.br\/se\/wp-json\/wp\/v2\/comments?post=143840"}],"version-history":[{"count":0,"href":"https:\/\/senoticias.com.br\/se\/wp-json\/wp\/v2\/posts\/143840\/revisions"}],"wp:featuredmedia":[{"embeddable":true,"href":"https:\/\/senoticias.com.br\/se\/wp-json\/wp\/v2\/media\/143841"}],"wp:attachment":[{"href":"https:\/\/senoticias.com.br\/se\/wp-json\/wp\/v2\/media?parent=143840"}],"wp:term":[{"taxonomy":"category","embeddable":true,"href":"https:\/\/senoticias.com.br\/se\/wp-json\/wp\/v2\/categories?post=143840"},{"taxonomy":"post_tag","embeddable":true,"href":"https:\/\/senoticias.com.br\/se\/wp-json\/wp\/v2\/tags?post=143840"}],"curies":[{"name":"wp","href":"https:\/\/api.w.org\/{rel}","templated":true}]}}