{"id":143834,"date":"2024-08-26T21:44:11","date_gmt":"2024-08-27T00:44:11","guid":{"rendered":"https:\/\/senoticias.com.br\/se\/?p=143834"},"modified":"2024-08-27T06:29:26","modified_gmt":"2024-08-27T09:29:26","slug":"candidaturas-de-mulheres-e-negros-receberao-recursos-ate-8-de-setembro","status":"publish","type":"post","link":"https:\/\/senoticias.com.br\/se\/candidaturas-de-mulheres-e-negros-receberao-recursos-ate-8-de-setembro\/","title":{"rendered":"Candidaturas de mulheres e negros receber\u00e3o recursos at\u00e9 8 de setembro"},"content":{"rendered":"<p>As candidaturas femininas e de pessoas negras \u00e0s elei\u00e7\u00f5es municipais de outubro v\u00e3o receber recursos de campanha at\u00e9 o dia 8 de setembro, menos de m\u00eas antes do primeiro turno do pleito.<\/p>\n<p>A data foi acordada nesta segunda-feira (26) durante reuni\u00e3o entre representantes de partidos que v\u00e3o disputar as elei\u00e7\u00f5es e a presidente do Tribunal Superior Eleitoral (TSE), ministra C\u00e1rmen L\u00facia. Os partidos pediram ao TSE mais tempo para distribuir as verbas.<\/p>\n<div id=\"attachment_143835\" style=\"width: 603px\" class=\"wp-caption aligncenter\"><a href=\"https:\/\/senoticias.com.br\/se\/wp-content\/uploads\/2024\/08\/Candidaturas-femininas-se-noticias.png\"><img loading=\"lazy\" decoding=\"async\" aria-describedby=\"caption-attachment-143835\" class=\" wp-image-143835\" src=\"https:\/\/senoticias.com.br\/se\/wp-content\/uploads\/2024\/08\/Candidaturas-femininas-se-noticias.png\" alt=\"\" width=\"593\" height=\"371\" srcset=\"https:\/\/senoticias.com.br\/se\/wp-content\/uploads\/2024\/08\/Candidaturas-femininas-se-noticias.png 599w, https:\/\/senoticias.com.br\/se\/wp-content\/uploads\/2024\/08\/Candidaturas-femininas-se-noticias-300x188.png 300w, https:\/\/senoticias.com.br\/se\/wp-content\/uploads\/2024\/08\/Candidaturas-femininas-se-noticias-120x76.png 120w, https:\/\/senoticias.com.br\/se\/wp-content\/uploads\/2024\/08\/Candidaturas-femininas-se-noticias-308x192.png 308w\" sizes=\"(max-width: 593px) 100vw, 593px\" \/><\/a><p id=\"caption-attachment-143835\" class=\"wp-caption-text\"><br \/>Data foi acordada em reuni\u00e3o com a presidente do TSE, nesta segunda &#8211; Foto: F\u00e1bio Pozzebom\/Abr<\/p><\/div>\n<p>De acordo com o calend\u00e1rio eleitoral, os partidos t\u00eam at\u00e9 sexta-feira (30) para efetuarem a distribui\u00e7\u00e3o dos recursos do Fundo Especial de Financiamento de Campanha e do Fundo Partid\u00e1rio para as candidaturas femininas e de pessoas negras.<\/p>\n<p>Para as legendas, o prazo diz respeito \u00e0 libera\u00e7\u00e3o dos recursos nas contas nacionais dos partidos. Ap\u00f3s a libera\u00e7\u00e3o, os valores ser\u00e3o distribu\u00eddos aos candidatos.<\/p>\n<p>Segundo a presidente do PT, Gleisi Hoffmann, os recursos do fundo foram recebidos na semana passada e h\u00e1 dificuldade para fazer o levantamento de todos os candidatos que ter\u00e3o direito aos repasses. O partido tem 36% de candidaturas femininas e deve aplicar cerca de 30% dos recursos em candidaturas negras.<\/p>\n<p>&#8220;O PT tem 26 mil candidatos a vereadores e vereadoras, mais 1.380 candidaturas a prefeituras. N\u00f3s temos que levantar todo mundo do sexo feminino, todo mundo que \u00e9 preto e pardo, separar mulheres brancas e mulheres negras para efeito da cota. Ent\u00e3o, n\u00e3o se faz isso com rapidez. Muitos candidatos ainda n\u00e3o abriram suas contas, est\u00e3o em processo de abertura.&#8221;<\/p>\n<p>Al\u00e9m da presidente do PT, tamb\u00e9m participaram da reuni\u00e3o representantes do PL, MDB, PSOL, PSD e PSB.<\/p>\n<p>Em outubro, as elei\u00e7\u00f5es ter\u00e3o 240.587 candidatos negros, o que representa 52,7% das candidaturas. \u00c9 a segunda vez na hist\u00f3ria que o n\u00famero de candidatos negros supera o de brancos, que este ano s\u00e3o 215.763.<\/p>\n<p>O primeiro turno das elei\u00e7\u00f5es ser\u00e1 no dia 6 de outubro. O segundo est\u00e1 marcado para 27 de outubro apenas nos munic\u00edpios com mais de 200 mil eleitores, e nos quais nenhum dos candidatos \u00e0 prefeitura tenha atingido mais da metade dos votos v\u00e1lidos (exclu\u00eddos os brancos e nulos) no primeiro turno.<\/p>\n<p><strong><em>Acompanhe tamb\u00e9m o SE Not\u00edcias no\u00a0<a href=\"https:\/\/www.instagram.com\/senoticias\/\" target=\"_blank\" rel=\"noreferrer noopener\">Instagram<\/a><\/em><\/strong>,\u00a0<strong><em>\u00a0<a href=\"https:\/\/www.facebook.com\/senoticias1\" target=\"_blank\" rel=\"noreferrer noopener\">Facebook<\/a>\u00a0e\u00a0no<\/em>\u00a0<em><a href=\"https:\/\/twitter.com\/Senoticias\">X<\/a><\/em><\/strong><\/p>\n<p>Mat\u00e9ria extra\u00edda da Ag\u00eancia Brasil<\/p>\n<p>&nbsp;<\/p>\n<p>&nbsp;<\/p>\n<p>&nbsp;<\/p>\n<p>&nbsp;<\/p>\n<p>&nbsp;<\/p>\n<p>&nbsp;<\/p>\n<p>&nbsp;<\/p>\n","protected":false},"excerpt":{"rendered":"<p>As candidaturas femininas e de pessoas negras \u00e0s elei\u00e7\u00f5es municipais de outubro v\u00e3o receber recursos de campanha at\u00e9 o dia 8 de setembro, menos de m\u00eas antes do primeiro turno do pleito. A data foi acordada nesta segunda-feira (26) durante reuni\u00e3o entre representantes de partidos que v\u00e3o disputar as elei\u00e7\u00f5es e a presidente do Tribunal [&hellip;]<\/p>\n","protected":false},"author":6557,"featured_media":143835,"comment_status":"closed","ping_status":"closed","sticky":false,"template":"","format":"standard","meta":{"footnotes":""},"categories":[15,6],"tags":[42162,42163],"class_list":{"0":"post-143834","1":"post","2":"type-post","3":"status-publish","4":"format-standard","5":"has-post-thumbnail","7":"category-destaques","8":"category-politica","9":"tag-candidaturas-de-mulheres","10":"tag-negros"},"_links":{"self":[{"href":"https:\/\/senoticias.com.br\/se\/wp-json\/wp\/v2\/posts\/143834"}],"collection":[{"href":"https:\/\/senoticias.com.br\/se\/wp-json\/wp\/v2\/posts"}],"about":[{"href":"https:\/\/senoticias.com.br\/se\/wp-json\/wp\/v2\/types\/post"}],"author":[{"embeddable":true,"href":"https:\/\/senoticias.com.br\/se\/wp-json\/wp\/v2\/users\/6557"}],"replies":[{"embeddable":true,"href":"https:\/\/senoticias.com.br\/se\/wp-json\/wp\/v2\/comments?post=143834"}],"version-history":[{"count":0,"href":"https:\/\/senoticias.com.br\/se\/wp-json\/wp\/v2\/posts\/143834\/revisions"}],"wp:featuredmedia":[{"embeddable":true,"href":"https:\/\/senoticias.com.br\/se\/wp-json\/wp\/v2\/media\/143835"}],"wp:attachment":[{"href":"https:\/\/senoticias.com.br\/se\/wp-json\/wp\/v2\/media?parent=143834"}],"wp:term":[{"taxonomy":"category","embeddable":true,"href":"https:\/\/senoticias.com.br\/se\/wp-json\/wp\/v2\/categories?post=143834"},{"taxonomy":"post_tag","embeddable":true,"href":"https:\/\/senoticias.com.br\/se\/wp-json\/wp\/v2\/tags?post=143834"}],"curies":[{"name":"wp","href":"https:\/\/api.w.org\/{rel}","templated":true}]}}