{"id":143707,"date":"2024-08-16T06:56:30","date_gmt":"2024-08-16T09:56:30","guid":{"rendered":"https:\/\/senoticias.com.br\/se\/?p=143707"},"modified":"2024-08-16T06:56:30","modified_gmt":"2024-08-16T09:56:30","slug":"suspeito-de-roubos-a-farmacias-de-aracaju-e-preso-em-santa-catarina","status":"publish","type":"post","link":"https:\/\/senoticias.com.br\/se\/suspeito-de-roubos-a-farmacias-de-aracaju-e-preso-em-santa-catarina\/","title":{"rendered":"Suspeito de roubos a farm\u00e1cias de Aracaju \u00e9 preso em Santa Catarina"},"content":{"rendered":"<p>A Pol\u00edcia Civil de Sergipe, em trabalho integrado com a Pol\u00edcia Civil de Santa Catarina, localizou um suspeito de roubos a farm\u00e1cias ocorridos na cidade de Aracaju. O homem foi detido nessa quarta-feira, 14, no estado catarinense, ap\u00f3s investiga\u00e7\u00f5es da 2\u00aa Delegacia Metropolitana e levantamentos da Divis\u00e3o de Intelig\u00eancia e Planejamento Policial (Dipol), de Sergipe.<\/p>\n<p>A partir de uma sequ\u00eancia de roubos cometidos contra farm\u00e1cias da capital, a 2\u00aa Delegacia Metropolitana abriu inqu\u00e9rito policial, para identificar o investigado. Com a identifica\u00e7\u00e3o do envolvido, a 2\u00aa DM representou \u00e0 Justi\u00e7a, que informou dados judici\u00e1rios do suspeito, levando a Dipol de Sergipe a localiz\u00e1-lo em Santa Catarina.<\/p>\n<div id=\"attachment_143708\" style=\"width: 577px\" class=\"wp-caption aligncenter\"><a href=\"https:\/\/senoticias.com.br\/se\/wp-content\/uploads\/2024\/08\/Roubo-a-farmacias-se-noticias.png\"><img loading=\"lazy\" decoding=\"async\" aria-describedby=\"caption-attachment-143708\" class=\"size-full wp-image-143708\" src=\"https:\/\/senoticias.com.br\/se\/wp-content\/uploads\/2024\/08\/Roubo-a-farmacias-se-noticias.png\" alt=\"\" width=\"567\" height=\"378\" srcset=\"https:\/\/senoticias.com.br\/se\/wp-content\/uploads\/2024\/08\/Roubo-a-farmacias-se-noticias.png 567w, https:\/\/senoticias.com.br\/se\/wp-content\/uploads\/2024\/08\/Roubo-a-farmacias-se-noticias-300x200.png 300w, https:\/\/senoticias.com.br\/se\/wp-content\/uploads\/2024\/08\/Roubo-a-farmacias-se-noticias-90x60.png 90w, https:\/\/senoticias.com.br\/se\/wp-content\/uploads\/2024\/08\/Roubo-a-farmacias-se-noticias-180x120.png 180w, https:\/\/senoticias.com.br\/se\/wp-content\/uploads\/2024\/08\/Roubo-a-farmacias-se-noticias-95x64.png 95w\" sizes=\"(max-width: 567px) 100vw, 567px\" \/><\/a><p id=\"caption-attachment-143708\" class=\"wp-caption-text\">Suposta comparsa do investigado foi detida na capital sergipana &#8211; Foto: SSP\/SE<\/p><\/div>\n<p>\u201cEle veio fugido de l\u00e1 (SC), chegou aqui em janeiro deste ano e come\u00e7ou a fazer v\u00e1rios assaltos. Chegamos nele, na moto que ele estava utilizando para os assaltos e na sua companheira, que era tamb\u00e9m comparsa. Inclusive, um desses celulares subtra\u00eddos nas farm\u00e1cias ficou com ela\u201d, citou o delegado Andr\u00e9 David, que est\u00e1 \u00e0 frente do caso.<\/p>\n<p>Em meio \u00e0s investiga\u00e7\u00f5es, ao notar que a sua identifica\u00e7\u00e3o seria iminente, o suspeito retornou para o estado catarinense, sendo localizado durante levantamentos da Dipol\/ SE e detido pela Pol\u00edcia Civil de Santa Catarina, em apoio \u00e0 PCSE.<\/p>\n<p>\u201cA Dipol apontou onde estava l\u00e1 em Santa Catarina. N\u00f3s entramos em contato com a pol\u00edcia de l\u00e1, e ele foi preso essa noite l\u00e1 em Santa Catarina. E hoje pela manh\u00e3, os policiais civis da 2\u00aa Delegacia prenderam a sua companheira ( em Aracaju)\u201d, falou Andr\u00e9 David.<\/p>\n<p>Com as pris\u00f5es, o casal identificado e preso est\u00e1 \u00e0 disposi\u00e7\u00e3o do Poder Judici\u00e1rio. Informa\u00e7\u00f5es que possam colaborar com o caso podem ser enviadas \u00e0 Pol\u00edcia Civil por meio do Disque-Den\u00fancia, no telefone 181.<\/p>\n<p><strong><em>Acompanhe tamb\u00e9m o SE Not\u00edcias no\u00a0<a href=\"https:\/\/twitter.com\/Senoticias\" target=\"_blank\" rel=\"noreferrer noopener\">Twitter<\/a>,\u00a0<a href=\"https:\/\/www.facebook.com\/senoticias1\" target=\"_blank\" rel=\"noreferrer noopener\">Facebook<\/a>\u00a0e no\u00a0<a href=\"https:\/\/www.instagram.com\/senoticias\/\" target=\"_blank\" rel=\"noreferrer noopener\">Instagram<\/a><\/em><\/strong>.<\/p>\n<p>Fonte: R7.com.br<\/p>\n","protected":false},"excerpt":{"rendered":"<p>A Pol\u00edcia Civil de Sergipe, em trabalho integrado com a Pol\u00edcia Civil de Santa Catarina, localizou um suspeito de roubos a farm\u00e1cias ocorridos na cidade de Aracaju. O homem foi detido nessa quarta-feira, 14, no estado catarinense, ap\u00f3s investiga\u00e7\u00f5es da 2\u00aa Delegacia Metropolitana e levantamentos da Divis\u00e3o de Intelig\u00eancia e Planejamento Policial (Dipol), de Sergipe. [&hellip;]<\/p>\n","protected":false},"author":6557,"featured_media":143708,"comment_status":"closed","ping_status":"closed","sticky":false,"template":"","format":"standard","meta":{"footnotes":""},"categories":[15,7],"tags":[4843,42124],"class_list":{"0":"post-143707","1":"post","2":"type-post","3":"status-publish","4":"format-standard","5":"has-post-thumbnail","7":"category-destaques","8":"category-policia","9":"tag-policia-civil-de-sergipe","10":"tag-preso-em-santa-catarina"},"_links":{"self":[{"href":"https:\/\/senoticias.com.br\/se\/wp-json\/wp\/v2\/posts\/143707"}],"collection":[{"href":"https:\/\/senoticias.com.br\/se\/wp-json\/wp\/v2\/posts"}],"about":[{"href":"https:\/\/senoticias.com.br\/se\/wp-json\/wp\/v2\/types\/post"}],"author":[{"embeddable":true,"href":"https:\/\/senoticias.com.br\/se\/wp-json\/wp\/v2\/users\/6557"}],"replies":[{"embeddable":true,"href":"https:\/\/senoticias.com.br\/se\/wp-json\/wp\/v2\/comments?post=143707"}],"version-history":[{"count":0,"href":"https:\/\/senoticias.com.br\/se\/wp-json\/wp\/v2\/posts\/143707\/revisions"}],"wp:featuredmedia":[{"embeddable":true,"href":"https:\/\/senoticias.com.br\/se\/wp-json\/wp\/v2\/media\/143708"}],"wp:attachment":[{"href":"https:\/\/senoticias.com.br\/se\/wp-json\/wp\/v2\/media?parent=143707"}],"wp:term":[{"taxonomy":"category","embeddable":true,"href":"https:\/\/senoticias.com.br\/se\/wp-json\/wp\/v2\/categories?post=143707"},{"taxonomy":"post_tag","embeddable":true,"href":"https:\/\/senoticias.com.br\/se\/wp-json\/wp\/v2\/tags?post=143707"}],"curies":[{"name":"wp","href":"https:\/\/api.w.org\/{rel}","templated":true}]}}