{"id":143706,"date":"2024-08-15T21:03:14","date_gmt":"2024-08-16T00:03:14","guid":{"rendered":"https:\/\/senoticias.com.br\/se\/?p=143706"},"modified":"2024-08-15T21:03:14","modified_gmt":"2024-08-16T00:03:14","slug":"alexandre-de-moraes-aumenta-multa-do-x-em-r-200-mil-por-dia-apos-rede-nao-tirar-perfil-de-marcos-do-val-do-ar","status":"publish","type":"post","link":"https:\/\/senoticias.com.br\/se\/alexandre-de-moraes-aumenta-multa-do-x-em-r-200-mil-por-dia-apos-rede-nao-tirar-perfil-de-marcos-do-val-do-ar\/","title":{"rendered":"Alexandre de Moraes aumenta multa do \u2018X\u2019 em R$ 200 mil por dia ap\u00f3s rede n\u00e3o tirar perfil de Marcos do Val do ar"},"content":{"rendered":"<p>O ministro Alexandre de Moraes, do STF (Supremo Tribunal Federal), aumentou em R$ 200 mil o valor da multa da rede social X ap\u00f3s a plataforma n\u00e3o cumpriu determina\u00e7\u00e3o da Corte de retirar o perfil do senador Marcos do Val (Podemos-ES) do ar. A p\u00e1gina do senador na rede social segue ativa, assim como as demais mencionadas na decis\u00e3o vazada pela equipe da plataforma.<\/p>\n<p>\u201cNos termos da decis\u00e3o proferida nos autos em 13 de agosto de 2024, cuja c\u00f3pia segue anexa, comunico-lhe que, diante do n\u00e3o cumprimento da ordem judicial exarada por esta Corte, determinei a aplica\u00e7\u00e3o da multa de R$ 50 mil em face dessa empresa, a qual dever\u00e1 efetivar o pagamento no prazo de cinco dias a contar do recebimento desta comunica\u00e7\u00e3o. Fica determinado, ainda, que a decis\u00e3o anteriormente proferida, cujo teor foi comunicado mediante o Of\u00edcio eletr\u00f4nico 16832\/2024, dever\u00e1 ser cumprida no per\u00edodo m\u00e1ximo de uma hora, sob pena de multa di\u00e1ria de R$ 200 mil para cada um dos perfis indicados, bem como na configura\u00e7\u00e3o de crime de desobedi\u00eancia de seu representante legal\u201d, disse.<\/p>\n<div id=\"attachment_142630\" style=\"width: 601px\" class=\"wp-caption aligncenter\"><a href=\"https:\/\/senoticias.com.br\/se\/wp-content\/uploads\/2024\/05\/Alexandre-de-moraes-se-noticias-2.jpg\"><img loading=\"lazy\" decoding=\"async\" aria-describedby=\"caption-attachment-142630\" class=\"size-full wp-image-142630\" src=\"https:\/\/senoticias.com.br\/se\/wp-content\/uploads\/2024\/05\/Alexandre-de-moraes-se-noticias-2.jpg\" alt=\"\" width=\"591\" height=\"394\" srcset=\"https:\/\/senoticias.com.br\/se\/wp-content\/uploads\/2024\/05\/Alexandre-de-moraes-se-noticias-2.jpg 591w, https:\/\/senoticias.com.br\/se\/wp-content\/uploads\/2024\/05\/Alexandre-de-moraes-se-noticias-2-300x200.jpg 300w, https:\/\/senoticias.com.br\/se\/wp-content\/uploads\/2024\/05\/Alexandre-de-moraes-se-noticias-2-90x60.jpg 90w, https:\/\/senoticias.com.br\/se\/wp-content\/uploads\/2024\/05\/Alexandre-de-moraes-se-noticias-2-180x120.jpg 180w, https:\/\/senoticias.com.br\/se\/wp-content\/uploads\/2024\/05\/Alexandre-de-moraes-se-noticias-2-95x64.jpg 95w\" sizes=\"(max-width: 591px) 100vw, 591px\" \/><\/a><p id=\"caption-attachment-142630\" class=\"wp-caption-text\"><br \/>Alexandre de Moraes \u00e9 o relator da a\u00e7\u00e3o no STF &#8211; Foto: Rosinei Coutinho\/SCO\/STF<\/p><\/div>\n<p>A decis\u00e3o \u00e9 sobre o bloqueio de perfis na rede social solicitado pelo ministro Alexandre de Moraes. Entre os perfis que deveriam ser bloqueados, est\u00e1 o do senador Marcos do Val (Podemos-ES). O documento foi assinado em 8 de agosto e d\u00e1 prazo de duas horas para suspens\u00e3o dos acessos e monetiza\u00e7\u00f5es dos perfis mencionados. Em caso de descumprimento, as empresas est\u00e3o sujeitas a multa di\u00e1ria de R$ 50 mil.<\/p>\n<p>Ainda nesta semana, Do Val usou o perfil para direcionar cr\u00edticas a Moraes e \u00e0 atua\u00e7\u00e3o do STF. Ele tamb\u00e9m usou a conta para dizer que sofreu um bloqueio de R$ 50 milh\u00f5es nas contas banc\u00e1rias e que teria perdido o acesso a outras redes sociais, como Instagram, Facebook e Youtube. O parlamentar disse que a decis\u00e3o do ministro \u00e9 \u201cinconstitucional\u201d, afirmou que buscaria tribunais internacionais e que o ato configura \u201cabuso de autoridade\u201d.<\/p>\n<p>\u201cEssa decis\u00e3o, revestida de uma pena antecipada de car\u00e1ter perp\u00e9tuo, \u00e9 absolutamente desproporcional e inconstitucional. A imposi\u00e7\u00e3o de uma d\u00edvida de 50 milh\u00f5es de reais \u00e9 n\u00e3o apenas imposs\u00edvel de ser quitada, mas tamb\u00e9m representa uma afronta \u00e0 minha dignidade, n\u00e3o apenas como parlamentar, mas como ser humano. Nem em dez gera\u00e7\u00f5es seria poss\u00edvel pagar esse valor!\u201d, escreveu na postagem que continua no ar at\u00e9 o momento de publica\u00e7\u00e3o deste texto.<\/p>\n<p><strong><em>Acompanhe tamb\u00e9m o SE Not\u00edcias no\u00a0<a href=\"https:\/\/twitter.com\/Senoticias\" target=\"_blank\" rel=\"noreferrer noopener\">Twitter<\/a>,\u00a0<a href=\"https:\/\/www.facebook.com\/senoticias1\" target=\"_blank\" rel=\"noreferrer noopener\">Facebook<\/a>\u00a0e no\u00a0<a href=\"https:\/\/www.instagram.com\/senoticias\/\" target=\"_blank\" rel=\"noreferrer noopener\">Instagram<\/a><\/em><\/strong>.<\/p>\n<p>Fonte: R7.com.br<\/p>\n","protected":false},"excerpt":{"rendered":"<p>O ministro Alexandre de Moraes, do STF (Supremo Tribunal Federal), aumentou em R$ 200 mil o valor da multa da rede social X ap\u00f3s a plataforma n\u00e3o cumpriu determina\u00e7\u00e3o da Corte de retirar o perfil do senador Marcos do Val (Podemos-ES) do ar. A p\u00e1gina do senador na rede social segue ativa, assim como as [&hellip;]<\/p>\n","protected":false},"author":6557,"featured_media":138348,"comment_status":"closed","ping_status":"closed","sticky":false,"template":"","format":"standard","meta":{"footnotes":""},"categories":[15,6],"tags":[6258,1483,836],"class_list":{"0":"post-143706","1":"post","2":"type-post","3":"status-publish","4":"format-standard","5":"has-post-thumbnail","7":"category-destaques","8":"category-politica","9":"tag-alexandre-de-moraes","10":"tag-decisao-stf","11":"tag-stf"},"_links":{"self":[{"href":"https:\/\/senoticias.com.br\/se\/wp-json\/wp\/v2\/posts\/143706"}],"collection":[{"href":"https:\/\/senoticias.com.br\/se\/wp-json\/wp\/v2\/posts"}],"about":[{"href":"https:\/\/senoticias.com.br\/se\/wp-json\/wp\/v2\/types\/post"}],"author":[{"embeddable":true,"href":"https:\/\/senoticias.com.br\/se\/wp-json\/wp\/v2\/users\/6557"}],"replies":[{"embeddable":true,"href":"https:\/\/senoticias.com.br\/se\/wp-json\/wp\/v2\/comments?post=143706"}],"version-history":[{"count":0,"href":"https:\/\/senoticias.com.br\/se\/wp-json\/wp\/v2\/posts\/143706\/revisions"}],"wp:featuredmedia":[{"embeddable":true,"href":"https:\/\/senoticias.com.br\/se\/wp-json\/wp\/v2\/media\/138348"}],"wp:attachment":[{"href":"https:\/\/senoticias.com.br\/se\/wp-json\/wp\/v2\/media?parent=143706"}],"wp:term":[{"taxonomy":"category","embeddable":true,"href":"https:\/\/senoticias.com.br\/se\/wp-json\/wp\/v2\/categories?post=143706"},{"taxonomy":"post_tag","embeddable":true,"href":"https:\/\/senoticias.com.br\/se\/wp-json\/wp\/v2\/tags?post=143706"}],"curies":[{"name":"wp","href":"https:\/\/api.w.org\/{rel}","templated":true}]}}