{"id":143690,"date":"2024-08-14T17:19:41","date_gmt":"2024-08-14T20:19:41","guid":{"rendered":"https:\/\/senoticias.com.br\/se\/?p=143690"},"modified":"2024-08-14T17:19:41","modified_gmt":"2024-08-14T20:19:41","slug":"policia-militar-prende-dupla-por-furto-de-cabos-em-via-publica-na-capital","status":"publish","type":"post","link":"https:\/\/senoticias.com.br\/se\/policia-militar-prende-dupla-por-furto-de-cabos-em-via-publica-na-capital\/","title":{"rendered":"Pol\u00edcia Militar prende dupla por furto de cabos em via p\u00fablica na capital"},"content":{"rendered":"<p>Na madrugada desta quarta-feira (14), policiais da For\u00e7a T\u00e1tica do 8\u00ba Batalh\u00e3o de Pol\u00edcia Militar (8\u00ba BPM) prenderam dois homens suspeitos por furto de cabos em via p\u00fablica. O fato ocorreu no Bairro Santos Dumont, Zona Norte de Aracaju.<\/p>\n<div id=\"attachment_143691\" style=\"width: 609px\" class=\"wp-caption aligncenter\"><a href=\"https:\/\/senoticias.com.br\/se\/wp-content\/uploads\/2024\/08\/WhatsApp-Image-2024-08-14-at-17.17.35-e1723666745399.jpeg\"><img loading=\"lazy\" decoding=\"async\" aria-describedby=\"caption-attachment-143691\" class=\"size-full wp-image-143691\" src=\"https:\/\/senoticias.com.br\/se\/wp-content\/uploads\/2024\/08\/WhatsApp-Image-2024-08-14-at-17.17.35-e1723666745399.jpeg\" alt=\"\" width=\"599\" height=\"399\" \/><\/a><p id=\"caption-attachment-143691\" class=\"wp-caption-text\">Os homens foram detidos em flagrante<\/p><\/div>\n<p>Durante patrulhamento, os militares receberam informa\u00e7\u00f5es do Centro Integrado de Opera\u00e7\u00f5es em Seguran\u00e7a P\u00fablica (Ciosp) sobre dois homens que estariam furtando cabos de cobre em postes da regi\u00e3o.<\/p>\n<p>Ap\u00f3s intensas buscas, a equipe flagrou a dupla, no alto de um dos postes, cortando a fia\u00e7\u00e3o com serras met\u00e1licas. Diante da situa\u00e7\u00e3o, os dois foram detidos e o caso direcionado \u00e0 Delegacia.<\/p>\n<p><strong><em>Acompanhe tamb\u00e9m o SE Not\u00edcias no\u00a0<a href=\"https:\/\/www.instagram.com\/senoticias\/\" target=\"_blank\" rel=\"noreferrer noopener\">Instagram<\/a><\/em><\/strong>,\u00a0<strong><em>\u00a0<a href=\"https:\/\/www.facebook.com\/senoticias1\" target=\"_blank\" rel=\"noreferrer noopener\">Facebook<\/a>\u00a0e\u00a0no<\/em>\u00a0<em><a href=\"https:\/\/twitter.com\/Senoticias\">X<\/a><\/em><\/strong><\/p>\n<p>Fonte: Ascom PM\/SE<\/p>\n","protected":false},"excerpt":{"rendered":"<p>Na madrugada desta quarta-feira (14), policiais da For\u00e7a T\u00e1tica do 8\u00ba Batalh\u00e3o de Pol\u00edcia Militar (8\u00ba BPM) prenderam dois homens suspeitos por furto de cabos em via p\u00fablica. O fato ocorreu no Bairro Santos Dumont, Zona Norte de Aracaju. Durante patrulhamento, os militares receberam informa\u00e7\u00f5es do Centro Integrado de Opera\u00e7\u00f5es em Seguran\u00e7a P\u00fablica (Ciosp) sobre [&hellip;]<\/p>\n","protected":false},"author":6557,"featured_media":0,"comment_status":"closed","ping_status":"closed","sticky":false,"template":"","format":"standard","meta":{"footnotes":""},"categories":[15,7],"tags":[36895,86],"class_list":{"0":"post-143690","1":"post","2":"type-post","3":"status-publish","4":"format-standard","6":"category-destaques","7":"category-policia","8":"tag-furto-de-cabos","9":"tag-policia-militar"},"_links":{"self":[{"href":"https:\/\/senoticias.com.br\/se\/wp-json\/wp\/v2\/posts\/143690"}],"collection":[{"href":"https:\/\/senoticias.com.br\/se\/wp-json\/wp\/v2\/posts"}],"about":[{"href":"https:\/\/senoticias.com.br\/se\/wp-json\/wp\/v2\/types\/post"}],"author":[{"embeddable":true,"href":"https:\/\/senoticias.com.br\/se\/wp-json\/wp\/v2\/users\/6557"}],"replies":[{"embeddable":true,"href":"https:\/\/senoticias.com.br\/se\/wp-json\/wp\/v2\/comments?post=143690"}],"version-history":[{"count":0,"href":"https:\/\/senoticias.com.br\/se\/wp-json\/wp\/v2\/posts\/143690\/revisions"}],"wp:attachment":[{"href":"https:\/\/senoticias.com.br\/se\/wp-json\/wp\/v2\/media?parent=143690"}],"wp:term":[{"taxonomy":"category","embeddable":true,"href":"https:\/\/senoticias.com.br\/se\/wp-json\/wp\/v2\/categories?post=143690"},{"taxonomy":"post_tag","embeddable":true,"href":"https:\/\/senoticias.com.br\/se\/wp-json\/wp\/v2\/tags?post=143690"}],"curies":[{"name":"wp","href":"https:\/\/api.w.org\/{rel}","templated":true}]}}