{"id":143686,"date":"2024-08-14T14:24:09","date_gmt":"2024-08-14T17:24:09","guid":{"rendered":"https:\/\/senoticias.com.br\/se\/?p=143686"},"modified":"2024-08-14T14:24:09","modified_gmt":"2024-08-14T17:24:09","slug":"adriano-bandeira-mdb-oficializa-campanha-eleitoral-com-inauguracao-do-comite-seguranca-publica-de-maos-dadas-com-a-causa-animal","status":"publish","type":"post","link":"https:\/\/senoticias.com.br\/se\/adriano-bandeira-mdb-oficializa-campanha-eleitoral-com-inauguracao-do-comite-seguranca-publica-de-maos-dadas-com-a-causa-animal\/","title":{"rendered":"Adriano Bandeira (MDB) oficializa campanha eleitoral com inaugura\u00e7\u00e3o do Comit\u00ea  \u2018Seguran\u00e7a P\u00fablica de m\u00e3os dadas com a Causa Animal\u2019"},"content":{"rendered":"<p>Evento acontece neste s\u00e1bado, partir das 19h, no Conjunto dos Motoristas, Bairro Luzia, e contar\u00e1 com a participa\u00e7\u00e3o de dezenas de apoiadores, incluindo a candidata \u00e0 prefeita de Aracaju, Danielle Garcia<\/p>\n<p><a href=\"https:\/\/senoticias.com.br\/se\/wp-content\/uploads\/2024\/08\/WhatsApp-Image-2024-08-14-at-14.10.21-1-scaled-e1723656203782.jpeg\"><img loading=\"lazy\" decoding=\"async\" class=\"alignnone size-full wp-image-143688\" src=\"https:\/\/senoticias.com.br\/se\/wp-content\/uploads\/2024\/08\/WhatsApp-Image-2024-08-14-at-14.10.21-1-scaled-e1723656203782.jpeg\" alt=\"\" width=\"560\" height=\"352\" \/><\/a><\/p>\n<p>Est\u00e1 chegando a hora! Neste s\u00e1bado, 17, Adriano Bandeira (MDB) oficializar\u00e1 a sua candidatura a vereador de Aracaju durante o lan\u00e7amento do seu Comit\u00ea, intitulado \u2018Seguran\u00e7a P\u00fablica de m\u00e3os dadas com a Causa Animal\u2019. A inaugura\u00e7\u00e3o acontece a partir das 19h, na Rua Ministro Nelson Hungria, 393, localizada no Conjunto dos Motoristas, Bairro Luzia, zona sul de Aracaju.<\/p>\n<p>O local escolhido tem muita representatividade para Bandeira. Isso porque, al\u00e9m de ter nascido e passado grande parte da sua inf\u00e2ncia e adolesc\u00eancia, foi l\u00e1 que iniciou a luta pelos interesses da coletividade ao presidir a Associa\u00e7\u00e3o de Moradores do respectivo Conjunto por cerca de 10 anos.<\/p>\n<p>Al\u00e9m de contar com a presen\u00e7a da candidata a prefeita de Aracaju pelo MDB, Danielle Garcia, \u00e9 esperada a participa\u00e7\u00e3o de autoridades do cen\u00e1rio pol\u00edtico sergipano, a exemplo da deputada federal, delegada Katarina Feitoza, e da ex-deputada estadual Kitty Lima, atualmente superintendente de Prote\u00e7\u00e3o Animal de Sergipe e sua companheira. A expectativa \u00e9 de que dezenas de apoiadores compare\u00e7am, para prestigiar e incentivar a candidatura do policial civil.<\/p>\n<p>\u201cSer\u00e1 o in\u00edcio de uma luta por uma Aracaju mais segura e acolhedora para todos os seus habitantes. Queremos que a nossa cidade volte a figurar no cen\u00e1rio nacional como a capital da melhor qualidade de vida do nosso pa\u00eds. E isso significa desde melhorias voltadas \u00e0 seguran\u00e7a dos nossos cidad\u00e3os, seja atrav\u00e9s de pol\u00edticas p\u00fablicas voltadas para o combate ao crime de forma permanente; como tamb\u00e9m somamos \u00e0 nossa causa o bem-estar animal, com propostas que v\u00e3o desde a cria\u00e7\u00e3o de um hospital veterin\u00e1rio municipal e a substitui\u00e7\u00e3o gradativa de carro\u00e7as puxadas por animais, por ve\u00edculos el\u00e9tricos\u201d, destaca Adriano Bandeira<\/p>\n<p><strong><em>Acompanhe tamb\u00e9m o SE Not\u00edcias no\u00a0<a href=\"https:\/\/www.instagram.com\/senoticias\/\" target=\"_blank\" rel=\"noreferrer noopener\">Instagram<\/a><\/em><\/strong>,\u00a0<strong><em>\u00a0<a href=\"https:\/\/www.facebook.com\/senoticias1\" target=\"_blank\" rel=\"noreferrer noopener\">Facebook<\/a>\u00a0e\u00a0no<\/em>\u00a0<em><a href=\"https:\/\/twitter.com\/Senoticias\">X<\/a><\/em><\/strong><\/p>\n<p>&nbsp;<\/p>\n<p>&nbsp;<\/p>\n","protected":false},"excerpt":{"rendered":"<p>Evento acontece neste s\u00e1bado, partir das 19h, no Conjunto dos Motoristas, Bairro Luzia, e contar\u00e1 com a participa\u00e7\u00e3o de dezenas de apoiadores, incluindo a candidata \u00e0 prefeita de Aracaju, Danielle Garcia Est\u00e1 chegando a hora! Neste s\u00e1bado, 17, Adriano Bandeira (MDB) oficializar\u00e1 a sua candidatura a vereador de Aracaju durante o lan\u00e7amento do seu Comit\u00ea, [&hellip;]<\/p>\n","protected":false},"author":6557,"featured_media":0,"comment_status":"closed","ping_status":"closed","sticky":false,"template":"","format":"standard","meta":{"footnotes":""},"categories":[15,6],"tags":[11814,42113,42114],"class_list":{"0":"post-143686","1":"post","2":"type-post","3":"status-publish","4":"format-standard","6":"category-destaques","7":"category-politica","8":"tag-adriano-bandeira","9":"tag-campanha-eleitoral","10":"tag-causa-animal"},"_links":{"self":[{"href":"https:\/\/senoticias.com.br\/se\/wp-json\/wp\/v2\/posts\/143686"}],"collection":[{"href":"https:\/\/senoticias.com.br\/se\/wp-json\/wp\/v2\/posts"}],"about":[{"href":"https:\/\/senoticias.com.br\/se\/wp-json\/wp\/v2\/types\/post"}],"author":[{"embeddable":true,"href":"https:\/\/senoticias.com.br\/se\/wp-json\/wp\/v2\/users\/6557"}],"replies":[{"embeddable":true,"href":"https:\/\/senoticias.com.br\/se\/wp-json\/wp\/v2\/comments?post=143686"}],"version-history":[{"count":0,"href":"https:\/\/senoticias.com.br\/se\/wp-json\/wp\/v2\/posts\/143686\/revisions"}],"wp:attachment":[{"href":"https:\/\/senoticias.com.br\/se\/wp-json\/wp\/v2\/media?parent=143686"}],"wp:term":[{"taxonomy":"category","embeddable":true,"href":"https:\/\/senoticias.com.br\/se\/wp-json\/wp\/v2\/categories?post=143686"},{"taxonomy":"post_tag","embeddable":true,"href":"https:\/\/senoticias.com.br\/se\/wp-json\/wp\/v2\/tags?post=143686"}],"curies":[{"name":"wp","href":"https:\/\/api.w.org\/{rel}","templated":true}]}}