{"id":143684,"date":"2024-08-14T14:20:13","date_gmt":"2024-08-14T17:20:13","guid":{"rendered":"https:\/\/senoticias.com.br\/se\/?p=143684"},"modified":"2024-08-14T14:20:13","modified_gmt":"2024-08-14T17:20:13","slug":"secretaria-do-trabalho-divulga-30-oportunidades-de-trabalho-intermediadas-pelo-nat","status":"publish","type":"post","link":"https:\/\/senoticias.com.br\/se\/secretaria-do-trabalho-divulga-30-oportunidades-de-trabalho-intermediadas-pelo-nat\/","title":{"rendered":"Secretaria do Trabalho divulga 30 oportunidades de trabalho intermediadas pelo NAT"},"content":{"rendered":"<p>A Secretaria de Estado do Trabalho, Emprego e Empreendedorismo (Seteem), por meio do N\u00facleo de Apoio ao Trabalho (NAT), divulgou 30 vagas de trabalho disponibilizadas nesta quarta-feira, 14. Dentre elas, h\u00e1 vagas afirmativas para pessoa com defici\u00eancia e para a comunidade LGBTQIAPN+. As oportunidades s\u00e3o voltadas para os n\u00edveis m\u00e9dio e superior, com ou sem experi\u00eancia.<\/p>\n<p>&nbsp;<\/p>\n<div id=\"attachment_143685\" style=\"width: 609px\" class=\"wp-caption alignnone\"><a href=\"https:\/\/senoticias.com.br\/se\/wp-content\/uploads\/2024\/08\/WhatsApp-Image-2024-08-14-at-14.18.26-e1723655978363.jpeg\"><img loading=\"lazy\" decoding=\"async\" aria-describedby=\"caption-attachment-143685\" class=\"size-full wp-image-143685\" src=\"https:\/\/senoticias.com.br\/se\/wp-content\/uploads\/2024\/08\/WhatsApp-Image-2024-08-14-at-14.18.26-e1723655978363.jpeg\" alt=\"\" width=\"599\" height=\"332\" \/><\/a><p id=\"caption-attachment-143685\" class=\"wp-caption-text\">Foto Igor Matias<\/p><\/div>\n<p>Interessados devem procurar a sede do NAT para se cadastrar ou atualizar o seu cadastro e concorrer a uma dessas oportunidades. \u00c9 preciso levar os documentos pessoais (RG, CPF, carteira de trabalho f\u00edsica ou digital, comprovante de resid\u00eancia atualizado), al\u00e9m de curr\u00edculo e certificados que comprovem experi\u00eancias profissionais anteriores.<\/p>\n<p>O NAT funciona na Rua Santa Luzia, 680, no bairro S\u00e3o Jos\u00e9, em Aracaju, de segunda a sexta-feira, das 7h \u00e0s 13h. Para mais informa\u00e7\u00f5es, entrar em contato via WhatsApp 79 991 98-0027. As vagas s\u00e3o sempre divulgadas no perfil da Seteem, no Instagram @trabalho.se, e no perfil do NAT, no Instagram @nat_sergipe.<\/p>\n<p>Confira as oportunidades:<\/p>\n<p>1 vaga para assistente administrativo<\/p>\n<p>Requisitos: superior completo em Administra\u00e7\u00e3o, experi\u00eancia na fun\u00e7\u00e3o comprovada em Carteira de Trabalho e Previd\u00eancia Social (CTPS) e experi\u00eancia com o sistema SAP.<\/p>\n<p>1 vaga para comprador<\/p>\n<p>Requisitos: experi\u00eancia comprovada em CTPS como comprador na \u00e1rea de constru\u00e7\u00e3o civil, com compras t\u00e9cnicas e com o sistema SAP.<\/p>\n<p>5 vagas para auxiliar de produ\u00e7\u00e3o<\/p>\n<p>Requisitos: ensino m\u00e9dio completo e experi\u00eancia na fun\u00e7\u00e3o comprovada em CTPS.<\/p>\n<p>1 vaga para analista de qualidade (planejamento de controle e produ\u00e7\u00e3o)<\/p>\n<p>Requisitos: ensino m\u00e9dio completo e experi\u00eancia na fun\u00e7\u00e3o (experi\u00eancia com estat\u00edsticas e an\u00e1lise de resultados) e conhecimento avan\u00e7ado em Excel.<\/p>\n<p>3 vagas para vendedor externo<\/p>\n<p>Requisitos: ensino m\u00e9dio completo, seis meses de experi\u00eancia na fun\u00e7\u00e3o (comprovada em CTPS) e habilita\u00e7\u00e3o categoria A.<\/p>\n<p>1 vaga para encarregado de loja<\/p>\n<p>Requisitos: ensino m\u00e9dio ou superior em andamento (em Administra\u00e7\u00e3o, Processos gerenciais e afins), experi\u00eancia com gest\u00e3o de equipe, gest\u00e3o de caixa e preferencialmente experi\u00eancia com gest\u00e3o de restaurantes.<\/p>\n<p>2 vagas para assistente jur\u00eddico<\/p>\n<p>Requisitos: cursando do 2\u00b0 ao 4\u00b0 per\u00edodo do curso de Direito.<\/p>\n<p>5 vagas para vendedor externo<\/p>\n<p>Requisitos: m\u00e9dio completo, experi\u00eancia com negocia\u00e7\u00e3o, atendimento ao p\u00fablico, pacote office, ve\u00edculo pr\u00f3prio, habilita\u00e7\u00e3o AB e disponibilidade para realizar viagens intermunicipais.<\/p>\n<p>1 vaga para pedreiro<\/p>\n<p>Requisitos: experi\u00eancia na fun\u00e7\u00e3o comprovada em CTPS.<\/p>\n<p>1 vaga para armador de ferragens<\/p>\n<p>Requisitos: experi\u00eancia na fun\u00e7\u00e3o comprovada em CTPS.<\/p>\n<p>1 vaga para carpinteiro<\/p>\n<p>Requisitos: experi\u00eancia na fun\u00e7\u00e3o comprovada em CTPS.<\/p>\n<p>1 vaga para betoneiro<\/p>\n<p>Requisitos: experi\u00eancia na fun\u00e7\u00e3o comprovada em CTPS.<\/p>\n<p>1 vaga para auxiliar t\u00e9cnico eletr\u00f4nico<\/p>\n<p>Requisitos: experi\u00eancia com c\u00e2meras, cerca el\u00e9trica, alarmes e motores de condom\u00ednio.<\/p>\n<p>1 vaga para vendedor externo<\/p>\n<p>Requisitos: experi\u00eancia de seis meses (CTPS), ensino m\u00e9dio completo, habilita\u00e7\u00e3o B<\/p>\n<p>1 vaga para atendente de loja<\/p>\n<p>Requisitos: ensino m\u00e9dio completo.<\/p>\n<p>1 vaga para promotor de vendas<\/p>\n<p>Requisitos: necess\u00e1rio ve\u00edculo pr\u00f3prio (carro), habilita\u00e7\u00e3o categoria B, ensino m\u00e9dio completo e disponibilidade para realizar viagens (vaga para todos os munic\u00edpios).<\/p>\n<p>Vaga afirmativa para Pessoa com Defici\u00eancia (PcD)<\/p>\n<p>1 vaga para assistente financeiro j\u00fanior<\/p>\n<p>Requisitos: ensino m\u00e9dio completo e experi\u00eancia na fun\u00e7\u00e3o.<\/p>\n<p>1 vaga de atendente cl\u00ednico<\/p>\n<p>Requisitos: ensino m\u00e9dio completo.<\/p>\n<p>Vaga afirmativa para a comunidade LGBTQIAPN+<\/p>\n<p>1 vaga para atendente balconista<\/p>\n<p>Requisitos: ensino m\u00e9dio completo e experi\u00eancia com atendimento ao p\u00fablico<\/p>\n<p><strong><em>Acompanhe tamb\u00e9m o SE Not\u00edcias no\u00a0<a href=\"https:\/\/www.instagram.com\/senoticias\/\" target=\"_blank\" rel=\"noreferrer noopener\">Instagram<\/a><\/em><\/strong>,\u00a0<strong><em>\u00a0<a href=\"https:\/\/www.facebook.com\/senoticias1\" target=\"_blank\" rel=\"noreferrer noopener\">Facebook<\/a>\u00a0e\u00a0no<\/em>\u00a0<em><a href=\"https:\/\/twitter.com\/Senoticias\">X<\/a><\/em><\/strong><\/p>\n<p>Fonte: SSP SE<\/p>\n<p>&nbsp;<\/p>\n","protected":false},"excerpt":{"rendered":"<p>A Secretaria de Estado do Trabalho, Emprego e Empreendedorismo (Seteem), por meio do N\u00facleo de Apoio ao Trabalho (NAT), divulgou 30 vagas de trabalho disponibilizadas nesta quarta-feira, 14. Dentre elas, h\u00e1 vagas afirmativas para pessoa com defici\u00eancia e para a comunidade LGBTQIAPN+. As oportunidades s\u00e3o voltadas para os n\u00edveis m\u00e9dio e superior, com ou sem [&hellip;]<\/p>\n","protected":false},"author":6557,"featured_media":0,"comment_status":"closed","ping_status":"closed","sticky":false,"template":"","format":"standard","meta":{"footnotes":""},"categories":[15],"tags":[3254,42112,39449],"class_list":{"0":"post-143684","1":"post","2":"type-post","3":"status-publish","4":"format-standard","6":"category-destaques","7":"tag-nat","8":"tag-oportunidade-de-trabalho","9":"tag-secretaria-do-trabalho"},"_links":{"self":[{"href":"https:\/\/senoticias.com.br\/se\/wp-json\/wp\/v2\/posts\/143684"}],"collection":[{"href":"https:\/\/senoticias.com.br\/se\/wp-json\/wp\/v2\/posts"}],"about":[{"href":"https:\/\/senoticias.com.br\/se\/wp-json\/wp\/v2\/types\/post"}],"author":[{"embeddable":true,"href":"https:\/\/senoticias.com.br\/se\/wp-json\/wp\/v2\/users\/6557"}],"replies":[{"embeddable":true,"href":"https:\/\/senoticias.com.br\/se\/wp-json\/wp\/v2\/comments?post=143684"}],"version-history":[{"count":0,"href":"https:\/\/senoticias.com.br\/se\/wp-json\/wp\/v2\/posts\/143684\/revisions"}],"wp:attachment":[{"href":"https:\/\/senoticias.com.br\/se\/wp-json\/wp\/v2\/media?parent=143684"}],"wp:term":[{"taxonomy":"category","embeddable":true,"href":"https:\/\/senoticias.com.br\/se\/wp-json\/wp\/v2\/categories?post=143684"},{"taxonomy":"post_tag","embeddable":true,"href":"https:\/\/senoticias.com.br\/se\/wp-json\/wp\/v2\/tags?post=143684"}],"curies":[{"name":"wp","href":"https:\/\/api.w.org\/{rel}","templated":true}]}}