{"id":143678,"date":"2024-08-14T07:28:47","date_gmt":"2024-08-14T10:28:47","guid":{"rendered":"https:\/\/senoticias.com.br\/se\/?p=143678"},"modified":"2024-08-14T07:33:13","modified_gmt":"2024-08-14T10:33:13","slug":"funesa-abre-inscricoes-para-processo-seletivo-simplificado-com-43-oportunidades","status":"publish","type":"post","link":"https:\/\/senoticias.com.br\/se\/funesa-abre-inscricoes-para-processo-seletivo-simplificado-com-43-oportunidades\/","title":{"rendered":"Funesa abre inscri\u00e7\u00f5es para Processo Seletivo Simplificado com 43 oportunidades"},"content":{"rendered":"<p>A Secretaria de Estado da Sa\u00fade (SES), por meio da Funda\u00e7\u00e3o Estadual da Sa\u00fade (Funesa) e da Escola de Sa\u00fade P\u00fablica de Sergipe (ESP\/SE), abriu nesta ter\u00e7a-feira, 13, inscri\u00e7\u00f5es para o Processo Seletivo Simplificado (PSS), conforme o edital N\u00b0 03\/2024. O processo oferece 43 oportunidades voltadas para a \u00e1rea da sa\u00fade, educa\u00e7\u00e3o permanente em sa\u00fade, entre outras, com a finalidade de formar cadastro reserva para contrata\u00e7\u00f5es tempor\u00e1rias de at\u00e9 dois anos. O objetivo \u00e9 fortalecer \u00e1reas espec\u00edficas da ESP\/SE.<\/p>\n<div id=\"attachment_141648\" style=\"width: 538px\" class=\"wp-caption aligncenter\"><a href=\"https:\/\/senoticias.com.br\/se\/wp-content\/uploads\/2024\/03\/Concurso-da-Adema-se-Noticias.jpeg\"><img loading=\"lazy\" decoding=\"async\" aria-describedby=\"caption-attachment-141648\" class=\"size-full wp-image-141648\" src=\"https:\/\/senoticias.com.br\/se\/wp-content\/uploads\/2024\/03\/Concurso-da-Adema-se-Noticias.jpeg\" alt=\"\" width=\"528\" height=\"293\" srcset=\"https:\/\/senoticias.com.br\/se\/wp-content\/uploads\/2024\/03\/Concurso-da-Adema-se-Noticias.jpeg 528w, https:\/\/senoticias.com.br\/se\/wp-content\/uploads\/2024\/03\/Concurso-da-Adema-se-Noticias-300x166.jpeg 300w\" sizes=\"(max-width: 528px) 100vw, 528px\" \/><\/a><p id=\"caption-attachment-141648\" class=\"wp-caption-text\"><br \/>As inscri\u00e7\u00f5es ocorrem at\u00e9 \u00e0s 17h do dia 19 de agosto de 2024 &#8211; Foto: arquivo: abr<\/p><\/div>\n<p>As inscri\u00e7\u00f5es para o processo seletivo ocorrem at\u00e9 as 17h do dia 19 de agosto de 2024. A remunera\u00e7\u00e3o dos cargos varia entre R$ 1.569,59 e R$ 6.020,00, conforme a fun\u00e7\u00e3o e a jornada de trabalho, que pode ser de 10h a 40h semanais. Os candidatos poder\u00e3o se inscrever em at\u00e9 duas fun\u00e7\u00f5es, desde que possuam a escolaridade e a qualifica\u00e7\u00e3o exigida. Cada fun\u00e7\u00e3o ou eixo ter\u00e1 uma an\u00e1lise de t\u00edtulos espec\u00edfica, com detalhes descritos no edital.<\/p>\n<p>Segundo a analista educacional da Funesa, Paloma Sant\u2019Anna, a expectativa \u00e9 atrair profissionais qualificados que possam contribuir com a excel\u00eancia dos servi\u00e7os prestados pela ESP\/SE. \u201cEsperamos que pessoas com o perfil adequado, qualifica\u00e7\u00e3o e experi\u00eancia participem do processo para continuarmos oferecendo um servi\u00e7o de qualidade, como sempre fizemos aqui na Funesa\u201d, afirmou.<\/p>\n<p>De acordo com Fernanda Trindade, superintendente de a\u00e7\u00f5es e servi\u00e7os em sa\u00fade da Funesa, \u00e9 de extrema import\u00e2ncia que o candidato leia o edital e anexos com aten\u00e7\u00e3o. \u201cNos anexos, al\u00e9m de conter informa\u00e7\u00f5es sobre as atribui\u00e7\u00f5es de cada emprego, t\u00eam detalhadamente as documenta\u00e7\u00f5es necess\u00e1rias para enviar no ato da inscri\u00e7\u00e3o, formul\u00e1rio de recursos e outros\u201d, destacou Fernanda.<\/p>\n<p>As vagas abrangem profissionais da sa\u00fade, como m\u00e9dicos, enfermeiros e odont\u00f3logos, al\u00e9m de profissionais de outras \u00e1reas, como jornalistas, publicit\u00e1rios, contadores, engenheiros, bibliotec\u00e1rios, economistas, pedagogos, administradores, especialistas em recursos humanos, advogados, entre outros. H\u00e1 tamb\u00e9m oportunidades para t\u00e9cnicos em eletricidade, edifica\u00e7\u00f5es e seguran\u00e7a do trabalho. \u00c9 importante destacar que todas as vagas s\u00e3o para cadastro reserva.<\/p>\n<p><strong><em>Acompanhe tamb\u00e9m o SE Not\u00edcias no\u00a0<a href=\"https:\/\/www.instagram.com\/senoticias\/\" target=\"_blank\" rel=\"noreferrer noopener\">Instagram<\/a><\/em><\/strong>,\u00a0<strong><em>\u00a0<a href=\"https:\/\/www.facebook.com\/senoticias1\" target=\"_blank\" rel=\"noreferrer noopener\">Facebook<\/a>\u00a0e\u00a0no<\/em>\u00a0<em><a href=\"https:\/\/twitter.com\/Senoticias\">X<\/a><\/em><\/strong><\/p>\n<p>Fonte: Ag\u00eancia Sergipe de Not\u00edcias<\/p>\n<p>&nbsp;<\/p>\n<p>&nbsp;<\/p>\n","protected":false},"excerpt":{"rendered":"<p>A Secretaria de Estado da Sa\u00fade (SES), por meio da Funda\u00e7\u00e3o Estadual da Sa\u00fade (Funesa) e da Escola de Sa\u00fade P\u00fablica de Sergipe (ESP\/SE), abriu nesta ter\u00e7a-feira, 13, inscri\u00e7\u00f5es para o Processo Seletivo Simplificado (PSS), conforme o edital N\u00b0 03\/2024. O processo oferece 43 oportunidades voltadas para a \u00e1rea da sa\u00fade, educa\u00e7\u00e3o permanente em sa\u00fade, [&hellip;]<\/p>\n","protected":false},"author":6557,"featured_media":135681,"comment_status":"closed","ping_status":"closed","sticky":false,"template":"","format":"standard","meta":{"footnotes":""},"categories":[9,15,1],"tags":[6249,7144],"class_list":{"0":"post-143678","1":"post","2":"type-post","3":"status-publish","4":"format-standard","5":"has-post-thumbnail","7":"category-concursos","8":"category-destaques","9":"category-sem-categoria","10":"tag-funesa","11":"tag-processo-seletivo-simplificado"},"_links":{"self":[{"href":"https:\/\/senoticias.com.br\/se\/wp-json\/wp\/v2\/posts\/143678"}],"collection":[{"href":"https:\/\/senoticias.com.br\/se\/wp-json\/wp\/v2\/posts"}],"about":[{"href":"https:\/\/senoticias.com.br\/se\/wp-json\/wp\/v2\/types\/post"}],"author":[{"embeddable":true,"href":"https:\/\/senoticias.com.br\/se\/wp-json\/wp\/v2\/users\/6557"}],"replies":[{"embeddable":true,"href":"https:\/\/senoticias.com.br\/se\/wp-json\/wp\/v2\/comments?post=143678"}],"version-history":[{"count":0,"href":"https:\/\/senoticias.com.br\/se\/wp-json\/wp\/v2\/posts\/143678\/revisions"}],"wp:featuredmedia":[{"embeddable":true,"href":"https:\/\/senoticias.com.br\/se\/wp-json\/wp\/v2\/media\/135681"}],"wp:attachment":[{"href":"https:\/\/senoticias.com.br\/se\/wp-json\/wp\/v2\/media?parent=143678"}],"wp:term":[{"taxonomy":"category","embeddable":true,"href":"https:\/\/senoticias.com.br\/se\/wp-json\/wp\/v2\/categories?post=143678"},{"taxonomy":"post_tag","embeddable":true,"href":"https:\/\/senoticias.com.br\/se\/wp-json\/wp\/v2\/tags?post=143678"}],"curies":[{"name":"wp","href":"https:\/\/api.w.org\/{rel}","templated":true}]}}