{"id":143643,"date":"2024-08-12T10:20:47","date_gmt":"2024-08-12T13:20:47","guid":{"rendered":"https:\/\/senoticias.com.br\/se\/?p=143643"},"modified":"2024-08-12T11:30:29","modified_gmt":"2024-08-12T14:30:29","slug":"aracaju-recebe-iii-simposio-alzheimer-em-foco-dia-24-de-agosto","status":"publish","type":"post","link":"https:\/\/senoticias.com.br\/se\/aracaju-recebe-iii-simposio-alzheimer-em-foco-dia-24-de-agosto\/","title":{"rendered":"Aracaju recebe III Simp\u00f3sio Alzheimer em Foco; saiba como participar"},"content":{"rendered":"<p>&nbsp;<\/p>\n<p>No s\u00e1bado, 24 de agosto, a partir das 08h00 no Aqu\u00e1rios Praia Hotel, Aracaju receber\u00e1 o III Simp\u00f3sio Alzheimer em Foco com duas salas simult\u00e2neas, uma para profissionais de sa\u00fade, outra para o p\u00fablico em geral. A programa\u00e7\u00e3o de ambas contar\u00e1 com palestras de diversos especialistas como geriatras, neurologistas, radiologistas, pneumologistas, neuropsic\u00f3logos, nutricionistas, terapeutas e muito mais. Toda renda arrecadada na venda de ingressos ser\u00e1 revertida para a Associa\u00e7\u00e3o Lar Dulce Lar, casa de apoio a idosos e pessoas de outras faixas et\u00e1rias em situa\u00e7\u00e3o de rua que fica no povoado Areia Branca no Mosqueiro em Aracaju.<\/p>\n<p><a href=\"https:\/\/senoticias.com.br\/se\/wp-content\/uploads\/2024\/08\/WhatsApp-Image-2024-08-12-at-06.51.15.jpeg\"><img loading=\"lazy\" decoding=\"async\" class=\"size-full wp-image-143644 aligncenter\" src=\"https:\/\/senoticias.com.br\/se\/wp-content\/uploads\/2024\/08\/WhatsApp-Image-2024-08-12-at-06.51.15.jpeg\" alt=\"\" width=\"594\" height=\"664\" srcset=\"https:\/\/senoticias.com.br\/se\/wp-content\/uploads\/2024\/08\/WhatsApp-Image-2024-08-12-at-06.51.15.jpeg 594w, https:\/\/senoticias.com.br\/se\/wp-content\/uploads\/2024\/08\/WhatsApp-Image-2024-08-12-at-06.51.15-268x300.jpeg 268w\" sizes=\"(max-width: 594px) 100vw, 594px\" \/><\/a><\/p>\n<p>Profissionais e estudantes da \u00e1rea da sa\u00fade podem fazer a inscri\u00e7\u00e3o atrav\u00e9s do link:<\/p>\n<p><a href=\"https:\/\/www.eventbrite.com.br\/e\/iii-simposio-espaco-ativo-alzheimer-em-foco-para-profissionais-da-saude-tickets-956516565797?aff=oddtdtcreator\">https:\/\/www.eventbrite.com.br\/e\/iii-simposio-espaco-ativo-alzheimer-em-foco-para-profissionais-da-saude-tickets-956516565797?aff=oddtdtcreator<\/a><\/p>\n<p>O p\u00fablico em geral pode fazer a inscri\u00e7\u00e3o atrav\u00e9s do link:<\/p>\n<p><a href=\"https:\/\/www.eventbrite.com.br\/e\/iii-simposio-espaco-ativo-alzheimer-em-foco-para-a-comunidade-tickets-955812770727?aff=oddtdtcreator\">https:\/\/www.eventbrite.com.br\/e\/iii-simposio-espaco-ativo-alzheimer-em-foco-para-a-comunidade-tickets-955812770727?aff=oddtdtcreator<\/a><\/p>\n<p><strong>Confira a programa\u00e7\u00e3o:<\/strong><\/p>\n<p>08:00 ABERTURA\/ CREDENCIAMENTO\/ INSCRI\u00c7\u00c3O<\/p>\n<p>8:30 Diagn\u00f3stico da Doen\u00e7a de Alzheimer- tudo come\u00e7a pela avalia\u00e7\u00e3o cl\u00ednica Juliana Santana (Geriatra)<\/p>\n<p>8:50 Diferen\u00e7a t\u00eanue entre Decl\u00ednio Cognitivo Subjetivo e Transtorno Cognitivo Leve Priscila Arizi (Neuropsic\u00f3loga)<\/p>\n<p>9:20 MESA REDONDA: Diagn\u00f3stico diferencial da Doen\u00e7a de Alzheimer -discuss\u00e3o de casos cl\u00ednicos: Moderador: Geriatra<\/p>\n<p>9:20 Caso cl\u00ednico 1: Doen\u00e7a de Alzheimer X Dem\u00eancia Fronto Temporal Priscila Arizi (Neuropsic\u00f3loga)<\/p>\n<p>Anderson Santiago (Neurologista)<\/p>\n<p>Marcus Cavalcanti (Radiologista CLINRADI)<\/p>\n<p>1- Gabriela Nabuco (Psiquiatra)<\/p>\n<p>9:40 Caso cl\u00ednico 2 : Dem\u00eancia por Corp\u00fasculo de Levy x Dem\u00eancia da Doen\u00e7a de Parkinson 2- Gabriela Nabuco (Psiquiatra)<\/p>\n<p>Helton Benevides (Neurologista)<\/p>\n<p>Priscila Arizi (Neuropsic\u00f3loga)<\/p>\n<p>3- T\u00e2mara (Radiologista Primavera)<\/p>\n<p>10:00 Caso cl\u00ednico 3 : Dem\u00eancia Vascular x Doen\u00e7a de Alzheimer Anderson Santiago (Neurologista)<\/p>\n<p>Priscila Arizi (Neuropsic\u00f3loga)<\/p>\n<p>4- T\u00e2mara (Radiologista Primavera ) &#8211;<\/p>\n<p>5- Gabriela Nabuco (Psiquiatra)<\/p>\n<p>10:30 Intervalo<\/p>\n<p>11:00 6- Tratamento da Doen\u00e7a de Alzheimer<\/p>\n<p>11:00: Tratamento da Doen\u00e7a de Alzheimer: o que j\u00e1 temos e para onde estamos caminhando<\/p>\n<p>11:20 Tratamentos com nutrac\u00eauticos orais e injet\u00e1veis, quais s\u00e3o as evid\u00eancias?<\/p>\n<p>11: 40h Manejo das altera\u00e7\u00f5es comportamentais na doen\u00e7a de Alzheimer<\/p>\n<p>7- Amanda Azevedo( neurologista )<\/p>\n<p>Gabriela Nabuco (Psiquiatra)<\/p>\n<p>Dr. Eduardo Minomo (Geriatra)<\/p>\n<p>12:00 SIMP\u00d3SIO SAT\u00c9LITE: TRANSI\u00c7\u00c3O DE CUIDADO<\/p>\n<p>Rede Primavera x Grupo Constat<\/p>\n<p>13:30 Quando a cannabis medicinal pode auxiliar no tratamento da Doen\u00e7a de Alzheimer (transmiss\u00e3o ao vivo)<\/p>\n<p>13:50 Tratamento n\u00e3o farmacol\u00f3gico na progress\u00e3o da doen\u00e7a de Alzheimer: o impacto na funcionalidade e qualidade de vida<\/p>\n<p>13:50 Reabilita\u00e7\u00e3o cognitiva, quais as evid\u00eancias cient\u00edficas?<\/p>\n<p>14:10h Manuten\u00e7\u00e3o da funcionalidade<\/p>\n<p>14: 30h Manuten\u00e7\u00e3o da degluti\u00e7\u00e3o e nutri\u00e7\u00e3o<\/p>\n<p>15h Manuten\u00e7\u00e3o da performance muscular: Estrat\u00e9gias da fisioterapia na manuten\u00e7\u00e3o de equil\u00edbrio e for\u00e7a Priscila Arizi (Neuropsic\u00f3loga)<\/p>\n<p>Edla Pereira (Terapeuta ocupacional)<\/p>\n<p>Deisiane Fernandes (Fonoaudi\u00f3loga) e Ana Lilia Gama (Nutricionista)<\/p>\n<p>Patr\u00edcia Fontes (Fisioterapeuta)<\/p>\n<p><strong>15:20 Intervalo<\/strong><\/p>\n<p>15:50 Dist\u00farbio do sono e Impacto sobre a Cogni\u00e7\u00e3o:<\/p>\n<p>15:50 Dist\u00farbio do Sono e Transtorno Cognitivo: uma via de m\u00e3o dupla ?<\/p>\n<p>16:10 Diagn\u00f3stico e Tratamentos da SAHOS Fl\u00e1via Garcez (Geriatra)<\/p>\n<p>Ana Paula Argolo ( Pneumologista)<\/p>\n<p>16:30 Manejo da Doen\u00e7a de Alzheimer avan\u00e7ada Isabelle Lisboa (Geriatra)<\/p>\n<p>16:50 Intelig\u00eancia emocional para familiar do paciente com Alzheimer &#8211; Como a equipe de sa\u00fade pode auxiliar? Silvia Simone (Psic\u00f3loga)<\/p>\n<p>17:10 Doen\u00e7a de Alzheimer: comunicando esta not\u00edcia dif\u00edcil e o uso da diretivas antecipadas de vontade Paula Concei\u00e7\u00e3o (Geriatra)<\/p>\n<p>17:30 O c\u00e9rebro sentado: quais as consequ\u00eancias e como prevenir processos demenciais Luana Brand\u00e3o (Geriatra)<\/p>\n<p>17:50 Sorteios e Encerramento<\/p>\n<p>PROGRAMA\u00c7\u00c3O DO III SIMP\u00d3SIO ESPA\u00c7O ATIVO : Doen\u00e7a de Alzheimer: Desafio multidisciplinar (para p\u00fablico em geral)<\/p>\n<p>8:30 ABERTURA\/ CREDENCIAMENTO\/ INSCRI\u00c7\u00c3O<\/p>\n<p>09:00 Por que a perda de mem\u00f3ria ou altera\u00e7\u00e3o de comportamento deve ser um sinal de alerta? Nat\u00e1lia Mendon\u00e7a (Geriatra)<\/p>\n<p>09:20 Meu familiar tem doen\u00e7a de Alzheimer, o que devemos esperar com a progress\u00e3o da doen\u00e7a? Luciana Gouveia (Geriatra)<\/p>\n<p>09:40 Dem\u00eancia e dificuldade na alimenta\u00e7\u00e3o, como proceder? Ana Lilia Gama (Nutricionista)<\/p>\n<p><strong>10:00 INTERVALO<\/strong><\/p>\n<p>10:30 Altera\u00e7\u00f5es de comportamento e estresse do cuidador. Estrat\u00e9gias de cuidados que facilitam o dia a dia (S\u00edndrome do P\u00f4r do Sol, Banho, Hipersexualidade, Del\u00edrios e Dist\u00farbio do sono) Tatiana Silva (Terapeuta ocupacional)<\/p>\n<p>11:00 Alzheimer \u00e9 gen\u00e9tico ? Posso prevenir? Anderson Santiago (Neurologista)<\/p>\n<p>Luana Brand\u00e3o (Geriatra)<\/p>\n<p>11:30 Mitos e Verdades sobre uso de Cannabis na doen\u00e7a de Alzheimer (on Line) Convidado<\/p>\n<p>12:00 Intervalo<\/p>\n<p>14H Servi\u00e7os especializados para o cuidado integrado: bom para quem ? Juliana Santana (Geriatra)<\/p>\n<p>14:20 Sarcopenia, Neutraceuticos e C\u00e9rebro qual a rela\u00e7\u00e3o?<\/p>\n<p>Manuten\u00e7\u00e3o da performance muscular: Estrat\u00e9gias da fisioterapia na manuten\u00e7\u00e3o de equil\u00edbrio e for\u00e7a<\/p>\n<p>Estrat\u00e9gias de suplementa\u00e7\u00e3o no tratamento da sarcopenia que contribuem para a cogni\u00e7\u00e3o. Patr\u00edcia Fontes ( Fisioterapeuta)<\/p>\n<p>Gabriela Nabuco (Psiquiatra)<\/p>\n<p>15:00 Como a terapia ocupacional pode auxiliar na preven\u00e7\u00e3o a quedas? Tadeu Fontes ( Terapeuta Ocupacional)<\/p>\n<p>15:20 Curatela e Doen\u00e7a de Alzheimer Sergio Matos ( Advogado)<\/p>\n<p>15:40 Sorteios e encerramento<\/p>\n<p>\u201cO envelhecimento da popula\u00e7\u00e3o mundial tem como consequ\u00eancia o aumento da preval\u00eancia e da incid\u00eancia de doen\u00e7as cr\u00f4nicas e neurodegenerativas. Atualmente, estima-se que existam 55 milh\u00f5es de pessoas acometidas por alguma forma de dem\u00eancia no mundo, dos quais, cerca de 70% s\u00e3o devidos \u00e0 Doen\u00e7a de Alzheimer (DA). Em 2030 a estimativa \u00e9 de que este n\u00famero dobre, chegando a cerca de 150 milh\u00f5es de pessoas em 2050. Sabemos que ainda h\u00e1 uma situa\u00e7\u00e3o de subdiagn\u00f3stico grave. Atualmente cerca de 75% dos portadores n\u00e3o est\u00e3o diagnosticados, por falta de maiores esclarecimentos da popula\u00e7\u00e3o sobre o Transtorno, atribuindo \u00e0 \u201cvelhice\u201ca causa de sintomas da S\u00edndrome, e at\u00e9 mesmo falta de conhecimento m\u00e9dico. Faz-se necess\u00e1rio, portanto, realizar um processo educativo amplo, partilhando o conhecimento entre profissionais de sa\u00fade para diagn\u00f3sticos precoces e precisos, tratamentos eficazes e um trabalho de preven\u00e7\u00e3o com foco na redu\u00e7\u00e3o de riscos, al\u00e9m de levar informa\u00e7\u00f5es atualizadas, relevantes e confi\u00e1veis para a comunidade\u201d, afirma Dra. Juliana Santana, m\u00e9dica geriatra e uma das organizadoras do evento.<\/p>\n<p>O evento \u00e9 uma realiza\u00e7\u00e3o do Espa\u00e7o Ativo Geriatria Integrada com patroc\u00ednio da Torrent Pharma, Health Meds Canabin\u00f3ides, Aspen Farmac\u00eautica, Cenutri Farma, Grupo Constat, Clinradi, Farm\u00e1cias BeiraMar, Rede Primavera Sa\u00fade, \u00c1udio Sergipe, Cl\u00ednica Dr.Roberto Ximenes e Prati Dinaduzzi.<\/p>\n<p><strong><em>Acompanhe tamb\u00e9m o SE Not\u00edcias no\u00a0<a href=\"https:\/\/www.instagram.com\/senoticias\/\" target=\"_blank\" rel=\"noreferrer noopener\">Instagram<\/a><\/em><\/strong>,\u00a0<strong><em>\u00a0<a href=\"https:\/\/www.facebook.com\/senoticias1\" target=\"_blank\" rel=\"noreferrer noopener\">Facebook<\/a>\u00a0e\u00a0no<\/em>\u00a0<em><a href=\"https:\/\/twitter.com\/Senoticias\">X<\/a><\/em><\/strong><\/p>\n<p><em>Por Rodrigo Alves Assessoria de Imprensa e Marketing<\/em><\/p>\n<p>&nbsp;<\/p>\n","protected":false},"excerpt":{"rendered":"<p>&nbsp; No s\u00e1bado, 24 de agosto, a partir das 08h00 no Aqu\u00e1rios Praia Hotel, Aracaju receber\u00e1 o III Simp\u00f3sio Alzheimer em Foco com duas salas simult\u00e2neas, uma para profissionais de sa\u00fade, outra para o p\u00fablico em geral. A programa\u00e7\u00e3o de ambas contar\u00e1 com palestras de diversos especialistas como geriatras, neurologistas, radiologistas, pneumologistas, neuropsic\u00f3logos, nutricionistas, terapeutas [&hellip;]<\/p>\n","protected":false},"author":6557,"featured_media":0,"comment_status":"closed","ping_status":"closed","sticky":false,"template":"","format":"standard","meta":{"footnotes":""},"categories":[15,6],"tags":[42099],"class_list":{"0":"post-143643","1":"post","2":"type-post","3":"status-publish","4":"format-standard","6":"category-destaques","7":"category-politica","8":"tag-simposio-alzheimer"},"_links":{"self":[{"href":"https:\/\/senoticias.com.br\/se\/wp-json\/wp\/v2\/posts\/143643"}],"collection":[{"href":"https:\/\/senoticias.com.br\/se\/wp-json\/wp\/v2\/posts"}],"about":[{"href":"https:\/\/senoticias.com.br\/se\/wp-json\/wp\/v2\/types\/post"}],"author":[{"embeddable":true,"href":"https:\/\/senoticias.com.br\/se\/wp-json\/wp\/v2\/users\/6557"}],"replies":[{"embeddable":true,"href":"https:\/\/senoticias.com.br\/se\/wp-json\/wp\/v2\/comments?post=143643"}],"version-history":[{"count":0,"href":"https:\/\/senoticias.com.br\/se\/wp-json\/wp\/v2\/posts\/143643\/revisions"}],"wp:attachment":[{"href":"https:\/\/senoticias.com.br\/se\/wp-json\/wp\/v2\/media?parent=143643"}],"wp:term":[{"taxonomy":"category","embeddable":true,"href":"https:\/\/senoticias.com.br\/se\/wp-json\/wp\/v2\/categories?post=143643"},{"taxonomy":"post_tag","embeddable":true,"href":"https:\/\/senoticias.com.br\/se\/wp-json\/wp\/v2\/tags?post=143643"}],"curies":[{"name":"wp","href":"https:\/\/api.w.org\/{rel}","templated":true}]}}