{"id":143627,"date":"2024-08-09T20:00:08","date_gmt":"2024-08-09T23:00:08","guid":{"rendered":"https:\/\/senoticias.com.br\/se\/?p=143627"},"modified":"2024-08-09T20:07:02","modified_gmt":"2024-08-09T23:07:02","slug":"ana-patricia-e-duda-levam-o-ouro-e-colocam-volei-de-praia-feminino-no-topo-olimpico-apos-28-anos","status":"publish","type":"post","link":"https:\/\/senoticias.com.br\/se\/ana-patricia-e-duda-levam-o-ouro-e-colocam-volei-de-praia-feminino-no-topo-olimpico-apos-28-anos\/","title":{"rendered":"Duda e Ana Patr\u00edcia levam o ouro e colocam v\u00f4lei de praia feminino no topo ol\u00edmpico ap\u00f3s 28 anos"},"content":{"rendered":"<p>O jogo foi dif\u00edcil, mas Ana Patr\u00edcia e Duda n\u00e3o se amedrontaram. Depois de virarem sobre as canadenses Brandie e Melissa, no primeiro set, as brasileiras acabaram se desestruturando na segunda parcial, mas voltaram entrosadas no tie-break, e conquistaram o ouro ol\u00edmpico, com a vit\u00f3ria por 2 sets a 1 sobre as advers\u00e1rias, parciais de 26\/24, 12\/21 e 15\/10. A dupla quebrou um jejum de 28 anos da medalha de ouro no v\u00f4lei de praia feminino do Brasil.<\/p>\n<p>As canadenses entraram em quadra confiantes, mostrando maior volume de jogo. Sem deixar a bola cair, Melissa e Brandie abriram seis pontos de vantagem: 8 a 2. Duda e Ana Patr\u00edcia cometeram alguns erros importantes, mas surpreenderam as advers\u00e1rias quando conseguiram se acertar em quadra. Ana chegou a salvar uma bola com a cabe\u00e7a, at\u00e9 a virada chegar em 18 a 17. O set se estendeu bastante, disputado ponto a ponto. A vit\u00f3ria veio com uma demonstra\u00e7\u00e3o de talento de Duda, que passou de manchete e surpreendeu as advers\u00e1rias em 26 a 24.<\/p>\n<div id=\"attachment_143628\" style=\"width: 570px\" class=\"wp-caption aligncenter\"><a href=\"https:\/\/senoticias.com.br\/se\/wp-content\/uploads\/2024\/08\/Duda-e-Ana-Patricia-se-noticias-1.jpg\"><img loading=\"lazy\" decoding=\"async\" aria-describedby=\"caption-attachment-143628\" class=\"size-full wp-image-143628\" src=\"https:\/\/senoticias.com.br\/se\/wp-content\/uploads\/2024\/08\/Duda-e-Ana-Patricia-se-noticias-1.jpg\" alt=\"\" width=\"560\" height=\"373\" srcset=\"https:\/\/senoticias.com.br\/se\/wp-content\/uploads\/2024\/08\/Duda-e-Ana-Patricia-se-noticias-1.jpg 560w, https:\/\/senoticias.com.br\/se\/wp-content\/uploads\/2024\/08\/Duda-e-Ana-Patricia-se-noticias-1-300x200.jpg 300w, https:\/\/senoticias.com.br\/se\/wp-content\/uploads\/2024\/08\/Duda-e-Ana-Patricia-se-noticias-1-90x60.jpg 90w, https:\/\/senoticias.com.br\/se\/wp-content\/uploads\/2024\/08\/Duda-e-Ana-Patricia-se-noticias-1-180x120.jpg 180w, https:\/\/senoticias.com.br\/se\/wp-content\/uploads\/2024\/08\/Duda-e-Ana-Patricia-se-noticias-1-95x64.jpg 95w\" sizes=\"(max-width: 560px) 100vw, 560px\" \/><\/a><p id=\"caption-attachment-143628\" class=\"wp-caption-text\">Duda e Ana Patr\u00edcia disputam final do v\u00f4lei de praia dos Jogos de Paris -Foto: Luiza Moraes\/COB<\/p><\/div>\n<p>As canadenses voltaram \u00e0 areia para o &#8220;tudo ou nada&#8221;. Com constante troca de pontos entre as duplas, Melissa conseguiu crescer na partida com \u00f3timas bolas de segunda. Com tranquilidade e se aproveitando do momento de instabilidade de Ana e Duda, abriram sete pontos de vantagem: 18 a 11, at\u00e9 fechar em 21 a 12.<\/p>\n<p>No tie-break, as brasileiras precisaram trabalhar o mental e lembrar do porqu\u00ea de serem consideradas a dupla n\u00famero 1 do mundo. Foi exatamente o que fizeram. Ignorando completamente a derrota pesada da parcial anterior, abriram tr\u00eas pontos de vantagem logo no in\u00edcio: 5 a 2. A partir da\u00ed, tiveram paci\u00eancia para administrar o restante do jogo. Foi a vez das canadenses se abalarem e reclamarem com o \u00e1rbitro sobre o olhar de Ana. O dj entrou na hist\u00f3ria e, sabiamente, tocou &#8220;Imagine&#8221; de John Lennon, para acalmar os \u00e2nimos. As jogadoras acabaram rindo com a situa\u00e7\u00e3o e o clima melhorou em quadra. Sem se abalar, a dupla seguiu rumo \u00e0 vit\u00f3ria. Duda fez o ponto do ouro e encerraram um jejum de 28 anos para o v\u00f4lei de praia feminino do Brasil, em 15 a 10.<\/p>\n<p><strong>Fim de 28 anos de jejum \ud83d\udc9b\ud83d\udc9a<\/strong><\/p>\n<p>Ana Patr\u00edcia e Duda se tornaram campe\u00e3s ol\u00edmpicas do v\u00f4lei de praia feminino do Brasil nesta sexta-feira. Mas, acima disto, a dupla resgatou a mem\u00f3ria do ouro brasileiro nas Olimp\u00edadas. A \u00fanica vez em que o Brasil havia conquistado o topo do p\u00f3dio na hist\u00f3ria at\u00e9 hoje tinha sido em Atlanta 1996, na estreia da modalidade, quando Jaqueline Silva e Sandra Pires venceram as compatriotas M\u00f4nica Rodrigues e Adriana Samuel, que ficaram com a prata.<\/p>\n<p>Falem, campe\u00e3s \ud83c\udfa4\ud83e\udd47\ud83e\udef6\ud83c\udffc<br \/>\nAna Patr\u00edcia comentou a import\u00e2ncia do t\u00edtulo e falou sobre os obst\u00e1culos que precisou transpor no caminho para o ouro:<\/p>\n<p>&#8211; Estou tentando processar ainda. Nunca nos deslumbramos por sermos as primeiras do ranking e sempre acreditamos no nosso trabalho. Depois de 2020 (Jogos de T\u00f3quio), recebi tanta mensagem de \u00f3dio, de pessoas que queriam que eu desistisse, mas tenho que agradecer a muitas pessoas, a Deus e a mim. Mereci viver isso com a Duda. Muita gente fala muita coisa. Agora falem que demos o sangue para ganhar esse t\u00edtulo para voc\u00eas &#8211; contou, Ana Patr\u00edcia.<\/p>\n<p>Muito emocionada, Duda tamb\u00e9m comentou a vit\u00f3ria in\u00e9dita ao lado de sua dupla:<\/p>\n<p>&#8211; \u00c9 uma coisa surreal. Vivemos, sonhamos, lutamos e conseguimos. Nunca vamos esquecer desse momento que aconteceu! Somos campe\u00e3s ol\u00edmpicas e estamos muito felizes &#8211; disse Duda.<\/p>\n<p><strong><em>Acompanhe tamb\u00e9m o SE Not\u00edcias no\u00a0<a href=\"https:\/\/www.instagram.com\/senoticias\/\" target=\"_blank\" rel=\"noreferrer noopener\">Instagram<\/a><\/em><\/strong>,\u00a0<strong><em>\u00a0<a href=\"https:\/\/www.facebook.com\/senoticias1\" target=\"_blank\" rel=\"noreferrer noopener\">Facebook<\/a>\u00a0e\u00a0no<\/em>\u00a0<em><a href=\"https:\/\/twitter.com\/Senoticias\">X<\/a><\/em><\/strong><\/p>\n<p>Fonte: <a href=\"https:\/\/ge.globo.com\/olimpiadas\/volei\/jogo\/09-08-2024\/ana-patricia-duda-melissa-brandie.ghtml\"><strong>GE<\/strong><\/a><\/p>\n","protected":false},"excerpt":{"rendered":"<p>O jogo foi dif\u00edcil, mas Ana Patr\u00edcia e Duda n\u00e3o se amedrontaram. Depois de virarem sobre as canadenses Brandie e Melissa, no primeiro set, as brasileiras acabaram se desestruturando na segunda parcial, mas voltaram entrosadas no tie-break, e conquistaram o ouro ol\u00edmpico, com a vit\u00f3ria por 2 sets a 1 sobre as advers\u00e1rias, parciais de [&hellip;]<\/p>\n","protected":false},"author":6557,"featured_media":143628,"comment_status":"closed","ping_status":"closed","sticky":false,"template":"","format":"standard","meta":{"footnotes":""},"categories":[15,39],"tags":[4729,3260,4732,34663],"class_list":{"0":"post-143627","1":"post","2":"type-post","3":"status-publish","4":"format-standard","5":"has-post-thumbnail","7":"category-destaques","8":"category-esporte","9":"tag-ana-patricia","10":"tag-duda","11":"tag-duda-lisboa","12":"tag-ouro-olimpico"},"_links":{"self":[{"href":"https:\/\/senoticias.com.br\/se\/wp-json\/wp\/v2\/posts\/143627"}],"collection":[{"href":"https:\/\/senoticias.com.br\/se\/wp-json\/wp\/v2\/posts"}],"about":[{"href":"https:\/\/senoticias.com.br\/se\/wp-json\/wp\/v2\/types\/post"}],"author":[{"embeddable":true,"href":"https:\/\/senoticias.com.br\/se\/wp-json\/wp\/v2\/users\/6557"}],"replies":[{"embeddable":true,"href":"https:\/\/senoticias.com.br\/se\/wp-json\/wp\/v2\/comments?post=143627"}],"version-history":[{"count":0,"href":"https:\/\/senoticias.com.br\/se\/wp-json\/wp\/v2\/posts\/143627\/revisions"}],"wp:featuredmedia":[{"embeddable":true,"href":"https:\/\/senoticias.com.br\/se\/wp-json\/wp\/v2\/media\/143628"}],"wp:attachment":[{"href":"https:\/\/senoticias.com.br\/se\/wp-json\/wp\/v2\/media?parent=143627"}],"wp:term":[{"taxonomy":"category","embeddable":true,"href":"https:\/\/senoticias.com.br\/se\/wp-json\/wp\/v2\/categories?post=143627"},{"taxonomy":"post_tag","embeddable":true,"href":"https:\/\/senoticias.com.br\/se\/wp-json\/wp\/v2\/tags?post=143627"}],"curies":[{"name":"wp","href":"https:\/\/api.w.org\/{rel}","templated":true}]}}