{"id":143623,"date":"2024-08-09T15:39:59","date_gmt":"2024-08-09T18:39:59","guid":{"rendered":"https:\/\/senoticias.com.br\/se\/?p=143623"},"modified":"2024-08-09T15:39:59","modified_gmt":"2024-08-09T18:39:59","slug":"aviao-com-62-pessoas-a-bordo-cai-em-sao-paulo-e-nao-ha-sobreviventes","status":"publish","type":"post","link":"https:\/\/senoticias.com.br\/se\/aviao-com-62-pessoas-a-bordo-cai-em-sao-paulo-e-nao-ha-sobreviventes\/","title":{"rendered":"Avi\u00e3o com 62 pessoas a bordo cai em S\u00e3o Paulo e n\u00e3o h\u00e1 sobreviventes"},"content":{"rendered":"<p>&nbsp;<\/p>\n<p>A prefeitura de Valinhos informou que n\u00e3o h\u00e1 sobreviventes no avi\u00e3o que caiu, nesta sexta-feira (9), na cidade de Vinhedo, interior de S\u00e3o Paulo. As duas cidades s\u00e3o vizinhas.<\/p>\n<p>A aeronave tinha<strong> 62 pessoas a bordo, sendo 58 passageiros e 4 tripulantes<\/strong>. Ainda n\u00e3o se sabe o que provocou a queda. O avi\u00e3o estava em situa\u00e7\u00e3o regular junto \u00e0 Anac (Ag\u00eancia Nacional de Avia\u00e7\u00e3o Civil).<\/p>\n<div id=\"attachment_143624\" style=\"width: 607px\" class=\"wp-caption aligncenter\"><a href=\"https:\/\/senoticias.com.br\/se\/wp-content\/uploads\/2024\/08\/Aviao-cai-SE-Noticias.jpg\"><img loading=\"lazy\" decoding=\"async\" aria-describedby=\"caption-attachment-143624\" class=\"size-full wp-image-143624\" src=\"https:\/\/senoticias.com.br\/se\/wp-content\/uploads\/2024\/08\/Aviao-cai-SE-Noticias.jpg\" alt=\"\" width=\"597\" height=\"448\" srcset=\"https:\/\/senoticias.com.br\/se\/wp-content\/uploads\/2024\/08\/Aviao-cai-SE-Noticias.jpg 597w, https:\/\/senoticias.com.br\/se\/wp-content\/uploads\/2024\/08\/Aviao-cai-SE-Noticias-300x225.jpg 300w, https:\/\/senoticias.com.br\/se\/wp-content\/uploads\/2024\/08\/Aviao-cai-SE-Noticias-45x35.jpg 45w\" sizes=\"(max-width: 597px) 100vw, 597px\" \/><\/a><p id=\"caption-attachment-143624\" class=\"wp-caption-text\">Aeronave turbo\u00e9lice seguia de Cascavel (PR) para Guarulhos (SP). Prefeitura de Vinhedo informou n\u00e3o h\u00e1 sobreviventes &#8211; Foto: reprodu\u00e7\u00e3o<\/p><\/div>\n<p>A aeronave, um ATR-72-500, da Voepass, saiu de Cascavel, no Paran\u00e1, \u00e0s 11h50, e ia em dire\u00e7\u00e3o ao Aeroporto Internacional de Guarulhos, na Grande S\u00e3o Paulo. A queda aconteceu \u00e0s 13h28.<\/p>\n<p>De acordo com informa\u00e7\u00f5es do Balan\u00e7o Geral, o avi\u00e3o caiu em um condom\u00ednio de casas no bairro Capela, em Vinhedo. A Defesa Civil-SP informou que algumas casas na regi\u00e3o foram atingidas e, logo em seguida, a aeronave explodiu.<\/p>\n<p>O avi\u00e3o \u00e9 um ATR-72-500, fabricado em 2010, e estava em situa\u00e7\u00e3o regular junto \u00e0 Anac (Ag\u00eancia Nacional de Avia\u00e7\u00e3o Civil).<\/p>\n<p><em>Mat\u00e9ria em atualiza\u00e7\u00e3o.<\/em><\/p>\n<p><strong><em>Acompanhe tamb\u00e9m o SE Not\u00edcias no\u00a0<a href=\"https:\/\/www.instagram.com\/senoticias\/\" target=\"_blank\" rel=\"noreferrer noopener\">Instagram<\/a><\/em><\/strong>,\u00a0<strong><em>\u00a0<a href=\"https:\/\/www.facebook.com\/senoticias1\" target=\"_blank\" rel=\"noreferrer noopener\">Facebook<\/a>\u00a0e\u00a0no<\/em>\u00a0<em><a href=\"https:\/\/twitter.com\/Senoticias\">X<\/a><\/em><\/strong><\/p>\n<p>&nbsp;<\/p>\n<p>&nbsp;<\/p>\n","protected":false},"excerpt":{"rendered":"<p>&nbsp; A prefeitura de Valinhos informou que n\u00e3o h\u00e1 sobreviventes no avi\u00e3o que caiu, nesta sexta-feira (9), na cidade de Vinhedo, interior de S\u00e3o Paulo. As duas cidades s\u00e3o vizinhas. A aeronave tinha 62 pessoas a bordo, sendo 58 passageiros e 4 tripulantes. Ainda n\u00e3o se sabe o que provocou a queda. O avi\u00e3o estava [&hellip;]<\/p>\n","protected":false},"author":6557,"featured_media":143624,"comment_status":"closed","ping_status":"closed","sticky":false,"template":"","format":"standard","meta":{"footnotes":""},"categories":[15,2961],"tags":[42093,35281,42094],"class_list":{"0":"post-143623","1":"post","2":"type-post","3":"status-publish","4":"format-standard","5":"has-post-thumbnail","7":"category-destaques","8":"category-nacional","9":"tag-62-mortos","10":"tag-aviao-cai","11":"tag-aviao-cai-em-vinhedo"},"_links":{"self":[{"href":"https:\/\/senoticias.com.br\/se\/wp-json\/wp\/v2\/posts\/143623"}],"collection":[{"href":"https:\/\/senoticias.com.br\/se\/wp-json\/wp\/v2\/posts"}],"about":[{"href":"https:\/\/senoticias.com.br\/se\/wp-json\/wp\/v2\/types\/post"}],"author":[{"embeddable":true,"href":"https:\/\/senoticias.com.br\/se\/wp-json\/wp\/v2\/users\/6557"}],"replies":[{"embeddable":true,"href":"https:\/\/senoticias.com.br\/se\/wp-json\/wp\/v2\/comments?post=143623"}],"version-history":[{"count":0,"href":"https:\/\/senoticias.com.br\/se\/wp-json\/wp\/v2\/posts\/143623\/revisions"}],"wp:featuredmedia":[{"embeddable":true,"href":"https:\/\/senoticias.com.br\/se\/wp-json\/wp\/v2\/media\/143624"}],"wp:attachment":[{"href":"https:\/\/senoticias.com.br\/se\/wp-json\/wp\/v2\/media?parent=143623"}],"wp:term":[{"taxonomy":"category","embeddable":true,"href":"https:\/\/senoticias.com.br\/se\/wp-json\/wp\/v2\/categories?post=143623"},{"taxonomy":"post_tag","embeddable":true,"href":"https:\/\/senoticias.com.br\/se\/wp-json\/wp\/v2\/tags?post=143623"}],"curies":[{"name":"wp","href":"https:\/\/api.w.org\/{rel}","templated":true}]}}