{"id":143617,"date":"2024-08-09T09:21:24","date_gmt":"2024-08-09T12:21:24","guid":{"rendered":"https:\/\/senoticias.com.br\/se\/?p=143617"},"modified":"2024-08-09T09:21:24","modified_gmt":"2024-08-09T12:21:24","slug":"bebe-nasce-com-anomalias-congenitas-associadas-a-febre-do-oropouche-e-morre-no-acre","status":"publish","type":"post","link":"https:\/\/senoticias.com.br\/se\/bebe-nasce-com-anomalias-congenitas-associadas-a-febre-do-oropouche-e-morre-no-acre\/","title":{"rendered":"Beb\u00ea nasce com anomalias cong\u00eanitas associadas \u00e0 febre do Oropouche e morre no Acre"},"content":{"rendered":"<p>O Minist\u00e9rio da Sa\u00fade registrou, nesta quinta-feira (8), o caso de um beb\u00ea que nasceu com anomalias cong\u00eanitas associadas \u00e0 transmiss\u00e3o de Oropouche durante a gesta\u00e7\u00e3o. O beb\u00ea, do Acre, morreu na \u00faltima semana ap\u00f3s 47 dias de vida.<\/p>\n<div id=\"attachment_143618\" style=\"width: 580px\" class=\"wp-caption aligncenter\"><a href=\"https:\/\/senoticias.com.br\/se\/wp-content\/uploads\/2024\/08\/IKZBDH4EOZDDVJLNJLGZT64BTM-e1723206031357.webp\"><img loading=\"lazy\" decoding=\"async\" aria-describedby=\"caption-attachment-143618\" class=\"size-full wp-image-143618\" src=\"https:\/\/senoticias.com.br\/se\/wp-content\/uploads\/2024\/08\/IKZBDH4EOZDDVJLNJLGZT64BTM-e1723206031357.webp\" alt=\"\" width=\"570\" height=\"318\" \/><\/a><p id=\"caption-attachment-143618\" class=\"wp-caption-text\">M\u00e3e apresentou sintomas da doen\u00e7a no segundo m\u00eas da gravidez e os exames p\u00f3s-parto tamb\u00e9m deram positivo para o v\u00edrus. Foto: reprodu\u00e7\u00e3o<\/p><\/div>\n<p>Segundo a pasta, a m\u00e3e apresentou sintomas da febre Oropouche no segundo m\u00eas da gravidez e os exames no p\u00f3s-parto deram positivo para o v\u00edrus.<\/p>\n<p>A crian\u00e7a nasceu com microcefalia, malforma\u00e7\u00e3o das articula\u00e7\u00f5es e outras anomalias cong\u00eanitas. Os exames apontaram a presen\u00e7a do v\u00edrus na crian\u00e7a e descartaram outras hip\u00f3teses de diagn\u00f3stico.<\/p>\n<p>Febre Oropouche<\/p>\n<p>Na semana passada, o Brasil registrou as duas primeiras mortes pela doen\u00e7a na hist\u00f3ria. Os dois casos s\u00e3o de mulheres do interior do estado da Bahia, com menos de 30 anos, sem comorbidades. Outro \u00f3bito est\u00e1 em investiga\u00e7\u00e3o em Santa Catarina.<\/p>\n<p>Este ano, foram registrados 7.497 casos de Oropouche at\u00e9 ter\u00e7a-feira (6), em 23 estados. A maioria dos casos est\u00e1 concentrada no Amazonas e em Rond\u00f4nia.<\/p>\n<p>O v\u00edrus \u00e9 transmitido principalmente por um mosquito conhecido como maruim ou mosquito-p\u00f3lvora. Os sintomas da doen\u00e7a s\u00e3o semelhantes aos da dengue, febre de in\u00edcio s\u00fabito, dor de cabe\u00e7a, dor muscular, dor articular, tontura, dor retro-ocular, calafrios, fotofobia, n\u00e1useas e v\u00f4mitos.<\/p>\n<p><strong><em>Acompanhe tamb\u00e9m o SE Not\u00edcias no\u00a0<a href=\"https:\/\/www.instagram.com\/senoticias\/\" target=\"_blank\" rel=\"noreferrer noopener\">Instagram<\/a><\/em><\/strong>,\u00a0<strong><em>\u00a0<a href=\"https:\/\/www.facebook.com\/senoticias1\" target=\"_blank\" rel=\"noreferrer noopener\">Facebook<\/a>\u00a0e\u00a0no<\/em>\u00a0<em><a href=\"https:\/\/twitter.com\/Senoticias\">X<\/a><\/em><\/strong><\/p>\n<p>Fonte: A8 SE<\/p>\n","protected":false},"excerpt":{"rendered":"<p>O Minist\u00e9rio da Sa\u00fade registrou, nesta quinta-feira (8), o caso de um beb\u00ea que nasceu com anomalias cong\u00eanitas associadas \u00e0 transmiss\u00e3o de Oropouche durante a gesta\u00e7\u00e3o. O beb\u00ea, do Acre, morreu na \u00faltima semana ap\u00f3s 47 dias de vida. Segundo a pasta, a m\u00e3e apresentou sintomas da febre Oropouche no segundo m\u00eas da gravidez e [&hellip;]<\/p>\n","protected":false},"author":6557,"featured_media":0,"comment_status":"closed","ping_status":"closed","sticky":false,"template":"","format":"standard","meta":{"footnotes":""},"categories":[15],"tags":[42090],"class_list":{"0":"post-143617","1":"post","2":"type-post","3":"status-publish","4":"format-standard","6":"category-destaques","7":"tag-febre-oropouche"},"_links":{"self":[{"href":"https:\/\/senoticias.com.br\/se\/wp-json\/wp\/v2\/posts\/143617"}],"collection":[{"href":"https:\/\/senoticias.com.br\/se\/wp-json\/wp\/v2\/posts"}],"about":[{"href":"https:\/\/senoticias.com.br\/se\/wp-json\/wp\/v2\/types\/post"}],"author":[{"embeddable":true,"href":"https:\/\/senoticias.com.br\/se\/wp-json\/wp\/v2\/users\/6557"}],"replies":[{"embeddable":true,"href":"https:\/\/senoticias.com.br\/se\/wp-json\/wp\/v2\/comments?post=143617"}],"version-history":[{"count":0,"href":"https:\/\/senoticias.com.br\/se\/wp-json\/wp\/v2\/posts\/143617\/revisions"}],"wp:attachment":[{"href":"https:\/\/senoticias.com.br\/se\/wp-json\/wp\/v2\/media?parent=143617"}],"wp:term":[{"taxonomy":"category","embeddable":true,"href":"https:\/\/senoticias.com.br\/se\/wp-json\/wp\/v2\/categories?post=143617"},{"taxonomy":"post_tag","embeddable":true,"href":"https:\/\/senoticias.com.br\/se\/wp-json\/wp\/v2\/tags?post=143617"}],"curies":[{"name":"wp","href":"https:\/\/api.w.org\/{rel}","templated":true}]}}