{"id":143615,"date":"2024-08-09T09:13:42","date_gmt":"2024-08-09T12:13:42","guid":{"rendered":"https:\/\/senoticias.com.br\/se\/?p=143615"},"modified":"2024-08-09T09:13:42","modified_gmt":"2024-08-09T12:13:42","slug":"policia-militar-inicia-operacao-comercio-seguro-durante-epoca-de-compras-destinadas-ao-dia-dos-pais","status":"publish","type":"post","link":"https:\/\/senoticias.com.br\/se\/policia-militar-inicia-operacao-comercio-seguro-durante-epoca-de-compras-destinadas-ao-dia-dos-pais\/","title":{"rendered":"Pol\u00edcia Militar inicia Opera\u00e7\u00e3o Com\u00e9rcio Seguro durante \u00e9poca de compras destinadas ao Dia dos Pais"},"content":{"rendered":"<p>Devido ao aumento significativo do fluxo de pessoas no centro comercial de Aracaju, em decorr\u00eancia do per\u00edodo de compras para o Dia dos Pais e da poss\u00edvel amplia\u00e7\u00e3o do hor\u00e1rio de funcionamento dos estabelecimentos, a Pol\u00edcia Militar de Sergipe, por meio da 6\u00aa Companhia Independente de Pol\u00edcia Militar (6\u00aa CIPM), implementou a \u2018Opera\u00e7\u00e3o Com\u00e9rcio Seguro \u2013 Dia dos Pais\u2019, como refor\u00e7o no policiamento local. Como resultado, duas tentativas de furto foram interceptadas pelas equipes policiais.<\/p>\n<div id=\"attachment_143616\" style=\"width: 590px\" class=\"wp-caption aligncenter\"><a href=\"https:\/\/senoticias.com.br\/se\/wp-content\/uploads\/2024\/08\/Screenshot_20240809-064813-e1723205560428.png\"><img loading=\"lazy\" decoding=\"async\" aria-describedby=\"caption-attachment-143616\" class=\"size-full wp-image-143616\" src=\"https:\/\/senoticias.com.br\/se\/wp-content\/uploads\/2024\/08\/Screenshot_20240809-064813-e1723205560428.png\" alt=\"\" width=\"580\" height=\"332\" \/><\/a><p id=\"caption-attachment-143616\" class=\"wp-caption-text\">As medidas adotadas s\u00e3o essenciais para garantir um ambiente seguro e organizado durante este per\u00edodo de grande movimenta\u00e7\u00e3o no centro comercial de Aracaju<\/p><\/div>\n<p>Conforme a major Manuela Gomes, comandante da 6\u00aa CIPM, o policiamento est\u00e1 sendo realizado a p\u00e9, com os militares patrulhando a \u00e1rea comercial de maneira cont\u00ednua. \u201cEssa abordagem permite maior proximidade com os comerciantes e consumidores, aumentando a sensa\u00e7\u00e3o de seguran\u00e7a e possibilitando uma resposta mais r\u00e1pida e eficaz das ocorr\u00eancias\u201d, evidenciou.<\/p>\n<p>\u201cEstamos refor\u00e7ando o centro comercial de Aracaju principalmente nos pontos do cal\u00e7ad\u00e3o da Jo\u00e3o Pessoa, Laranjeiras e S\u00e3o Crist\u00f3v\u00e3o justamente em alus\u00e3o ao aumento do fluxo de de pessoas decorrente das compras para o Dia dos Pais, que ocorre no pr\u00f3ximo domingo. N\u00f3s temos 26 policiais da 6\u00aa CIPM alocados na \u00e1rea, al\u00e9m do apoio do Batalh\u00e3o de Policiamento Tur\u00edstico (BPTur)\u201d, complementou a major Manuela Gomes.<\/p>\n<p>Como resultado da opera\u00e7\u00e3o, as equipes interceptaram duas tentativas de furto. \u201cOs nossos policiais estavam atentos e debelaram o caso na mesma hora, com o apoio das c\u00e2meras do Centro Integrado de Opera\u00e7\u00f5es em Seguran\u00e7a P\u00fablica (Ciosp). A popula\u00e7\u00e3o pode continuar contando com o refor\u00e7o do policiamento n\u00e3o s\u00f3 no centro, mas tamb\u00e9m em todo o estado\u201d, acrescentou a comandante da 6\u00aa CIPM.<\/p>\n<p>A \u2018Opera\u00e7\u00e3o Com\u00e9rcio Seguro \u2013 Dia dos Pais\u2019 acontece entre os dias 8 e 10 de agosto de 2024, com servi\u00e7os executados das 07h \u00e0s 19h. A opera\u00e7\u00e3o conta tamb\u00e9m com o apoio de uma base m\u00f3vel, respons\u00e1vel pelo policiamento ordin\u00e1rio na \u00e1rea dos cal\u00e7ad\u00f5es. As medidas adotadas s\u00e3o essenciais para garantir um ambiente seguro e organizado durante este per\u00edodo de grande movimenta\u00e7\u00e3o no centro comercial de Aracaju.<\/p>\n<p><strong><em>Acompanhe tamb\u00e9m o SE Not\u00edcias no\u00a0<a href=\"https:\/\/www.instagram.com\/senoticias\/\" target=\"_blank\" rel=\"noreferrer noopener\">Instagram<\/a><\/em><\/strong>,\u00a0<strong><em>\u00a0<a href=\"https:\/\/www.facebook.com\/senoticias1\" target=\"_blank\" rel=\"noreferrer noopener\">Facebook<\/a>\u00a0e\u00a0no<\/em>\u00a0<em><a href=\"https:\/\/twitter.com\/Senoticias\">X<\/a><\/em><\/strong><\/p>\n<p>Fonte: SSP\/SE<\/p>\n<div class=\"post-tags\"><\/div>\n","protected":false},"excerpt":{"rendered":"<p>Devido ao aumento significativo do fluxo de pessoas no centro comercial de Aracaju, em decorr\u00eancia do per\u00edodo de compras para o Dia dos Pais e da poss\u00edvel amplia\u00e7\u00e3o do hor\u00e1rio de funcionamento dos estabelecimentos, a Pol\u00edcia Militar de Sergipe, por meio da 6\u00aa Companhia Independente de Pol\u00edcia Militar (6\u00aa CIPM), implementou a \u2018Opera\u00e7\u00e3o Com\u00e9rcio Seguro [&hellip;]<\/p>\n","protected":false},"author":6557,"featured_media":0,"comment_status":"closed","ping_status":"closed","sticky":false,"template":"","format":"standard","meta":{"footnotes":""},"categories":[15,7],"tags":[4941,42089,86],"class_list":{"0":"post-143615","1":"post","2":"type-post","3":"status-publish","4":"format-standard","6":"category-destaques","7":"category-policia","8":"tag-dia-dos-pais","9":"tag-operacao-comercio-seguro","10":"tag-policia-militar"},"_links":{"self":[{"href":"https:\/\/senoticias.com.br\/se\/wp-json\/wp\/v2\/posts\/143615"}],"collection":[{"href":"https:\/\/senoticias.com.br\/se\/wp-json\/wp\/v2\/posts"}],"about":[{"href":"https:\/\/senoticias.com.br\/se\/wp-json\/wp\/v2\/types\/post"}],"author":[{"embeddable":true,"href":"https:\/\/senoticias.com.br\/se\/wp-json\/wp\/v2\/users\/6557"}],"replies":[{"embeddable":true,"href":"https:\/\/senoticias.com.br\/se\/wp-json\/wp\/v2\/comments?post=143615"}],"version-history":[{"count":0,"href":"https:\/\/senoticias.com.br\/se\/wp-json\/wp\/v2\/posts\/143615\/revisions"}],"wp:attachment":[{"href":"https:\/\/senoticias.com.br\/se\/wp-json\/wp\/v2\/media?parent=143615"}],"wp:term":[{"taxonomy":"category","embeddable":true,"href":"https:\/\/senoticias.com.br\/se\/wp-json\/wp\/v2\/categories?post=143615"},{"taxonomy":"post_tag","embeddable":true,"href":"https:\/\/senoticias.com.br\/se\/wp-json\/wp\/v2\/tags?post=143615"}],"curies":[{"name":"wp","href":"https:\/\/api.w.org\/{rel}","templated":true}]}}