{"id":143613,"date":"2024-08-10T14:28:13","date_gmt":"2024-08-10T17:28:13","guid":{"rendered":"https:\/\/senoticias.com.br\/se\/?p=143613"},"modified":"2024-08-12T12:01:17","modified_gmt":"2024-08-12T15:01:17","slug":"sepultamento-do-ex-prefeito-de-lagarto-valmir-monteiro-acontece-neste-domingo-no-cemiterio-senhor-do-bonfim-no-municipio-de-lagarto","status":"publish","type":"post","link":"https:\/\/senoticias.com.br\/se\/sepultamento-do-ex-prefeito-de-lagarto-valmir-monteiro-acontece-neste-domingo-no-cemiterio-senhor-do-bonfim-no-municipio-de-lagarto\/","title":{"rendered":"Sepultamento do ex-prefeito de Lagarto Valmir Monteiro, acontece  neste domingo no Cemit\u00e9rio Senhor do Bonfim, no munic\u00edpio de Lagarto."},"content":{"rendered":"<p>Morreu, neste s\u00e1bado (10), aos 62 anos, o ex-prefeito de Lagarto e deputado estadual Jos\u00e9 Valmir Monteiro. O pol\u00edtico estava internado em hospital particular de Aracaju em tratamento contra um c\u00e2ncer de est\u00f4mago.<\/p>\n<p>O vel\u00f3rio ser\u00e1 realizado a partir das 16h, no Gin\u00e1sio de Esportes Ribeir\u00e3o, em Lagarto. J\u00e1 o sepultamento acontece \u00e0s 10h do domingo (11), no Cemit\u00e9rio Senhor do Bonfim, no mesmo munic\u00edpio. Informa\u00e7\u00f5es do G1\/SE.<\/p>\n<div id=\"attachment_143629\" style=\"width: 603px\" class=\"wp-caption aligncenter\"><a href=\"https:\/\/senoticias.com.br\/se\/wp-content\/uploads\/2024\/08\/Valmir-Monteiro-SE-Noticias.jpeg\"><img loading=\"lazy\" decoding=\"async\" aria-describedby=\"caption-attachment-143629\" class=\"size-full wp-image-143629\" src=\"https:\/\/senoticias.com.br\/se\/wp-content\/uploads\/2024\/08\/Valmir-Monteiro-SE-Noticias.jpeg\" alt=\"\" width=\"593\" height=\"392\" srcset=\"https:\/\/senoticias.com.br\/se\/wp-content\/uploads\/2024\/08\/Valmir-Monteiro-SE-Noticias.jpeg 593w, https:\/\/senoticias.com.br\/se\/wp-content\/uploads\/2024\/08\/Valmir-Monteiro-SE-Noticias-300x198.jpeg 300w, https:\/\/senoticias.com.br\/se\/wp-content\/uploads\/2024\/08\/Valmir-Monteiro-SE-Noticias-90x60.jpeg 90w, https:\/\/senoticias.com.br\/se\/wp-content\/uploads\/2024\/08\/Valmir-Monteiro-SE-Noticias-180x120.jpeg 180w, https:\/\/senoticias.com.br\/se\/wp-content\/uploads\/2024\/08\/Valmir-Monteiro-SE-Noticias-95x64.jpeg 95w\" sizes=\"(max-width: 593px) 100vw, 593px\" \/><\/a><p id=\"caption-attachment-143629\" class=\"wp-caption-text\">Valmir Monteiro fazia tratamento contra um c\u00e2ncer &#8211; Jadilson Sim\u00f5es\/Arquivo\/Ag\u00eancia de Not\u00edcias Alese<\/p><\/div>\n<p>Natural da Salgado, Valmir Monteiro foi empres\u00e1rio do ramo de madeireira. Foi vereador por dois mandatos em Salgado, deputado estadual por quatro mandatos e duas vezes prefeito de Lagarto. Valmir havia formalizado a candidatura para a disputa da prefeitura de Lagarto, na \u00faltima semana, durante conven\u00e7\u00e3o partid\u00e1ria do Podemos e Uni\u00e3o Brasil.<\/p>\n<p>Pai do deputado estadual Ibraim Monteiro, Valmir deixou esposa e outros seis filhos.<\/p>\n<p>&#8220;Hoje, com o cora\u00e7\u00e3o pesado, comunico o falecimento do meu pai, nosso querido Valmir da Madereira. Ele lutou bravamente contra o c\u00e2ncer, sempre com um sorriso no rosto e um amor imenso por Lagarto. Meu pai viveu com coragem, alegrando todos ao seu redor e mostrando uma for\u00e7a que nos inspirou profundamente&#8221;, escreveu o Ibraim.<\/p>\n<p><strong>Pesar<\/strong><\/p>\n<p>A prefeitura de Lagarto decretou luto oficial de sete dias. J\u00e1 a Assembleia Legislativa de Sergipe (Alese) decretou luto de tr\u00eas dias.<\/p>\n<p>O governador do estado, F\u00e1bio Mitidieri, emitiu nota de pesar pela morte do pol\u00edtico: &#8220;\u00c9 com profundo pesar que recebo a not\u00edcia do falecimento de Valmir Monteiro. Empreendedor, foi na pol\u00edtica que Valmir p\u00f4s em pr\u00e1tica seu \u00edmpeto social com a cria\u00e7\u00e3o do Bolsa Fam\u00edlia municipal e do Festival da Mandioca. Deputado estadual por quatro mandatos e prefeito de Lagarto por duas vezes, Valmir deixa um legado de lideran\u00e7a para os lagartenses&#8221;.<\/p>\n<p>O deputado federal Gustinho Ribeiro tamb\u00e9m lamentou a morte do pol\u00edtico: &#8220;Valmir Monteiro foi um grande l\u00edder pol\u00edtico do nosso Estado, ex-prefeito de Lagarto e ex-deputado. Tive a honra de lutar ao seu lado em muitas batalhas, assim como j\u00e1 estive em lados opostos. Isso me permite reconhecer a profunda lacuna que sua partida deixar\u00e1 no cen\u00e1rio pol\u00edtico de Sergipe e, ainda mais, o vazio imensur\u00e1vel que ficar\u00e1 em sua fam\u00edlia. (&#8230;) Em sua homenagem, irei protocolar um of\u00edcio solicitando que uma das Alas do Hospital de Amor receba o nome de Valmir Monteiro&#8221;.<\/p>\n<p><strong><em>Acompanhe tamb\u00e9m o SE Not\u00edcias no\u00a0<a href=\"https:\/\/www.instagram.com\/senoticias\/\" target=\"_blank\" rel=\"noreferrer noopener\">Instagram<\/a><\/em><\/strong>,\u00a0<strong><em>\u00a0<a href=\"https:\/\/www.facebook.com\/senoticias1\" target=\"_blank\" rel=\"noreferrer noopener\">Facebook<\/a>\u00a0e\u00a0no<\/em>\u00a0<em><a href=\"https:\/\/twitter.com\/Senoticias\">X<\/a><\/em><\/strong><\/p>\n<p>Fonte: G1\/SE<\/p>\n","protected":false},"excerpt":{"rendered":"<p>Morreu, neste s\u00e1bado (10), aos 62 anos, o ex-prefeito de Lagarto e deputado estadual Jos\u00e9 Valmir Monteiro. O pol\u00edtico estava internado em hospital particular de Aracaju em tratamento contra um c\u00e2ncer de est\u00f4mago. O vel\u00f3rio ser\u00e1 realizado a partir das 16h, no Gin\u00e1sio de Esportes Ribeir\u00e3o, em Lagarto. J\u00e1 o sepultamento acontece \u00e0s 10h do [&hellip;]<\/p>\n","protected":false},"author":6557,"featured_media":143629,"comment_status":"closed","ping_status":"closed","sticky":false,"template":"","format":"standard","meta":{"footnotes":""},"categories":[15,6],"tags":[42103,7593],"class_list":{"0":"post-143613","1":"post","2":"type-post","3":"status-publish","4":"format-standard","5":"has-post-thumbnail","7":"category-destaques","8":"category-politica","9":"tag-ex-prefeito-valmir","10":"tag-valmir-monteiro"},"_links":{"self":[{"href":"https:\/\/senoticias.com.br\/se\/wp-json\/wp\/v2\/posts\/143613"}],"collection":[{"href":"https:\/\/senoticias.com.br\/se\/wp-json\/wp\/v2\/posts"}],"about":[{"href":"https:\/\/senoticias.com.br\/se\/wp-json\/wp\/v2\/types\/post"}],"author":[{"embeddable":true,"href":"https:\/\/senoticias.com.br\/se\/wp-json\/wp\/v2\/users\/6557"}],"replies":[{"embeddable":true,"href":"https:\/\/senoticias.com.br\/se\/wp-json\/wp\/v2\/comments?post=143613"}],"version-history":[{"count":0,"href":"https:\/\/senoticias.com.br\/se\/wp-json\/wp\/v2\/posts\/143613\/revisions"}],"wp:featuredmedia":[{"embeddable":true,"href":"https:\/\/senoticias.com.br\/se\/wp-json\/wp\/v2\/media\/143629"}],"wp:attachment":[{"href":"https:\/\/senoticias.com.br\/se\/wp-json\/wp\/v2\/media?parent=143613"}],"wp:term":[{"taxonomy":"category","embeddable":true,"href":"https:\/\/senoticias.com.br\/se\/wp-json\/wp\/v2\/categories?post=143613"},{"taxonomy":"post_tag","embeddable":true,"href":"https:\/\/senoticias.com.br\/se\/wp-json\/wp\/v2\/tags?post=143613"}],"curies":[{"name":"wp","href":"https:\/\/api.w.org\/{rel}","templated":true}]}}