{"id":143561,"date":"2024-08-06T09:34:57","date_gmt":"2024-08-06T12:34:57","guid":{"rendered":"https:\/\/senoticias.com.br\/se\/?p=143561"},"modified":"2024-08-06T12:10:49","modified_gmt":"2024-08-06T15:10:49","slug":"luiz-roberto-e-oficializado-como-candidato-a-prefeitura-de-aracaju-pelo-pdt","status":"publish","type":"post","link":"https:\/\/senoticias.com.br\/se\/luiz-roberto-e-oficializado-como-candidato-a-prefeitura-de-aracaju-pelo-pdt\/","title":{"rendered":"Luiz Roberto \u00e9 oficializado como candidato \u00e0 Prefeitura de Aracaju pelo PDT"},"content":{"rendered":"<p>O Partido Democr\u00e1tico Trabalhista (PDT) oficializou, nesta segunda-feira, 5, a candidatura de Luiz Roberto \u00e0 Prefeitura de Aracaju. A conven\u00e7\u00e3o partid\u00e1ria foi realizada no Iate Clube, no bairro 13 de Julho, com a presen\u00e7a do governador do Estado, F\u00e1bio Mitidieri, do prefeito de Aracaju, Edvaldo Nogueira, e de outros correligion\u00e1rios.<\/p>\n<div id=\"attachment_143562\" style=\"width: 549px\" class=\"wp-caption aligncenter\"><a href=\"https:\/\/senoticias.com.br\/se\/wp-content\/uploads\/2024\/08\/WhatsApp-Image-2024-08-06-at-07.15.48.jpeg\"><img loading=\"lazy\" decoding=\"async\" aria-describedby=\"caption-attachment-143562\" class=\"size-full wp-image-143562\" src=\"https:\/\/senoticias.com.br\/se\/wp-content\/uploads\/2024\/08\/WhatsApp-Image-2024-08-06-at-07.15.48.jpeg\" alt=\"\" width=\"539\" height=\"361\" srcset=\"https:\/\/senoticias.com.br\/se\/wp-content\/uploads\/2024\/08\/WhatsApp-Image-2024-08-06-at-07.15.48.jpeg 539w, https:\/\/senoticias.com.br\/se\/wp-content\/uploads\/2024\/08\/WhatsApp-Image-2024-08-06-at-07.15.48-300x201.jpeg 300w, https:\/\/senoticias.com.br\/se\/wp-content\/uploads\/2024\/08\/WhatsApp-Image-2024-08-06-at-07.15.48-90x60.jpeg 90w, https:\/\/senoticias.com.br\/se\/wp-content\/uploads\/2024\/08\/WhatsApp-Image-2024-08-06-at-07.15.48-180x120.jpeg 180w, https:\/\/senoticias.com.br\/se\/wp-content\/uploads\/2024\/08\/WhatsApp-Image-2024-08-06-at-07.15.48-95x64.jpeg 95w\" sizes=\"(max-width: 539px) 100vw, 539px\" \/><\/a><p id=\"caption-attachment-143562\" class=\"wp-caption-text\">Luiz Roberto tem candidatura oficializada &#8211; Foto: ascom\/divulga\u00e7\u00e3o<\/p><\/div>\n<p>Em discurso, o escolhido para tentar a sucess\u00e3o da atual administra\u00e7\u00e3o municipal destacou a uni\u00e3o de lideran\u00e7as em torno da sua candidatura.<\/p>\n<p>\u201cFoi esse projeto que nos uniu, n\u00e3o foi o nosso umbigo. Foi o pensar coletivo para o povo de Aracaju. [&#8230;] Nosso plano de governo foi constru\u00eddo em mais de 200 reuni\u00f5es que fizemos nos 48 bairros de Aracaju, ouvindo os desejos do povo. Nunca estudei tanto em minha vida e estou preparado para ser prefeito\u201d, frisou.<\/p>\n<p>O candidato a vice-prefeito que comp\u00f5e a chapa \u00e9 o vereador Fabiano Oliveira (PP), que abriu m\u00e3o da sua pr\u00e9-candidatura para se somar \u00e0 chapa encabe\u00e7ada pelo PDT.<\/p>\n<p><strong><em>Acompanhe tamb\u00e9m o SE Not\u00edcias no\u00a0<a href=\"https:\/\/www.instagram.com\/senoticias\/\" target=\"_blank\" rel=\"noreferrer noopener\">Instagram<\/a><\/em><\/strong>,\u00a0<strong><em>\u00a0<a href=\"https:\/\/www.facebook.com\/senoticias1\" target=\"_blank\" rel=\"noreferrer noopener\">Facebook<\/a>\u00a0e\u00a0no<\/em>\u00a0<em><a href=\"https:\/\/twitter.com\/Senoticias\">X<\/a><\/p>\n<p>Da assessoria de imprensa<\/em><\/strong><\/p>\n<p>&nbsp;<\/p>\n","protected":false},"excerpt":{"rendered":"<p>O Partido Democr\u00e1tico Trabalhista (PDT) oficializou, nesta segunda-feira, 5, a candidatura de Luiz Roberto \u00e0 Prefeitura de Aracaju. A conven\u00e7\u00e3o partid\u00e1ria foi realizada no Iate Clube, no bairro 13 de Julho, com a presen\u00e7a do governador do Estado, F\u00e1bio Mitidieri, do prefeito de Aracaju, Edvaldo Nogueira, e de outros correligion\u00e1rios. Em discurso, o escolhido para [&hellip;]<\/p>\n","protected":false},"author":6557,"featured_media":0,"comment_status":"closed","ping_status":"closed","sticky":false,"template":"","format":"standard","meta":{"footnotes":""},"categories":[15,6],"tags":[7916,38426,3410,213],"class_list":{"0":"post-143561","1":"post","2":"type-post","3":"status-publish","4":"format-standard","6":"category-destaques","7":"category-politica","8":"tag-candidato","9":"tag-eleicoes-2024","10":"tag-luiz-roberto","11":"tag-prefeitura-de-aracaju"},"_links":{"self":[{"href":"https:\/\/senoticias.com.br\/se\/wp-json\/wp\/v2\/posts\/143561"}],"collection":[{"href":"https:\/\/senoticias.com.br\/se\/wp-json\/wp\/v2\/posts"}],"about":[{"href":"https:\/\/senoticias.com.br\/se\/wp-json\/wp\/v2\/types\/post"}],"author":[{"embeddable":true,"href":"https:\/\/senoticias.com.br\/se\/wp-json\/wp\/v2\/users\/6557"}],"replies":[{"embeddable":true,"href":"https:\/\/senoticias.com.br\/se\/wp-json\/wp\/v2\/comments?post=143561"}],"version-history":[{"count":0,"href":"https:\/\/senoticias.com.br\/se\/wp-json\/wp\/v2\/posts\/143561\/revisions"}],"wp:attachment":[{"href":"https:\/\/senoticias.com.br\/se\/wp-json\/wp\/v2\/media?parent=143561"}],"wp:term":[{"taxonomy":"category","embeddable":true,"href":"https:\/\/senoticias.com.br\/se\/wp-json\/wp\/v2\/categories?post=143561"},{"taxonomy":"post_tag","embeddable":true,"href":"https:\/\/senoticias.com.br\/se\/wp-json\/wp\/v2\/tags?post=143561"}],"curies":[{"name":"wp","href":"https:\/\/api.w.org\/{rel}","templated":true}]}}